{"id":127,"date":"2014-09-19T10:31:19","date_gmt":"2014-09-19T10:31:19","guid":{"rendered":"http:\/\/agora.xtec.cat\/iesguindavols\/?p=127"},"modified":"2023-05-03T11:31:22","modified_gmt":"2023-05-03T09:31:22","slug":"noticia-3","status":"publish","type":"post","link":"https:\/\/agora.xtec.cat\/iesguindavols\/eso-1\/noticia-3\/","title":{"rendered":"Not\u00edcia 3"},"content":{"rendered":"<p><a href=\"https:\/\/ampa.institutguindavols.cat\/\"><img loading=\"lazy\" decoding=\"async\" class=\"alignnone  wp-image-67214\" src=\"https:\/\/agora.xtec.cat\/iesguindavols\/wp-content\/uploads\/usu2923\/2014\/09\/ampa-1.png\" alt=\"\" width=\"277\" height=\"139\" srcset=\"https:\/\/agora.xtec.cat\/iesguindavols\/wp-content\/uploads\/usu2923\/2014\/09\/ampa-1.png 625w, https:\/\/agora.xtec.cat\/iesguindavols\/wp-content\/uploads\/usu2923\/2014\/09\/ampa-1-300x150.png 300w\" sizes=\"auto, (max-width: 277px) 100vw, 277px\" \/><\/a><\/p>\n<h3 class=\"post-title entry-title\" style=\"text-align: center;\"><em>\u201cCap de nosaltres \u00e9s tan bo com tots nosaltres junts\u201d\u00a0<\/em><\/h3>\n<h3 class=\"post-title entry-title\"><\/h3>\n<p><a href=\"https:\/\/agora.xtec.cat\/iesguindavols\/wp-content\/uploads\/usu2923\/2014\/09\/ampa1.png\"><img loading=\"lazy\" decoding=\"async\" class=\"alignnone wp-image-67211 aligncenter\" src=\"https:\/\/agora.xtec.cat\/iesguindavols\/wp-content\/uploads\/usu2923\/2014\/09\/ampa1.png\" alt=\"\" width=\"443\" height=\"296\" srcset=\"https:\/\/agora.xtec.cat\/iesguindavols\/wp-content\/uploads\/usu2923\/2014\/09\/ampa1.png 607w, https:\/\/agora.xtec.cat\/iesguindavols\/wp-content\/uploads\/usu2923\/2014\/09\/ampa1-300x201.png 300w\" sizes=\"auto, (max-width: 443px) 100vw, 443px\" \/><\/a><\/p>\n<p>L\u2019AMPA de l\u2019institut Guind\u00e0vols \u00e9s una associaci\u00f3 sense \u00e0nim de lucre que porta a terme una tasca volunt\u00e0ria i altruista de comunicaci\u00f3 entre la comunitat educativa, formada pel professorat, i les mares i pares dels estudiants del centre.<\/p>\n<p>Com a representants d\u2019aquesta AMPA, hi ha la Junta que est\u00e0 formada per un president, una secret\u00e0ria i una tresorera, que van canviant a mesura que els seus fills i filles passen a una altra etapa formativa o finalitzen els seus estudis en aquest centre.<\/p>\n<p>Per formar part d\u2019aquesta AMPA o ser soci\/a, simplement es demana una aportaci\u00f3 econ\u00f2mica en forma de quota anual als familiars dels estudiants, i aix\u00ed tamb\u00e9, d\u2019 aquesta manera, l\u2019AMPA pot col\u00b7laborar en algunes activitats i serveis que el centre demanda.<\/p>\n<p>Per con\u00e8ixer i estar al dia d\u2019aquestes col\u00b7laboracions, activitats, serveis de l\u2019AMPA, la Junta convoca cada curs escolar, al comen\u00e7ament del mateix, una Assemblea on de manera detallada s\u2019exposa i s\u2019explica tot el que s\u2019ha realitzat durant el curs anterior i en que es destinen els recursos econ\u00f2mics. Tamb\u00e9, s\u2019aprofita l\u2019ocasi\u00f3, per demanar als socis o pares, mares i\/o tutors legals, les seves aportacions, idees, millores, cr\u00edtiques constructives, col\u00b7laboracions que creguin oportunes i necess\u00e0ries per donar una millor resposta als nostres fills i filles.<\/p>\n","protected":false},"excerpt":{"rendered":"<p><a href=\"https:\/\/ampa.institutguindavols.cat\/\"><\/a><br \/>\n\u201cCap de nosaltres \u00e9s tan bo com tots nosaltres junts\u201d\u00a0<\/p>\n<p><a href=\"https:\/\/agora.xtec.cat\/iesguindavols\/wp-content\/uploads\/usu2923\/2014\/09\/ampa1.png\"><\/a><br \/>\nL\u2019AMPA de l\u2019institut Guind\u00e0vols \u00e9s una associaci\u00f3 sense \u00e0nim de lucre que porta a terme una tasca volunt\u00e0ria i altruista de comunicaci\u00f3 entre la comunitat educativa, formada pel professorat, i les mares i pares&hellip;  <a href=\"https:\/\/agora.xtec.cat\/iesguindavols\/eso-1\/noticia-3\/\" title=\"Read Not\u00edcia 3\">Llegeix m\u00e9s\u00bb<\/a><\/p>\n","protected":false},"author":1,"featured_media":0,"comment_status":"open","ping_status":"closed","sticky":false,"template":"","format":"standard","meta":{"_bbp_topic_count":0,"_bbp_reply_count":0,"_bbp_total_topic_count":0,"_bbp_total_reply_count":0,"_bbp_voice_count":0,"_bbp_anonymous_reply_count":0,"_bbp_topic_count_hidden":0,"_bbp_reply_count_hidden":0,"_bbp_forum_subforum_count":0,"footnotes":""},"categories":[31,8,4,5,15,16,6,25,26,29],"tags":[39,40],"class_list":["post-127","post","type-post","status-publish","format-standard","hentry","category-ampa","category-batxillerat","category-eso-1","category-eso-2","category-eso-2b","category-eso-2c","category-eso-3","category-eso-4b","category-eso-4c","category-portada","tag-sortides","tag-teatre"],"post_mailing_queue_ids":[],"_links":{"self":[{"href":"https:\/\/agora.xtec.cat\/iesguindavols\/wp-json\/wp\/v2\/posts\/127","targetHints":{"allow":["GET"]}}],"collection":[{"href":"https:\/\/agora.xtec.cat\/iesguindavols\/wp-json\/wp\/v2\/posts"}],"about":[{"href":"https:\/\/agora.xtec.cat\/iesguindavols\/wp-json\/wp\/v2\/types\/post"}],"author":[{"embeddable":true,"href":"https:\/\/agora.xtec.cat\/iesguindavols\/wp-json\/wp\/v2\/users\/1"}],"replies":[{"embeddable":true,"href":"https:\/\/agora.xtec.cat\/iesguindavols\/wp-json\/wp\/v2\/comments?post=127"}],"version-history":[{"count":3,"href":"https:\/\/agora.xtec.cat\/iesguindavols\/wp-json\/wp\/v2\/posts\/127\/revisions"}],"predecessor-version":[{"id":67213,"href":"https:\/\/agora.xtec.cat\/iesguindavols\/wp-json\/wp\/v2\/posts\/127\/revisions\/67213"}],"wp:attachment":[{"href":"https:\/\/agora.xtec.cat\/iesguindavols\/wp-json\/wp\/v2\/media?parent=127"}],"wp:term":[{"taxonomy":"category","embeddable":true,"href":"https:\/\/agora.xtec.cat\/iesguindavols\/wp-json\/wp\/v2\/categories?post=127"},{"taxonomy":"post_tag","embeddable":true,"href":"https:\/\/agora.xtec.cat\/iesguindavols\/wp-json\/wp\/v2\/tags?post=127"}],"curies":[{"name":"wp","href":"https:\/\/api.w.org\/{rel}","templated":true}]}}