{"id":127,"date":"2024-05-14T10:31:00","date_gmt":"2024-05-14T08:31:00","guid":{"rendered":"http:\/\/agora.xtec.cat\/iesguillemcata\/?p=127"},"modified":"2024-12-24T10:18:33","modified_gmt":"2024-12-24T09:18:33","slug":"noticia-3","status":"publish","type":"post","link":"https:\/\/agora.xtec.cat\/iesguillemcata\/eso\/eso-1\/noticia-3\/","title":{"rendered":"Primera collita a l&#8217;hort escolar"},"content":{"rendered":"\n<p>L&#8217;Institut Sant Jordi de Tarragona ha celebrat amb gran entusiasme la seva primera collita d&#8217;hortalisses, marcant un moment especial en el projecte de l&#8217;hort escolar que va comen\u00e7ar fa uns mesos. <\/p>\n\n\n\n<p>Els alumnes de d&#8217;ESO han estat treballant intensament en aquest projecte, on han apr\u00e8s sobre cultius ecol\u00f2gics i sostenibilitat.El passat divendres, els estudiants van recollir enciams, raves i pastanagues que ells mateixos van plantar i cuidar. &#8220;\u00c9s incre\u00efble veure els fruits del nostre esfor\u00e7. Hem apr\u00e8s molt sobre com creixen les plantes i la import\u00e0ncia de cuidar el medi ambient&#8221;, va comentar la Laura, una de les alumnes participants.<\/p>\n\n\n\n<p>La jornada va incloure una petita festa on els alumnes van compartir els productes collits amb la comunitat educativa. <\/p>\n\n\n\n<figure class=\"wp-block-gallery has-nested-images columns-default is-cropped wp-block-gallery-1 is-layout-flex wp-block-gallery-is-layout-flex\">\n<figure class=\"wp-block-image size-large\"><a href=\"https:\/\/agora.xtec.cat\/iesguillemcata\/wp-content\/uploads\/usu3601\/2014\/09\/hort1.jpg\"><img loading=\"lazy\" decoding=\"async\" width=\"600\" height=\"800\" data-id=\"637\" src=\"https:\/\/agora.xtec.cat\/iesguillemcata\/wp-content\/uploads\/usu3601\/2014\/09\/hort1.jpg\" alt=\"\" class=\"wp-image-637\" srcset=\"https:\/\/agora.xtec.cat\/iesguillemcata\/wp-content\/uploads\/usu3601\/2014\/09\/hort1.jpg 600w, https:\/\/agora.xtec.cat\/iesguillemcata\/wp-content\/uploads\/usu3601\/2014\/09\/hort1-225x300.jpg 225w\" sizes=\"auto, (max-width: 600px) 100vw, 600px\" \/><\/a><\/figure>\n\n\n\n<figure class=\"wp-block-image size-large\"><a href=\"https:\/\/agora.xtec.cat\/iesguillemcata\/wp-content\/uploads\/usu3601\/2014\/09\/hort2.jpg\"><img loading=\"lazy\" decoding=\"async\" width=\"600\" height=\"800\" data-id=\"638\" src=\"https:\/\/agora.xtec.cat\/iesguillemcata\/wp-content\/uploads\/usu3601\/2014\/09\/hort2.jpg\" alt=\"\" class=\"wp-image-638\" srcset=\"https:\/\/agora.xtec.cat\/iesguillemcata\/wp-content\/uploads\/usu3601\/2014\/09\/hort2.jpg 600w, https:\/\/agora.xtec.cat\/iesguillemcata\/wp-content\/uploads\/usu3601\/2014\/09\/hort2-225x300.jpg 225w\" sizes=\"auto, (max-width: 600px) 100vw, 600px\" \/><\/a><\/figure>\n\n\n\n<figure class=\"wp-block-image size-large\"><a href=\"https:\/\/agora.xtec.cat\/iesguillemcata\/wp-content\/uploads\/usu3601\/2014\/09\/hort3.jpg\"><img loading=\"lazy\" decoding=\"async\" width=\"600\" height=\"450\" data-id=\"639\" src=\"https:\/\/agora.xtec.cat\/iesguillemcata\/wp-content\/uploads\/usu3601\/2014\/09\/hort3.jpg\" alt=\"\" class=\"wp-image-639\" srcset=\"https:\/\/agora.xtec.cat\/iesguillemcata\/wp-content\/uploads\/usu3601\/2014\/09\/hort3.jpg 600w, https:\/\/agora.xtec.cat\/iesguillemcata\/wp-content\/uploads\/usu3601\/2014\/09\/hort3-300x225.jpg 300w\" sizes=\"auto, (max-width: 600px) 100vw, 600px\" \/><\/a><\/figure>\n\n\n\n<figure class=\"wp-block-image size-large\"><a href=\"https:\/\/agora.xtec.cat\/iesguillemcata\/wp-content\/uploads\/usu3601\/2014\/09\/plantant.jpg\"><img loading=\"lazy\" decoding=\"async\" width=\"1024\" height=\"765\" data-id=\"641\" src=\"https:\/\/agora.xtec.cat\/iesguillemcata\/wp-content\/uploads\/usu3601\/2014\/09\/plantant-1024x765.jpg\" alt=\"\" class=\"wp-image-641\" srcset=\"https:\/\/agora.xtec.cat\/iesguillemcata\/wp-content\/uploads\/usu3601\/2014\/09\/plantant-1024x765.jpg 1024w, https:\/\/agora.xtec.cat\/iesguillemcata\/wp-content\/uploads\/usu3601\/2014\/09\/plantant-300x224.jpg 300w, https:\/\/agora.xtec.cat\/iesguillemcata\/wp-content\/uploads\/usu3601\/2014\/09\/plantant-768x574.jpg 768w, https:\/\/agora.xtec.cat\/iesguillemcata\/wp-content\/uploads\/usu3601\/2014\/09\/plantant-1536x1148.jpg 1536w, https:\/\/agora.xtec.cat\/iesguillemcata\/wp-content\/uploads\/usu3601\/2014\/09\/plantant.jpg 1600w\" sizes=\"auto, (max-width: 1024px) 100vw, 1024px\" \/><\/a><\/figure>\n\n\n\n<figure class=\"wp-block-image size-large\"><a href=\"https:\/\/agora.xtec.cat\/iesguillemcata\/wp-content\/uploads\/usu3601\/2014\/09\/lechuga.jpg\"><img loading=\"lazy\" decoding=\"async\" width=\"1024\" height=\"765\" data-id=\"642\" src=\"https:\/\/agora.xtec.cat\/iesguillemcata\/wp-content\/uploads\/usu3601\/2014\/09\/lechuga-1024x765.jpg\" alt=\"\" class=\"wp-image-642\" srcset=\"https:\/\/agora.xtec.cat\/iesguillemcata\/wp-content\/uploads\/usu3601\/2014\/09\/lechuga-1024x765.jpg 1024w, https:\/\/agora.xtec.cat\/iesguillemcata\/wp-content\/uploads\/usu3601\/2014\/09\/lechuga-300x224.jpg 300w, https:\/\/agora.xtec.cat\/iesguillemcata\/wp-content\/uploads\/usu3601\/2014\/09\/lechuga-768x574.jpg 768w, https:\/\/agora.xtec.cat\/iesguillemcata\/wp-content\/uploads\/usu3601\/2014\/09\/lechuga-1536x1148.jpg 1536w, https:\/\/agora.xtec.cat\/iesguillemcata\/wp-content\/uploads\/usu3601\/2014\/09\/lechuga.jpg 1600w\" sizes=\"auto, (max-width: 1024px) 100vw, 1024px\" \/><\/a><\/figure>\n<\/figure>\n","protected":false},"excerpt":{"rendered":"<p>L&#8217;Institut Sant Jordi de Tarragona ha celebrat amb gran entusiasme la seva primera collita d&#8217;hortalisses, marcant un moment especial en el projecte de l&#8217;hort escolar que va comen\u00e7ar fa uns mesos. Els alumnes de d&#8217;ESO han estat treballant intensament en aquest projecte, on han apr\u00e8s sobre cultius ecol\u00f2gics i sostenibilitat.El passat divendres, els estudiants van [&hellip;]<\/p>\n","protected":false},"author":1,"featured_media":637,"comment_status":"open","ping_status":"open","sticky":false,"template":"","format":"standard","meta":{"site-sidebar-layout":"default","site-content-layout":"","ast-site-content-layout":"default","site-content-style":"default","site-sidebar-style":"default","ast-global-header-display":"","ast-banner-title-visibility":"","ast-main-header-display":"","ast-hfb-above-header-display":"","ast-hfb-below-header-display":"","ast-hfb-mobile-header-display":"","site-post-title":"","ast-breadcrumbs-content":"","ast-featured-img":"","footer-sml-layout":"","theme-transparent-header-meta":"","adv-header-id-meta":"","stick-header-meta":"","header-above-stick-meta":"","header-main-stick-meta":"","header-below-stick-meta":"","astra-migrate-meta-layouts":"set","ast-page-background-enabled":"default","ast-page-background-meta":{"desktop":{"background-color":"var(--ast-global-color-4)","background-image":"","background-repeat":"repeat","background-position":"center center","background-size":"auto","background-attachment":"scroll","background-type":"","background-media":"","overlay-type":"","overlay-color":"","overlay-opacity":"","overlay-gradient":""},"tablet":{"background-color":"","background-image":"","background-repeat":"repeat","background-position":"center center","background-size":"auto","background-attachment":"scroll","background-type":"","background-media":"","overlay-type":"","overlay-color":"","overlay-opacity":"","overlay-gradient":""},"mobile":{"background-color":"","background-image":"","background-repeat":"repeat","background-position":"center center","background-size":"auto","background-attachment":"scroll","background-type":"","background-media":"","overlay-type":"","overlay-color":"","overlay-opacity":"","overlay-gradient":""}},"ast-content-background-meta":{"desktop":{"background-color":"var(--ast-global-color-5)","background-image":"","background-repeat":"repeat","background-position":"center center","background-size":"auto","background-attachment":"scroll","background-type":"","background-media":"","overlay-type":"","overlay-color":"","overlay-opacity":"","overlay-gradient":""},"tablet":{"background-color":"var(--ast-global-color-5)","background-image":"","background-repeat":"repeat","background-position":"center center","background-size":"auto","background-attachment":"scroll","background-type":"","background-media":"","overlay-type":"","overlay-color":"","overlay-opacity":"","overlay-gradient":""},"mobile":{"background-color":"var(--ast-global-color-5)","background-image":"","background-repeat":"repeat","background-position":"center center","background-size":"auto","background-attachment":"scroll","background-type":"","background-media":"","overlay-type":"","overlay-color":"","overlay-opacity":"","overlay-gradient":""}},"footnotes":""},"categories":[31,8,4,5,29],"tags":[56,153,152],"class_list":["post-127","post","type-post","status-publish","format-standard","has-post-thumbnail","hentry","category-afa","category-batxillerat","category-eso-1","category-eso-2","category-portada","tag-escola-verda","tag-optativa","tag-projecte"],"post_mailing_queue_ids":[],"_links":{"self":[{"href":"https:\/\/agora.xtec.cat\/iesguillemcata\/wp-json\/wp\/v2\/posts\/127","targetHints":{"allow":["GET"]}}],"collection":[{"href":"https:\/\/agora.xtec.cat\/iesguillemcata\/wp-json\/wp\/v2\/posts"}],"about":[{"href":"https:\/\/agora.xtec.cat\/iesguillemcata\/wp-json\/wp\/v2\/types\/post"}],"author":[{"embeddable":true,"href":"https:\/\/agora.xtec.cat\/iesguillemcata\/wp-json\/wp\/v2\/users\/1"}],"replies":[{"embeddable":true,"href":"https:\/\/agora.xtec.cat\/iesguillemcata\/wp-json\/wp\/v2\/comments?post=127"}],"version-history":[{"count":1,"href":"https:\/\/agora.xtec.cat\/iesguillemcata\/wp-json\/wp\/v2\/posts\/127\/revisions"}],"predecessor-version":[{"id":643,"href":"https:\/\/agora.xtec.cat\/iesguillemcata\/wp-json\/wp\/v2\/posts\/127\/revisions\/643"}],"wp:featuredmedia":[{"embeddable":true,"href":"https:\/\/agora.xtec.cat\/iesguillemcata\/wp-json\/wp\/v2\/media\/637"}],"wp:attachment":[{"href":"https:\/\/agora.xtec.cat\/iesguillemcata\/wp-json\/wp\/v2\/media?parent=127"}],"wp:term":[{"taxonomy":"category","embeddable":true,"href":"https:\/\/agora.xtec.cat\/iesguillemcata\/wp-json\/wp\/v2\/categories?post=127"},{"taxonomy":"post_tag","embeddable":true,"href":"https:\/\/agora.xtec.cat\/iesguillemcata\/wp-json\/wp\/v2\/tags?post=127"}],"curies":[{"name":"wp","href":"https:\/\/api.w.org\/{rel}","templated":true}]}}