{"id":1567,"date":"2008-02-04T19:14:28","date_gmt":"2008-02-04T18:14:28","guid":{"rendered":"http:\/\/agora.xtec.cat\/iesguillembergueda\/general\/jornades-culturals-per-al-professorat\/"},"modified":"2016-07-14T22:58:00","modified_gmt":"2016-07-14T21:58:00","slug":"jornades-culturals-per-al-professorat","status":"publish","type":"post","link":"https:\/\/agora.xtec.cat\/iesguillembergueda\/portada\/jornades-culturals-per-al-professorat\/","title":{"rendered":"JORNADES CULTURALS PER AL PROFESSORAT"},"content":{"rendered":"<p>Dimarts, 5 de febrer de 2008, comencen les jornades culturals per a professors que, any rere any com ja \u00e9s tradici\u00f3, organitzen conjuntament l&#8217;IES Guillem de Bergued\u00e0 i la Delegaci\u00f3 del Col.legi de Doctors i Llicenciats del Bergued\u00e0.<br \/>\nEl tema d&#8217;enguany \u00e9s: EL MAR: BRESSOL DE VIDA.<br \/>\nSi voleu consultar la programaci\u00f3 completa d&#8217;aquestes jornades nom\u00e9s us cal ampliar aquesta not\u00edcia.<br \/>\n<!--more--><br \/>\nDimarts, 5 de febrer<br \/>\n18h.<br \/>\nDr. Joaquim Monturiol: &#8220;ICEBERG (Terranova, Labrador i Groenl\u00e0ndia)&#8221;<\/p>\n<p>Dilluns, 11 de febrer<br \/>\n18h.<br \/>\nTeresa Call: &#8220;MARENOSTRUM, del Parten\u00f3 a la Casa Blanca&#8221;<br \/>\nCrist\u00f3bal Esco\u00edn: &#8220;THALASA, gresol de sentiments&#8221;<\/p>\n<p>Dissabte, 16 de febrer<br \/>\n9h.<br \/>\nSortida direcci\u00f3 BARCELONA: visita a la zona portu\u00e0ria i recorregut amb lla\u00fct.<\/p>\n<p>Dilluns, 18 de febrer<br \/>\n18h.<br \/>\nDr. Joaquim Sala: &#8220;EUROPA, mar d&#8217;\u00eddees&#8221;<br \/>\nAleix Serra: &#8220;El mar i les seves influ\u00e8ncies en el temps&#8221;<\/p>\n<p>Dilluns, 3 de mar\u00e7<br \/>\n18h.<br \/>\nConcert a c\u00e0rrec de &#8220;M\u00daSICA S\u00daBITA&#8221; (Ferran Badal, Pere Camprub\u00ed, Jordi Espona, Marta Pagerols, Isabel Roca)<\/p>\n<p>Les xerrades tindran lloc a la Biblioteca de l&#8217;IES Guillem de Bergued\u00e0.<\/p>\n","protected":false},"excerpt":{"rendered":"<p>Dimarts, 5 de febrer de 2008, comencen les jornades culturals per a professors que, any rere any com ja \u00e9s tradici\u00f3, organitzen conjuntament l&#8217;IES Guillem de Bergued\u00e0 i la Delegaci\u00f3 del Col.legi de Doctors i Llicenciats del Bergued\u00e0. El tema d&#8217;enguany \u00e9s: EL MAR: BRESSOL DE VIDA. Si voleu consultar la programaci\u00f3 completa d&#8217;aquestes jornades [&hellip;]<\/p>\n","protected":false},"author":1,"featured_media":0,"comment_status":"open","ping_status":"open","sticky":false,"template":"","format":"standard","meta":{"_bbp_topic_count":0,"_bbp_reply_count":0,"_bbp_total_topic_count":0,"_bbp_total_reply_count":0,"_bbp_voice_count":0,"_bbp_anonymous_reply_count":0,"_bbp_topic_count_hidden":0,"_bbp_reply_count_hidden":0,"_bbp_forum_subforum_count":0,"site-sidebar-layout":"default","site-content-layout":"","ast-site-content-layout":"","site-content-style":"default","site-sidebar-style":"default","ast-global-header-display":"","ast-banner-title-visibility":"","ast-main-header-display":"","ast-hfb-above-header-display":"","ast-hfb-below-header-display":"","ast-hfb-mobile-header-display":"","site-post-title":"","ast-breadcrumbs-content":"","ast-featured-img":"","footer-sml-layout":"","theme-transparent-header-meta":"","adv-header-id-meta":"","stick-header-meta":"","header-above-stick-meta":"","header-main-stick-meta":"","header-below-stick-meta":"","astra-migrate-meta-layouts":"default","ast-page-background-enabled":"default","ast-page-background-meta":{"desktop":{"background-color":"var(--ast-global-color-4)","background-image":"","background-repeat":"repeat","background-position":"center center","background-size":"auto","background-attachment":"scroll","background-type":"","background-media":"","overlay-type":"","overlay-color":"","overlay-opacity":"","overlay-gradient":""},"tablet":{"background-color":"","background-image":"","background-repeat":"repeat","background-position":"center center","background-size":"auto","background-attachment":"scroll","background-type":"","background-media":"","overlay-type":"","overlay-color":"","overlay-opacity":"","overlay-gradient":""},"mobile":{"background-color":"","background-image":"","background-repeat":"repeat","background-position":"center center","background-size":"auto","background-attachment":"scroll","background-type":"","background-media":"","overlay-type":"","overlay-color":"","overlay-opacity":"","overlay-gradient":""}},"ast-content-background-meta":{"desktop":{"background-color":"var(--ast-global-color-5)","background-image":"","background-repeat":"repeat","background-position":"center center","background-size":"auto","background-attachment":"scroll","background-type":"","background-media":"","overlay-type":"","overlay-color":"","overlay-opacity":"","overlay-gradient":""},"tablet":{"background-color":"var(--ast-global-color-5)","background-image":"","background-repeat":"repeat","background-position":"center center","background-size":"auto","background-attachment":"scroll","background-type":"","background-media":"","overlay-type":"","overlay-color":"","overlay-opacity":"","overlay-gradient":""},"mobile":{"background-color":"var(--ast-global-color-5)","background-image":"","background-repeat":"repeat","background-position":"center center","background-size":"auto","background-attachment":"scroll","background-type":"","background-media":"","overlay-type":"","overlay-color":"","overlay-opacity":"","overlay-gradient":""}},"footnotes":""},"categories":[90,29],"tags":[],"class_list":["post-1567","post","type-post","status-publish","format-standard","hentry","category-administracio","category-portada"],"post_mailing_queue_ids":[],"_links":{"self":[{"href":"https:\/\/agora.xtec.cat\/iesguillembergueda\/wp-json\/wp\/v2\/posts\/1567","targetHints":{"allow":["GET"]}}],"collection":[{"href":"https:\/\/agora.xtec.cat\/iesguillembergueda\/wp-json\/wp\/v2\/posts"}],"about":[{"href":"https:\/\/agora.xtec.cat\/iesguillembergueda\/wp-json\/wp\/v2\/types\/post"}],"author":[{"embeddable":true,"href":"https:\/\/agora.xtec.cat\/iesguillembergueda\/wp-json\/wp\/v2\/users\/1"}],"replies":[{"embeddable":true,"href":"https:\/\/agora.xtec.cat\/iesguillembergueda\/wp-json\/wp\/v2\/comments?post=1567"}],"version-history":[{"count":1,"href":"https:\/\/agora.xtec.cat\/iesguillembergueda\/wp-json\/wp\/v2\/posts\/1567\/revisions"}],"predecessor-version":[{"id":1998,"href":"https:\/\/agora.xtec.cat\/iesguillembergueda\/wp-json\/wp\/v2\/posts\/1567\/revisions\/1998"}],"wp:attachment":[{"href":"https:\/\/agora.xtec.cat\/iesguillembergueda\/wp-json\/wp\/v2\/media?parent=1567"}],"wp:term":[{"taxonomy":"category","embeddable":true,"href":"https:\/\/agora.xtec.cat\/iesguillembergueda\/wp-json\/wp\/v2\/categories?post=1567"},{"taxonomy":"post_tag","embeddable":true,"href":"https:\/\/agora.xtec.cat\/iesguillembergueda\/wp-json\/wp\/v2\/tags?post=1567"}],"curies":[{"name":"wp","href":"https:\/\/api.w.org\/{rel}","templated":true}]}}