{"id":8544,"date":"2026-04-15T11:57:19","date_gmt":"2026-04-15T09:57:19","guid":{"rendered":"https:\/\/agora.xtec.cat\/iesgoya\/?p=8544"},"modified":"2026-04-15T12:02:41","modified_gmt":"2026-04-15T10:02:41","slug":"estudiants-de-1er-de-batxillerat-dialoguen-amb-la-ministra-despres-de-la-seva-visita-als-camps-nazis","status":"publish","type":"post","link":"https:\/\/agora.xtec.cat\/iesgoya\/general\/estudiants-de-1er-de-batxillerat-dialoguen-amb-la-ministra-despres-de-la-seva-visita-als-camps-nazis\/","title":{"rendered":"Estudiants de 1er de batxillerat dialoguen amb la ministra d&#8217;Educaci\u00f3, despr\u00e9s de la seva visita als camps nazis"},"content":{"rendered":"<p><span style=\"font-weight: 400;\">L\u2019alumnat de 1r de Batxillerat que participa en el Projecte de Mem\u00f2ria Hist\u00f2rica i Democr\u00e0tica, juntament amb l&#8217;Amical de Mauthausen i altres camps, i que recentment ha viatjat a Crac\u00f2via per visitar espais emblem\u00e0tics de la Segona Guerra Mundial, inclosa la visita a Auschwitz-Birkenau, ha participat, juntament amb altres centres educatius de Catalunya i de la resta de l\u2019Estat, en una videoconfer\u00e8ncia amb la ministra d\u2019Educaci\u00f3, Formaci\u00f3 Professional i Esports del Govern espanyol, Milagros Tol\u00f3n.<\/span><\/p>\n<p><span style=\"font-weight: 400;\">Durant la trobada, alguns alumnes han tingut l\u2019oportunitat de compartir la seva experi\u00e8ncia i reflexions a partir de les preguntes formulades per la ministra. La sessi\u00f3 ha posat en valor la import\u00e0ncia d\u2019aquest tipus d\u2019iniciatives per promoure la mem\u00f2ria hist\u00f2rica i fomentar els valors de la pau i la democr\u00e0cia davant l\u2019augment dels discursos d\u2019odi a la nostra societat.<\/span><\/p>\n<p><span style=\"font-weight: 400;\">La ministra ha encoratjat a donar continu\u00eftat a aquestes trobades com a espai de di\u00e0leg i reflexi\u00f3 compartida. En aquest enlla\u00e7 del ministeri trobareu la not\u00edcia publicada a la web del ministeri, en la qual es parla de la trobada.\u00a0<\/span><\/p>\n<p><span style=\"font-weight: 400;\">\u00a0<\/span><a href=\"https:\/\/www.educacionfpydeportes.gob.es\/prensa\/actualidad\/2026\/04\/20260409-campos.html\"><span style=\"font-weight: 400;\">https:\/\/www.educacionfpydeportes.gob.es\/prensa\/actualidad\/2026\/04\/20260409-campos.html<\/span><\/a><\/p>\n<p><a href=\"https:\/\/agora.xtec.cat\/iesgoya\/wp-content\/uploads\/usu1752\/2026\/04\/1775886063671-scaled.jpg\"><img loading=\"lazy\" decoding=\"async\" class=\"alignnone size-medium wp-image-8546\" src=\"https:\/\/agora.xtec.cat\/iesgoya\/wp-content\/uploads\/usu1752\/2026\/04\/1775886063671-300x226.jpg\" alt=\"\" width=\"300\" height=\"226\" srcset=\"https:\/\/agora.xtec.cat\/iesgoya\/wp-content\/uploads\/usu1752\/2026\/04\/1775886063671-300x226.jpg 300w, https:\/\/agora.xtec.cat\/iesgoya\/wp-content\/uploads\/usu1752\/2026\/04\/1775886063671-1024x771.jpg 1024w, https:\/\/agora.xtec.cat\/iesgoya\/wp-content\/uploads\/usu1752\/2026\/04\/1775886063671-768x578.jpg 768w, https:\/\/agora.xtec.cat\/iesgoya\/wp-content\/uploads\/usu1752\/2026\/04\/1775886063671-1536x1157.jpg 1536w, https:\/\/agora.xtec.cat\/iesgoya\/wp-content\/uploads\/usu1752\/2026\/04\/1775886063671-2048x1542.jpg 2048w, https:\/\/agora.xtec.cat\/iesgoya\/wp-content\/uploads\/usu1752\/2026\/04\/1775886063671-200x150.jpg 200w\" sizes=\"auto, (max-width: 300px) 100vw, 300px\" \/> \u00a0 \u00a0 <\/a><a href=\"https:\/\/agora.xtec.cat\/iesgoya\/wp-content\/uploads\/usu1752\/2026\/04\/1775886063695-scaled.jpg\"><img loading=\"lazy\" decoding=\"async\" class=\"alignnone size-medium wp-image-8547\" src=\"https:\/\/agora.xtec.cat\/iesgoya\/wp-content\/uploads\/usu1752\/2026\/04\/1775886063695-300x226.jpg\" alt=\"\" width=\"300\" height=\"226\" srcset=\"https:\/\/agora.xtec.cat\/iesgoya\/wp-content\/uploads\/usu1752\/2026\/04\/1775886063695-300x226.jpg 300w, https:\/\/agora.xtec.cat\/iesgoya\/wp-content\/uploads\/usu1752\/2026\/04\/1775886063695-1024x771.jpg 1024w, https:\/\/agora.xtec.cat\/iesgoya\/wp-content\/uploads\/usu1752\/2026\/04\/1775886063695-768x578.jpg 768w, https:\/\/agora.xtec.cat\/iesgoya\/wp-content\/uploads\/usu1752\/2026\/04\/1775886063695-1536x1157.jpg 1536w, https:\/\/agora.xtec.cat\/iesgoya\/wp-content\/uploads\/usu1752\/2026\/04\/1775886063695-2048x1542.jpg 2048w, https:\/\/agora.xtec.cat\/iesgoya\/wp-content\/uploads\/usu1752\/2026\/04\/1775886063695-200x150.jpg 200w\" sizes=\"auto, (max-width: 300px) 100vw, 300px\" \/>\u00a0 \u00a0 \u00a0<\/a><\/p>\n","protected":false},"excerpt":{"rendered":"<p>L\u2019alumnat de 1r de Batxillerat que participa en el Projecte de Mem\u00f2ria Hist\u00f2rica i Democr\u00e0tica, juntament amb l&#8217;Amical de Mauthausen i altres camps, i que recentment ha viatjat a Crac\u00f2via per visitar espais emblem\u00e0tics de la Segona Guerra Mundial, inclosa la visita a Auschwitz-Birkenau, ha&hellip;  <a href=\"https:\/\/agora.xtec.cat\/iesgoya\/general\/estudiants-de-1er-de-batxillerat-dialoguen-amb-la-ministra-despres-de-la-seva-visita-als-camps-nazis\/\" title=\"Read Estudiants de 1er de batxillerat dialoguen amb la ministra d&#8217;Educaci\u00f3, despr\u00e9s de la seva visita als camps nazis\">Llegeix m\u00e9s\u00bb<\/a><\/p>\n","protected":false},"author":1,"featured_media":8545,"comment_status":"closed","ping_status":"open","sticky":false,"template":"","format":"standard","meta":{"_bbp_topic_count":0,"_bbp_reply_count":0,"_bbp_total_topic_count":0,"_bbp_total_reply_count":0,"_bbp_voice_count":0,"_bbp_anonymous_reply_count":0,"_bbp_topic_count_hidden":0,"_bbp_reply_count_hidden":0,"_bbp_forum_subforum_count":0,"footnotes":""},"categories":[1],"tags":[],"class_list":["post-8544","post","type-post","status-publish","format-standard","has-post-thumbnail","hentry","category-general"],"post_mailing_queue_ids":[],"_links":{"self":[{"href":"https:\/\/agora.xtec.cat\/iesgoya\/wp-json\/wp\/v2\/posts\/8544","targetHints":{"allow":["GET"]}}],"collection":[{"href":"https:\/\/agora.xtec.cat\/iesgoya\/wp-json\/wp\/v2\/posts"}],"about":[{"href":"https:\/\/agora.xtec.cat\/iesgoya\/wp-json\/wp\/v2\/types\/post"}],"author":[{"embeddable":true,"href":"https:\/\/agora.xtec.cat\/iesgoya\/wp-json\/wp\/v2\/users\/1"}],"replies":[{"embeddable":true,"href":"https:\/\/agora.xtec.cat\/iesgoya\/wp-json\/wp\/v2\/comments?post=8544"}],"version-history":[{"count":3,"href":"https:\/\/agora.xtec.cat\/iesgoya\/wp-json\/wp\/v2\/posts\/8544\/revisions"}],"predecessor-version":[{"id":8550,"href":"https:\/\/agora.xtec.cat\/iesgoya\/wp-json\/wp\/v2\/posts\/8544\/revisions\/8550"}],"wp:featuredmedia":[{"embeddable":true,"href":"https:\/\/agora.xtec.cat\/iesgoya\/wp-json\/wp\/v2\/media\/8545"}],"wp:attachment":[{"href":"https:\/\/agora.xtec.cat\/iesgoya\/wp-json\/wp\/v2\/media?parent=8544"}],"wp:term":[{"taxonomy":"category","embeddable":true,"href":"https:\/\/agora.xtec.cat\/iesgoya\/wp-json\/wp\/v2\/categories?post=8544"},{"taxonomy":"post_tag","embeddable":true,"href":"https:\/\/agora.xtec.cat\/iesgoya\/wp-json\/wp\/v2\/tags?post=8544"}],"curies":[{"name":"wp","href":"https:\/\/api.w.org\/{rel}","templated":true}]}}