{"id":955,"date":"2019-05-28T14:01:23","date_gmt":"2019-05-28T12:01:23","guid":{"rendered":"http:\/\/agora.xtec.cat\/iesgerbert\/?p=955"},"modified":"2019-09-12T12:58:53","modified_gmt":"2019-09-12T10:58:53","slug":"comenca-el-periode-de-preinscripcio-al-nostre-cicle-formatiu","status":"publish","type":"post","link":"https:\/\/agora.xtec.cat\/iesgerbert\/general\/comenca-el-periode-de-preinscripcio-al-nostre-cicle-formatiu\/","title":{"rendered":"COMEN\u00c7A LA PREINSCRIPCI\u00d3 AL CICLE FORMATIU!"},"content":{"rendered":"<ul>\n<li>Ets una persona comunicativa, creativa i amb esperit d&#8217;innovaci\u00f3?<\/li>\n<li>Tens inter\u00e8s pel disseny, la imatge i la comunicaci\u00f3 social i empresarial?<\/li>\n<li>Destaques pel teu enginy i capacitat cr\u00edtica i d&#8217;an\u00e0lisi?<\/li>\n<\/ul>\n<p>Si ets una persona creativa, que t&#8217;agrada el m\u00f3n de la publicitat i les relacions p\u00fabliques i el m\u00e0rqueting digital, aquest \u00e9s el teu cicle!<\/p>\n<p>Un cicle formatiu de dos cursos, en torn de mati\u00a0amb modalitat dual a Sant Fruit\u00f3s de Bages!<\/p>\n<p>Anima\u00b4t!<\/p>\n<p><strong>PER\u00cdODE DE PREINSCRIPCI\u00d3 DEL 29 DE MAIG AL 5 DE JUNY!<\/strong><\/p>\n<p><img loading=\"lazy\" decoding=\"async\" class=\"wp-image-563 alignleft\" src=\"https:\/\/agora.xtec.cat\/iesgerbert\/wp-content\/uploads\/usu668\/2019\/04\/DUAL_alta-300x300.jpg\" alt=\"\" width=\"352\" height=\"352\" srcset=\"https:\/\/agora.xtec.cat\/iesgerbert\/wp-content\/uploads\/usu668\/2019\/04\/DUAL_alta-300x300.jpg 300w, https:\/\/agora.xtec.cat\/iesgerbert\/wp-content\/uploads\/usu668\/2019\/04\/DUAL_alta-150x150.jpg 150w, https:\/\/agora.xtec.cat\/iesgerbert\/wp-content\/uploads\/usu668\/2019\/04\/DUAL_alta.jpg 553w\" sizes=\"auto, (max-width: 352px) 100vw, 352px\" \/><\/p>\n","protected":false},"excerpt":{"rendered":"<p>Ets una persona comunicativa, creativa i amb esperit d&#8217;innovaci\u00f3? Tens inter\u00e8s pel disseny, la imatge i la comunicaci\u00f3 social i empresarial? Destaques pel teu enginy i capacitat cr\u00edtica i d&#8217;an\u00e0lisi? Si ets una persona creativa, que t&#8217;agrada el m\u00f3n de la publicitat i les relacions p\u00fabliques i el m\u00e0rqueting digital, aquest \u00e9s el teu cicle! [&hellip;]<\/p>\n","protected":false},"author":1,"featured_media":853,"comment_status":"open","ping_status":"closed","sticky":false,"template":"","format":"standard","meta":{"_bbp_topic_count":0,"_bbp_reply_count":0,"_bbp_total_topic_count":0,"_bbp_total_reply_count":0,"_bbp_voice_count":0,"_bbp_anonymous_reply_count":0,"_bbp_topic_count_hidden":0,"_bbp_reply_count_hidden":0,"_bbp_forum_subforum_count":0,"site-sidebar-layout":"default","site-content-layout":"","ast-site-content-layout":"","site-content-style":"default","site-sidebar-style":"default","ast-global-header-display":"","ast-banner-title-visibility":"","ast-main-header-display":"","ast-hfb-above-header-display":"","ast-hfb-below-header-display":"","ast-hfb-mobile-header-display":"","site-post-title":"","ast-breadcrumbs-content":"","ast-featured-img":"","footer-sml-layout":"","theme-transparent-header-meta":"","adv-header-id-meta":"","stick-header-meta":"","header-above-stick-meta":"","header-main-stick-meta":"","header-below-stick-meta":"","astra-migrate-meta-layouts":"default","ast-page-background-enabled":"default","ast-page-background-meta":{"desktop":{"background-color":"var(--ast-global-color-4)","background-image":"","background-repeat":"repeat","background-position":"center center","background-size":"auto","background-attachment":"scroll","background-type":"","background-media":"","overlay-type":"","overlay-color":"","overlay-opacity":"","overlay-gradient":""},"tablet":{"background-color":"","background-image":"","background-repeat":"repeat","background-position":"center center","background-size":"auto","background-attachment":"scroll","background-type":"","background-media":"","overlay-type":"","overlay-color":"","overlay-opacity":"","overlay-gradient":""},"mobile":{"background-color":"","background-image":"","background-repeat":"repeat","background-position":"center center","background-size":"auto","background-attachment":"scroll","background-type":"","background-media":"","overlay-type":"","overlay-color":"","overlay-opacity":"","overlay-gradient":""}},"ast-content-background-meta":{"desktop":{"background-color":"var(--ast-global-color-5)","background-image":"","background-repeat":"repeat","background-position":"center center","background-size":"auto","background-attachment":"scroll","background-type":"","background-media":"","overlay-type":"","overlay-color":"","overlay-opacity":"","overlay-gradient":""},"tablet":{"background-color":"var(--ast-global-color-5)","background-image":"","background-repeat":"repeat","background-position":"center center","background-size":"auto","background-attachment":"scroll","background-type":"","background-media":"","overlay-type":"","overlay-color":"","overlay-opacity":"","overlay-gradient":""},"mobile":{"background-color":"var(--ast-global-color-5)","background-image":"","background-repeat":"repeat","background-position":"center center","background-size":"auto","background-attachment":"scroll","background-type":"","background-media":"","overlay-type":"","overlay-color":"","overlay-opacity":"","overlay-gradient":""}},"footnotes":""},"categories":[31,1,30],"tags":[],"class_list":["post-955","post","type-post","status-publish","format-standard","has-post-thumbnail","hentry","category-afa","category-general","category-programa-formacio-insercio"],"post_mailing_queue_ids":[],"_links":{"self":[{"href":"https:\/\/agora.xtec.cat\/iesgerbert\/wp-json\/wp\/v2\/posts\/955","targetHints":{"allow":["GET"]}}],"collection":[{"href":"https:\/\/agora.xtec.cat\/iesgerbert\/wp-json\/wp\/v2\/posts"}],"about":[{"href":"https:\/\/agora.xtec.cat\/iesgerbert\/wp-json\/wp\/v2\/types\/post"}],"author":[{"embeddable":true,"href":"https:\/\/agora.xtec.cat\/iesgerbert\/wp-json\/wp\/v2\/users\/1"}],"replies":[{"embeddable":true,"href":"https:\/\/agora.xtec.cat\/iesgerbert\/wp-json\/wp\/v2\/comments?post=955"}],"version-history":[{"count":3,"href":"https:\/\/agora.xtec.cat\/iesgerbert\/wp-json\/wp\/v2\/posts\/955\/revisions"}],"predecessor-version":[{"id":964,"href":"https:\/\/agora.xtec.cat\/iesgerbert\/wp-json\/wp\/v2\/posts\/955\/revisions\/964"}],"wp:featuredmedia":[{"embeddable":true,"href":"https:\/\/agora.xtec.cat\/iesgerbert\/wp-json\/wp\/v2\/media\/853"}],"wp:attachment":[{"href":"https:\/\/agora.xtec.cat\/iesgerbert\/wp-json\/wp\/v2\/media?parent=955"}],"wp:term":[{"taxonomy":"category","embeddable":true,"href":"https:\/\/agora.xtec.cat\/iesgerbert\/wp-json\/wp\/v2\/categories?post=955"},{"taxonomy":"post_tag","embeddable":true,"href":"https:\/\/agora.xtec.cat\/iesgerbert\/wp-json\/wp\/v2\/tags?post=955"}],"curies":[{"name":"wp","href":"https:\/\/api.w.org\/{rel}","templated":true}]}}