{"id":9505,"date":"2023-03-21T08:00:57","date_gmt":"2023-03-21T07:00:57","guid":{"rendered":"https:\/\/agora.xtec.cat\/iesgerbert\/?p=9505"},"modified":"2023-03-17T11:01:13","modified_gmt":"2023-03-17T10:01:13","slug":"parlem-del-projecte-rockin-a-ona-bages","status":"publish","type":"post","link":"https:\/\/agora.xtec.cat\/iesgerbert\/general\/parlem-del-projecte-rockin-a-ona-bages\/","title":{"rendered":"PARLEM DEL PROJECTE ROCK&#8217;IN A ONA BAGES"},"content":{"rendered":"<p style=\"text-align: justify;\">Fa uns dies, Ona Bages R\u00e0dio Sant Fruit\u00f3s es va despla\u00e7ar fins a l&#8217;aula de m\u00fasica del nostre centre per entrevistar alumnat i professorat implicat en el projecte Rock\u2019in. Aquest projecte, que es porta a terme al nostre centre i a una vintena m\u00e9s d&#8217;instituts de Catalunya ha perm\u00e8s dotar la nostra aula de m\u00fasica amb ordinadors, teclats, guitarres el\u00e8ctriques, baixos i bateries el\u00e8ctriques. Tota aquesta dotaci\u00f3 d\u2019instruments, a m\u00e9s d&#8217;amplificadors, cables i dem\u00e9s permet crear combos a l\u2019aula on cada alumne es converteix en un m\u00fasic especialista del seu instrument. A continuaci\u00f3, podeu escoltar l&#8217;entrevista sencera clicant sobre la segona o la tercera imatge o la tercera imatge.<\/p>\n<p><a href=\"https:\/\/agora.xtec.cat\/iesgerbert\/wp-content\/uploads\/usu668\/2023\/03\/Captura1.png\"><img loading=\"lazy\" decoding=\"async\" class=\"alignnone size-full wp-image-9507\" src=\"https:\/\/agora.xtec.cat\/iesgerbert\/wp-content\/uploads\/usu668\/2023\/03\/Captura1.png\" alt=\"\" width=\"920\" height=\"330\" srcset=\"https:\/\/agora.xtec.cat\/iesgerbert\/wp-content\/uploads\/usu668\/2023\/03\/Captura1.png 920w, https:\/\/agora.xtec.cat\/iesgerbert\/wp-content\/uploads\/usu668\/2023\/03\/Captura1-300x108.png 300w, https:\/\/agora.xtec.cat\/iesgerbert\/wp-content\/uploads\/usu668\/2023\/03\/Captura1-768x275.png 768w\" sizes=\"auto, (max-width: 920px) 100vw, 920px\" \/><\/a><\/p>\n<p><a href=\"https:\/\/onabages.cat\/linstitut-gerbert-daurillach-ha-posat-en-marxa-el-projecte-musical-rocking-nhem-parlat-amb-alumnes-i-professors\/\"><img loading=\"lazy\" decoding=\"async\" class=\"alignnone wp-image-9508 size-large\" src=\"https:\/\/agora.xtec.cat\/iesgerbert\/wp-content\/uploads\/usu668\/2023\/03\/Captura2-1024x299.png\" alt=\"\" width=\"1024\" height=\"299\" srcset=\"https:\/\/agora.xtec.cat\/iesgerbert\/wp-content\/uploads\/usu668\/2023\/03\/Captura2-1024x299.png 1024w, https:\/\/agora.xtec.cat\/iesgerbert\/wp-content\/uploads\/usu668\/2023\/03\/Captura2-300x88.png 300w, https:\/\/agora.xtec.cat\/iesgerbert\/wp-content\/uploads\/usu668\/2023\/03\/Captura2-768x224.png 768w, https:\/\/agora.xtec.cat\/iesgerbert\/wp-content\/uploads\/usu668\/2023\/03\/Captura2.png 1133w\" sizes=\"auto, (max-width: 1024px) 100vw, 1024px\" \/><\/a><\/p>\n<blockquote class=\"wp-embedded-content\" data-secret=\"OUlzOzlLfx\"><p><a href=\"https:\/\/onabages.cat\/linstitut-gerbert-daurillach-ha-posat-en-marxa-el-projecte-musical-rocking-nhem-parlat-amb-alumnes-i-professors\/\">L&#8217;Institut Gerbert d&#8217;Aurillach ha posat en marxa el projecte musical &#8216;Rocking&#8217;. N&#8217;hem parlat amb alumnes i professors<\/a><\/p><\/blockquote>\n<p><iframe loading=\"lazy\" class=\"wp-embedded-content\" sandbox=\"allow-scripts\" security=\"restricted\" style=\"position: absolute; clip: rect(1px, 1px, 1px, 1px);\" title=\"&#8220;L&#8217;Institut Gerbert d&#8217;Aurillach ha posat en marxa el projecte musical &#8216;Rocking&#8217;. N&#8217;hem parlat amb alumnes i professors&#8221; &#8212; Ona Bages\" src=\"https:\/\/onabages.cat\/linstitut-gerbert-daurillach-ha-posat-en-marxa-el-projecte-musical-rocking-nhem-parlat-amb-alumnes-i-professors\/embed\/#?secret=1rRxjMFlvs#?secret=OUlzOzlLfx\" data-secret=\"OUlzOzlLfx\" width=\"500\" height=\"282\" frameborder=\"0\" marginwidth=\"0\" marginheight=\"0\" scrolling=\"no\"><\/iframe><\/p>\n","protected":false},"excerpt":{"rendered":"<p>Fa uns dies, Ona Bages R\u00e0dio Sant Fruit\u00f3s es va despla\u00e7ar fins a l&#8217;aula de m\u00fasica del nostre centre per entrevistar alumnat i professorat implicat en el projecte Rock\u2019in. Aquest projecte, que es porta a terme al nostre centre i a una vintena m\u00e9s d&#8217;instituts de Catalunya ha perm\u00e8s dotar la nostra aula de m\u00fasica amb ordinadors, teclats, guitarres el\u00e8ctriques, baixos i bateries el\u00e8ctriques.<\/p>\n","protected":false},"author":6,"featured_media":9507,"comment_status":"open","ping_status":"closed","sticky":false,"template":"","format":"standard","meta":{"_bbp_topic_count":0,"_bbp_reply_count":0,"_bbp_total_topic_count":0,"_bbp_total_reply_count":0,"_bbp_voice_count":0,"_bbp_anonymous_reply_count":0,"_bbp_topic_count_hidden":0,"_bbp_reply_count_hidden":0,"_bbp_forum_subforum_count":0,"site-sidebar-layout":"default","site-content-layout":"","ast-site-content-layout":"","site-content-style":"default","site-sidebar-style":"default","ast-global-header-display":"","ast-banner-title-visibility":"","ast-main-header-display":"","ast-hfb-above-header-display":"","ast-hfb-below-header-display":"","ast-hfb-mobile-header-display":"","site-post-title":"","ast-breadcrumbs-content":"","ast-featured-img":"","footer-sml-layout":"","theme-transparent-header-meta":"","adv-header-id-meta":"","stick-header-meta":"","header-above-stick-meta":"","header-main-stick-meta":"","header-below-stick-meta":"","astra-migrate-meta-layouts":"default","ast-page-background-enabled":"default","ast-page-background-meta":{"desktop":{"background-color":"var(--ast-global-color-4)","background-image":"","background-repeat":"repeat","background-position":"center center","background-size":"auto","background-attachment":"scroll","background-type":"","background-media":"","overlay-type":"","overlay-color":"","overlay-opacity":"","overlay-gradient":""},"tablet":{"background-color":"","background-image":"","background-repeat":"repeat","background-position":"center center","background-size":"auto","background-attachment":"scroll","background-type":"","background-media":"","overlay-type":"","overlay-color":"","overlay-opacity":"","overlay-gradient":""},"mobile":{"background-color":"","background-image":"","background-repeat":"repeat","background-position":"center center","background-size":"auto","background-attachment":"scroll","background-type":"","background-media":"","overlay-type":"","overlay-color":"","overlay-opacity":"","overlay-gradient":""}},"ast-content-background-meta":{"desktop":{"background-color":"var(--ast-global-color-5)","background-image":"","background-repeat":"repeat","background-position":"center center","background-size":"auto","background-attachment":"scroll","background-type":"","background-media":"","overlay-type":"","overlay-color":"","overlay-opacity":"","overlay-gradient":""},"tablet":{"background-color":"var(--ast-global-color-5)","background-image":"","background-repeat":"repeat","background-position":"center center","background-size":"auto","background-attachment":"scroll","background-type":"","background-media":"","overlay-type":"","overlay-color":"","overlay-opacity":"","overlay-gradient":""},"mobile":{"background-color":"var(--ast-global-color-5)","background-image":"","background-repeat":"repeat","background-position":"center center","background-size":"auto","background-attachment":"scroll","background-type":"","background-media":"","overlay-type":"","overlay-color":"","overlay-opacity":"","overlay-gradient":""}},"footnotes":""},"categories":[31,4,1,29],"tags":[],"class_list":["post-9505","post","type-post","status-publish","format-standard","has-post-thumbnail","hentry","category-afa","category-eso-1","category-general","category-portada"],"post_mailing_queue_ids":[],"_links":{"self":[{"href":"https:\/\/agora.xtec.cat\/iesgerbert\/wp-json\/wp\/v2\/posts\/9505","targetHints":{"allow":["GET"]}}],"collection":[{"href":"https:\/\/agora.xtec.cat\/iesgerbert\/wp-json\/wp\/v2\/posts"}],"about":[{"href":"https:\/\/agora.xtec.cat\/iesgerbert\/wp-json\/wp\/v2\/types\/post"}],"author":[{"embeddable":true,"href":"https:\/\/agora.xtec.cat\/iesgerbert\/wp-json\/wp\/v2\/users\/6"}],"replies":[{"embeddable":true,"href":"https:\/\/agora.xtec.cat\/iesgerbert\/wp-json\/wp\/v2\/comments?post=9505"}],"version-history":[{"count":3,"href":"https:\/\/agora.xtec.cat\/iesgerbert\/wp-json\/wp\/v2\/posts\/9505\/revisions"}],"predecessor-version":[{"id":9512,"href":"https:\/\/agora.xtec.cat\/iesgerbert\/wp-json\/wp\/v2\/posts\/9505\/revisions\/9512"}],"wp:featuredmedia":[{"embeddable":true,"href":"https:\/\/agora.xtec.cat\/iesgerbert\/wp-json\/wp\/v2\/media\/9507"}],"wp:attachment":[{"href":"https:\/\/agora.xtec.cat\/iesgerbert\/wp-json\/wp\/v2\/media?parent=9505"}],"wp:term":[{"taxonomy":"category","embeddable":true,"href":"https:\/\/agora.xtec.cat\/iesgerbert\/wp-json\/wp\/v2\/categories?post=9505"},{"taxonomy":"post_tag","embeddable":true,"href":"https:\/\/agora.xtec.cat\/iesgerbert\/wp-json\/wp\/v2\/tags?post=9505"}],"curies":[{"name":"wp","href":"https:\/\/api.w.org\/{rel}","templated":true}]}}