{"id":9349,"date":"2023-02-23T09:49:30","date_gmt":"2023-02-23T08:49:30","guid":{"rendered":"https:\/\/agora.xtec.cat\/iesgerbert\/?p=9349"},"modified":"2023-03-13T14:01:06","modified_gmt":"2023-03-13T13:01:06","slug":"segon-consell-de-delegats-i-delegades-del-curs-22-23","status":"publish","type":"post","link":"https:\/\/agora.xtec.cat\/iesgerbert\/general\/segon-consell-de-delegats-i-delegades-del-curs-22-23\/","title":{"rendered":"SEGON CONSELL DE DELEGATS I DELEGADES DEL CURS 22-23"},"content":{"rendered":"<p style=\"text-align: justify;\">El passat divendres 17 de febrer es va convocar el segon Consell de delegats i delegades d\u2019aquest curs 2022-2023 a la biblioteca del nostre centre. Es va fer el retorn d\u2019algunes demandes i suggeriments que van sorgir al primer Consell com , per exemple, la setmana d\u2019ex\u00e0mens a batxillerat i que actualment estem provant.<\/p>\n<p style=\"text-align: justify;\">Tamb\u00e9 es va parlar de petits detalls del dia a dia que entre tots i totes poden fer millorar la conviv\u00e8ncia a l\u2019institut i fer-nos sentir m\u00e9s c\u00f2modes. Al final de la reuni\u00f3 es va plantejar la figura dels delegats ambientals per comen\u00e7ar a treballar aquest tema amb una major implicaci\u00f3 per part de tota la comunitat educativa.<br \/>\nQuina meravella de joves!<\/p>\n<p><strong>Imma Pons, coordinadora pedag\u00f2gica<\/strong><\/p>\n<p><a href=\"https:\/\/agora.xtec.cat\/iesgerbert\/wp-content\/uploads\/usu668\/2023\/02\/IMG-20230217-WA0011.jpg\"><img loading=\"lazy\" decoding=\"async\" class=\"alignnone wp-image-9347\" src=\"https:\/\/agora.xtec.cat\/iesgerbert\/wp-content\/uploads\/usu668\/2023\/02\/IMG-20230217-WA0011.jpg\" alt=\"\" width=\"414\" height=\"233\" srcset=\"https:\/\/agora.xtec.cat\/iesgerbert\/wp-content\/uploads\/usu668\/2023\/02\/IMG-20230217-WA0011.jpg 800w, https:\/\/agora.xtec.cat\/iesgerbert\/wp-content\/uploads\/usu668\/2023\/02\/IMG-20230217-WA0011-300x169.jpg 300w, https:\/\/agora.xtec.cat\/iesgerbert\/wp-content\/uploads\/usu668\/2023\/02\/IMG-20230217-WA0011-768x433.jpg 768w\" sizes=\"auto, (max-width: 414px) 100vw, 414px\" \/> <\/a><a href=\"https:\/\/agora.xtec.cat\/iesgerbert\/wp-content\/uploads\/usu668\/2023\/02\/IMG-20230217-WA0014.jpg\"><img loading=\"lazy\" decoding=\"async\" class=\"alignnone wp-image-9348\" src=\"https:\/\/agora.xtec.cat\/iesgerbert\/wp-content\/uploads\/usu668\/2023\/02\/IMG-20230217-WA0014.jpg\" alt=\"\" width=\"413\" height=\"233\" srcset=\"https:\/\/agora.xtec.cat\/iesgerbert\/wp-content\/uploads\/usu668\/2023\/02\/IMG-20230217-WA0014.jpg 800w, https:\/\/agora.xtec.cat\/iesgerbert\/wp-content\/uploads\/usu668\/2023\/02\/IMG-20230217-WA0014-300x169.jpg 300w, https:\/\/agora.xtec.cat\/iesgerbert\/wp-content\/uploads\/usu668\/2023\/02\/IMG-20230217-WA0014-768x433.jpg 768w\" sizes=\"auto, (max-width: 413px) 100vw, 413px\" \/><\/a><\/p>\n","protected":false},"excerpt":{"rendered":"<p>El passat divendres 17 de febrer es va convocar el segon Consell de delegats i delegades d\u2019aquest curs 2022-2023 a la biblioteca del nostre centre. Es va fer el retorn d\u2019algunes demandes i suggeriments que van sorgir al primer Consell com , per exemple, la setmana d\u2019ex\u00e0mens a batxillerat i que actualment estem provant.<\/p>\n","protected":false},"author":6,"featured_media":9347,"comment_status":"open","ping_status":"closed","sticky":false,"template":"","format":"standard","meta":{"_bbp_topic_count":0,"_bbp_reply_count":0,"_bbp_total_topic_count":0,"_bbp_total_reply_count":0,"_bbp_voice_count":0,"_bbp_anonymous_reply_count":0,"_bbp_topic_count_hidden":0,"_bbp_reply_count_hidden":0,"_bbp_forum_subforum_count":0,"site-sidebar-layout":"default","site-content-layout":"","ast-site-content-layout":"","site-content-style":"default","site-sidebar-style":"default","ast-global-header-display":"","ast-banner-title-visibility":"","ast-main-header-display":"","ast-hfb-above-header-display":"","ast-hfb-below-header-display":"","ast-hfb-mobile-header-display":"","site-post-title":"","ast-breadcrumbs-content":"","ast-featured-img":"","footer-sml-layout":"","theme-transparent-header-meta":"","adv-header-id-meta":"","stick-header-meta":"","header-above-stick-meta":"","header-main-stick-meta":"","header-below-stick-meta":"","astra-migrate-meta-layouts":"default","ast-page-background-enabled":"default","ast-page-background-meta":{"desktop":{"background-color":"var(--ast-global-color-4)","background-image":"","background-repeat":"repeat","background-position":"center center","background-size":"auto","background-attachment":"scroll","background-type":"","background-media":"","overlay-type":"","overlay-color":"","overlay-opacity":"","overlay-gradient":""},"tablet":{"background-color":"","background-image":"","background-repeat":"repeat","background-position":"center center","background-size":"auto","background-attachment":"scroll","background-type":"","background-media":"","overlay-type":"","overlay-color":"","overlay-opacity":"","overlay-gradient":""},"mobile":{"background-color":"","background-image":"","background-repeat":"repeat","background-position":"center center","background-size":"auto","background-attachment":"scroll","background-type":"","background-media":"","overlay-type":"","overlay-color":"","overlay-opacity":"","overlay-gradient":""}},"ast-content-background-meta":{"desktop":{"background-color":"var(--ast-global-color-5)","background-image":"","background-repeat":"repeat","background-position":"center center","background-size":"auto","background-attachment":"scroll","background-type":"","background-media":"","overlay-type":"","overlay-color":"","overlay-opacity":"","overlay-gradient":""},"tablet":{"background-color":"var(--ast-global-color-5)","background-image":"","background-repeat":"repeat","background-position":"center center","background-size":"auto","background-attachment":"scroll","background-type":"","background-media":"","overlay-type":"","overlay-color":"","overlay-opacity":"","overlay-gradient":""},"mobile":{"background-color":"var(--ast-global-color-5)","background-image":"","background-repeat":"repeat","background-position":"center center","background-size":"auto","background-attachment":"scroll","background-type":"","background-media":"","overlay-type":"","overlay-color":"","overlay-opacity":"","overlay-gradient":""}},"footnotes":""},"categories":[31,99,8,3,1,29],"tags":[],"class_list":["post-9349","post","type-post","status-publish","format-standard","has-post-thumbnail","hentry","category-afa","category-batxibac","category-batxillerat","category-eso","category-general","category-portada"],"post_mailing_queue_ids":[],"_links":{"self":[{"href":"https:\/\/agora.xtec.cat\/iesgerbert\/wp-json\/wp\/v2\/posts\/9349","targetHints":{"allow":["GET"]}}],"collection":[{"href":"https:\/\/agora.xtec.cat\/iesgerbert\/wp-json\/wp\/v2\/posts"}],"about":[{"href":"https:\/\/agora.xtec.cat\/iesgerbert\/wp-json\/wp\/v2\/types\/post"}],"author":[{"embeddable":true,"href":"https:\/\/agora.xtec.cat\/iesgerbert\/wp-json\/wp\/v2\/users\/6"}],"replies":[{"embeddable":true,"href":"https:\/\/agora.xtec.cat\/iesgerbert\/wp-json\/wp\/v2\/comments?post=9349"}],"version-history":[{"count":1,"href":"https:\/\/agora.xtec.cat\/iesgerbert\/wp-json\/wp\/v2\/posts\/9349\/revisions"}],"predecessor-version":[{"id":9350,"href":"https:\/\/agora.xtec.cat\/iesgerbert\/wp-json\/wp\/v2\/posts\/9349\/revisions\/9350"}],"wp:featuredmedia":[{"embeddable":true,"href":"https:\/\/agora.xtec.cat\/iesgerbert\/wp-json\/wp\/v2\/media\/9347"}],"wp:attachment":[{"href":"https:\/\/agora.xtec.cat\/iesgerbert\/wp-json\/wp\/v2\/media?parent=9349"}],"wp:term":[{"taxonomy":"category","embeddable":true,"href":"https:\/\/agora.xtec.cat\/iesgerbert\/wp-json\/wp\/v2\/categories?post=9349"},{"taxonomy":"post_tag","embeddable":true,"href":"https:\/\/agora.xtec.cat\/iesgerbert\/wp-json\/wp\/v2\/tags?post=9349"}],"curies":[{"name":"wp","href":"https:\/\/api.w.org\/{rel}","templated":true}]}}