{"id":9280,"date":"2023-02-01T08:00:15","date_gmt":"2023-02-01T07:00:15","guid":{"rendered":"https:\/\/agora.xtec.cat\/iesgerbert\/?p=9280"},"modified":"2023-03-13T14:05:20","modified_gmt":"2023-03-13T13:05:20","slug":"recordar-per-no-oblidar","status":"publish","type":"post","link":"https:\/\/agora.xtec.cat\/iesgerbert\/general\/recordar-per-no-oblidar\/","title":{"rendered":"RECORDAR PER NO OBLIDAR"},"content":{"rendered":"<p style=\"text-align: justify;\"><span style=\"font-weight: 400;\">27 de gener de l\u2019any 1945. Els sovi\u00e8tics arriben al camp de concentraci\u00f3 i extermini\u00a0 d\u2019Auschwitz-Birkenau i l\u2019alliberen del jou nazi. Aquest fet hist\u00f2ric es converteix en un s\u00edmbol: la UNESCO decideix proclamar el dia 27 de gener com a \u201cDia Internacional en Mem\u00f2ria de les V\u00edctimes de l\u2019Holocaust\u201d.<\/span><\/p>\n<p style=\"text-align: justify;\"><span style=\"font-weight: 400;\">A l\u2019Espai de la Mem\u00f2ria de Sant Fruit\u00f3s de Bages s\u2019al\u00e7a el bust en record a totes les v\u00edctimes de la guerra i trobem les Stolpersteine dels dos fruitosencs que van patir internament als camps de concentraci\u00f3 nazis. En aquest marc, i com cada any, el nostre institut ha volgut retre homenatge a les v\u00edctimes d\u2019aquesta etapa de la hist\u00f2ria.\u00a0<\/span><\/p>\n<p style=\"text-align: justify;\"><span style=\"font-weight: 400;\">L\u2019alumnat de la mat\u00e8ria d\u2019Hist\u00f2ria del M\u00f3n Contemporani de 1r de Batxillerat ha llegit algunes de les paraules escrites per v\u00edctimes dels camps de concentraci\u00f3 i extermini. Han estat acompanyats per l\u2019alumnat de 3r d\u2019ESO que ha interpretat una adaptaci\u00f3 de la can\u00e7\u00f3 Bella Ciao per a piano, guitarra, baix i bombo amb lletra de la Marina Rossell.<\/span><\/p>\n<p style=\"text-align: justify;\"><span style=\"font-weight: 400;\">Com diu la directora general de la UNESCO, l\u2019Audrey Azoulay: <\/span><i><span style=\"font-weight: 400;\">\u201cMantenir viva la mem\u00f2ria de l\u2019Holocaust suposa complir un deure universal, un dret hum\u00e0, que \u00e9s la ra\u00f3 de ser de la UNESCO: desarrelar l\u2019odi, construir la pau i protegir aix\u00ed la humanitat. En aquest dia internacional ens hem de comprometre a no deixar de recordar: ho devem a les v\u00edctimes de l\u2019Holocaust, als supervivents i a les futures generacions\u201d.<\/span><\/i><\/p>\n<p style=\"text-align: justify;\"><span style=\"font-weight: 400;\">Us convidem a llegir l\u2019article del National Geographic <\/span><a href=\"https:\/\/historia.nationalgeographic.com.es\/a\/por-que-el-27-de-enero-es-el-dia-internacional-en-memoria-de-las-victimas-del-holocausto_12309#:~:text=El%20campo%20de%20concentraci%C3%B3n%20y,27%20de%20enero%20de%201945.&amp;text=Entre%201933%20y%201945%2C%20durante,destrucci%C3%B3n%20y%20persecuci%C3%B3n%20sin%20precedentes.\"><span style=\"font-weight: 400;\">\u201cPor qu\u00e9 el 27 de enero es el d\u00eda internacional en memoria de las v\u00edctimas del holocausto\u201d.<\/span><\/a><\/p>\n<p style=\"text-align: justify;\"><span style=\"font-weight: 400;\">Tamb\u00e9 a gaudir de la can\u00e7\u00f3 interpretada per la Marina Rossell, <\/span><a href=\"https:\/\/www.youtube.com\/watch?v=1g4Ob8ACU6A\"><span style=\"font-weight: 400;\">Bella Ciao<\/span><\/a><span style=\"font-weight: 400;\">\u00a0<\/span><\/p>\n<p style=\"text-align: justify;\"><span style=\"font-weight: 400;\">Sempre, sempre, <\/span><b>recordar per no oblidar<\/b><span style=\"font-weight: 400;\">.<\/span><\/p>\n<p style=\"text-align: justify;\"><strong>Carles Albors, Xavier Casino i Eva Luj\u00e1n<\/strong><\/p>\n<p><a href=\"https:\/\/agora.xtec.cat\/iesgerbert\/wp-content\/uploads\/usu668\/2023\/01\/IMG-20230127-WA0005.jpg\"><img loading=\"lazy\" decoding=\"async\" class=\"alignnone wp-image-9275\" src=\"https:\/\/agora.xtec.cat\/iesgerbert\/wp-content\/uploads\/usu668\/2023\/01\/IMG-20230127-WA0005.jpg\" alt=\"\" width=\"424\" height=\"318\" srcset=\"https:\/\/agora.xtec.cat\/iesgerbert\/wp-content\/uploads\/usu668\/2023\/01\/IMG-20230127-WA0005.jpg 1024w, https:\/\/agora.xtec.cat\/iesgerbert\/wp-content\/uploads\/usu668\/2023\/01\/IMG-20230127-WA0005-300x225.jpg 300w, https:\/\/agora.xtec.cat\/iesgerbert\/wp-content\/uploads\/usu668\/2023\/01\/IMG-20230127-WA0005-768x576.jpg 768w, https:\/\/agora.xtec.cat\/iesgerbert\/wp-content\/uploads\/usu668\/2023\/01\/IMG-20230127-WA0005-200x150.jpg 200w\" sizes=\"auto, (max-width: 424px) 100vw, 424px\" \/> <\/a><a href=\"https:\/\/agora.xtec.cat\/iesgerbert\/wp-content\/uploads\/usu668\/2023\/01\/IMG-20230130-WA0025.jpg\"><img loading=\"lazy\" decoding=\"async\" class=\"alignnone wp-image-9278\" src=\"https:\/\/agora.xtec.cat\/iesgerbert\/wp-content\/uploads\/usu668\/2023\/01\/IMG-20230130-WA0025.jpg\" alt=\"\" width=\"408\" height=\"252\" srcset=\"https:\/\/agora.xtec.cat\/iesgerbert\/wp-content\/uploads\/usu668\/2023\/01\/IMG-20230130-WA0025.jpg 1024w, https:\/\/agora.xtec.cat\/iesgerbert\/wp-content\/uploads\/usu668\/2023\/01\/IMG-20230130-WA0025-300x185.jpg 300w, https:\/\/agora.xtec.cat\/iesgerbert\/wp-content\/uploads\/usu668\/2023\/01\/IMG-20230130-WA0025-768x474.jpg 768w\" sizes=\"auto, (max-width: 408px) 100vw, 408px\" \/><\/a><\/p>\n<p><a href=\"https:\/\/agora.xtec.cat\/iesgerbert\/wp-content\/uploads\/usu668\/2023\/01\/IMG-20230130-WA0008.jpg\"><img loading=\"lazy\" decoding=\"async\" class=\"alignnone wp-image-9276\" src=\"https:\/\/agora.xtec.cat\/iesgerbert\/wp-content\/uploads\/usu668\/2023\/01\/IMG-20230130-WA0008.jpg\" alt=\"\" width=\"834\" height=\"438\" srcset=\"https:\/\/agora.xtec.cat\/iesgerbert\/wp-content\/uploads\/usu668\/2023\/01\/IMG-20230130-WA0008.jpg 1024w, https:\/\/agora.xtec.cat\/iesgerbert\/wp-content\/uploads\/usu668\/2023\/01\/IMG-20230130-WA0008-300x157.jpg 300w, https:\/\/agora.xtec.cat\/iesgerbert\/wp-content\/uploads\/usu668\/2023\/01\/IMG-20230130-WA0008-768x403.jpg 768w\" sizes=\"auto, (max-width: 834px) 100vw, 834px\" \/><\/a><\/p>\n<p><a href=\"https:\/\/agora.xtec.cat\/iesgerbert\/wp-content\/uploads\/usu668\/2023\/01\/IMG-20230130-WA0015.jpg\"><img loading=\"lazy\" decoding=\"async\" class=\"alignnone wp-image-9277\" src=\"https:\/\/agora.xtec.cat\/iesgerbert\/wp-content\/uploads\/usu668\/2023\/01\/IMG-20230130-WA0015.jpg\" alt=\"\" width=\"433\" height=\"566\" srcset=\"https:\/\/agora.xtec.cat\/iesgerbert\/wp-content\/uploads\/usu668\/2023\/01\/IMG-20230130-WA0015.jpg 783w, https:\/\/agora.xtec.cat\/iesgerbert\/wp-content\/uploads\/usu668\/2023\/01\/IMG-20230130-WA0015-229x300.jpg 229w, https:\/\/agora.xtec.cat\/iesgerbert\/wp-content\/uploads\/usu668\/2023\/01\/IMG-20230130-WA0015-768x1004.jpg 768w\" sizes=\"auto, (max-width: 433px) 100vw, 433px\" \/> <\/a><a href=\"https:\/\/agora.xtec.cat\/iesgerbert\/wp-content\/uploads\/usu668\/2023\/01\/IMG-20230130-WA0029.jpg\"><img loading=\"lazy\" decoding=\"async\" class=\"alignnone wp-image-9279\" src=\"https:\/\/agora.xtec.cat\/iesgerbert\/wp-content\/uploads\/usu668\/2023\/01\/IMG-20230130-WA0029.jpg\" alt=\"\" width=\"398\" height=\"691\" srcset=\"https:\/\/agora.xtec.cat\/iesgerbert\/wp-content\/uploads\/usu668\/2023\/01\/IMG-20230130-WA0029.jpg 590w, https:\/\/agora.xtec.cat\/iesgerbert\/wp-content\/uploads\/usu668\/2023\/01\/IMG-20230130-WA0029-173x300.jpg 173w\" sizes=\"auto, (max-width: 398px) 100vw, 398px\" \/><\/a><\/p>\n","protected":false},"excerpt":{"rendered":"<p>7 de gener de l\u2019any 1945. Els sovi\u00e8tics arriben al camp de concentraci\u00f3 i extermini\u00a0 d\u2019Auschwitz-Birkenau i l\u2019alliberen del jou nazi. Aquest fet hist\u00f2ric es converteix en un s\u00edmbol: la UNESCO decideix proclamar el dia 27 de gener com a \u201cDia Internacional en Mem\u00f2ria de les V\u00edctimes de l\u2019Holocaust\u201d. A l\u2019Espai de la Mem\u00f2ria de Sant Fruit\u00f3s de Bages s\u2019al\u00e7a el bust en record a totes les v\u00edctimes de la guerra i trobem les Stolpersteine dels dos fruitosencs que van patir internament als camps de concentraci\u00f3 nazis.<\/p>\n","protected":false},"author":6,"featured_media":9275,"comment_status":"open","ping_status":"closed","sticky":false,"template":"","format":"standard","meta":{"_bbp_topic_count":0,"_bbp_reply_count":0,"_bbp_total_topic_count":0,"_bbp_total_reply_count":0,"_bbp_voice_count":0,"_bbp_anonymous_reply_count":0,"_bbp_topic_count_hidden":0,"_bbp_reply_count_hidden":0,"_bbp_forum_subforum_count":0,"site-sidebar-layout":"default","site-content-layout":"","ast-site-content-layout":"","site-content-style":"default","site-sidebar-style":"default","ast-global-header-display":"","ast-banner-title-visibility":"","ast-main-header-display":"","ast-hfb-above-header-display":"","ast-hfb-below-header-display":"","ast-hfb-mobile-header-display":"","site-post-title":"","ast-breadcrumbs-content":"","ast-featured-img":"","footer-sml-layout":"","theme-transparent-header-meta":"","adv-header-id-meta":"","stick-header-meta":"","header-above-stick-meta":"","header-main-stick-meta":"","header-below-stick-meta":"","astra-migrate-meta-layouts":"default","ast-page-background-enabled":"default","ast-page-background-meta":{"desktop":{"background-color":"var(--ast-global-color-4)","background-image":"","background-repeat":"repeat","background-position":"center center","background-size":"auto","background-attachment":"scroll","background-type":"","background-media":"","overlay-type":"","overlay-color":"","overlay-opacity":"","overlay-gradient":""},"tablet":{"background-color":"","background-image":"","background-repeat":"repeat","background-position":"center center","background-size":"auto","background-attachment":"scroll","background-type":"","background-media":"","overlay-type":"","overlay-color":"","overlay-opacity":"","overlay-gradient":""},"mobile":{"background-color":"","background-image":"","background-repeat":"repeat","background-position":"center center","background-size":"auto","background-attachment":"scroll","background-type":"","background-media":"","overlay-type":"","overlay-color":"","overlay-opacity":"","overlay-gradient":""}},"ast-content-background-meta":{"desktop":{"background-color":"var(--ast-global-color-5)","background-image":"","background-repeat":"repeat","background-position":"center center","background-size":"auto","background-attachment":"scroll","background-type":"","background-media":"","overlay-type":"","overlay-color":"","overlay-opacity":"","overlay-gradient":""},"tablet":{"background-color":"var(--ast-global-color-5)","background-image":"","background-repeat":"repeat","background-position":"center center","background-size":"auto","background-attachment":"scroll","background-type":"","background-media":"","overlay-type":"","overlay-color":"","overlay-opacity":"","overlay-gradient":""},"mobile":{"background-color":"var(--ast-global-color-5)","background-image":"","background-repeat":"repeat","background-position":"center center","background-size":"auto","background-attachment":"scroll","background-type":"","background-media":"","overlay-type":"","overlay-color":"","overlay-opacity":"","overlay-gradient":""}},"footnotes":""},"categories":[31,99,8,3,1,30,29],"tags":[],"class_list":["post-9280","post","type-post","status-publish","format-standard","has-post-thumbnail","hentry","category-afa","category-batxibac","category-batxillerat","category-eso","category-general","category-programa-formacio-insercio","category-portada"],"post_mailing_queue_ids":[],"_links":{"self":[{"href":"https:\/\/agora.xtec.cat\/iesgerbert\/wp-json\/wp\/v2\/posts\/9280","targetHints":{"allow":["GET"]}}],"collection":[{"href":"https:\/\/agora.xtec.cat\/iesgerbert\/wp-json\/wp\/v2\/posts"}],"about":[{"href":"https:\/\/agora.xtec.cat\/iesgerbert\/wp-json\/wp\/v2\/types\/post"}],"author":[{"embeddable":true,"href":"https:\/\/agora.xtec.cat\/iesgerbert\/wp-json\/wp\/v2\/users\/6"}],"replies":[{"embeddable":true,"href":"https:\/\/agora.xtec.cat\/iesgerbert\/wp-json\/wp\/v2\/comments?post=9280"}],"version-history":[{"count":3,"href":"https:\/\/agora.xtec.cat\/iesgerbert\/wp-json\/wp\/v2\/posts\/9280\/revisions"}],"predecessor-version":[{"id":9283,"href":"https:\/\/agora.xtec.cat\/iesgerbert\/wp-json\/wp\/v2\/posts\/9280\/revisions\/9283"}],"wp:featuredmedia":[{"embeddable":true,"href":"https:\/\/agora.xtec.cat\/iesgerbert\/wp-json\/wp\/v2\/media\/9275"}],"wp:attachment":[{"href":"https:\/\/agora.xtec.cat\/iesgerbert\/wp-json\/wp\/v2\/media?parent=9280"}],"wp:term":[{"taxonomy":"category","embeddable":true,"href":"https:\/\/agora.xtec.cat\/iesgerbert\/wp-json\/wp\/v2\/categories?post=9280"},{"taxonomy":"post_tag","embeddable":true,"href":"https:\/\/agora.xtec.cat\/iesgerbert\/wp-json\/wp\/v2\/tags?post=9280"}],"curies":[{"name":"wp","href":"https:\/\/api.w.org\/{rel}","templated":true}]}}