{"id":9256,"date":"2023-01-24T09:40:36","date_gmt":"2023-01-24T08:40:36","guid":{"rendered":"https:\/\/agora.xtec.cat\/iesgerbert\/?p=9256"},"modified":"2023-03-13T14:06:13","modified_gmt":"2023-03-13T13:06:13","slug":"actes-de-commemoracio-del-dia-internacional-de-les-victimes-de-lholocaust","status":"publish","type":"post","link":"https:\/\/agora.xtec.cat\/iesgerbert\/general\/actes-de-commemoracio-del-dia-internacional-de-les-victimes-de-lholocaust\/","title":{"rendered":"ACTES DE COMMEMORACI\u00d3 DEL DIA INTERNACIONAL DE LES V\u00cdCTIMES DE L&#8217;HOLOCAUST"},"content":{"rendered":"<p style=\"text-align: justify;\">Com segurament ja sabeu, des del nostre institut hem apostat per mantenir viva la mem\u00f2ria hist\u00f2rica. Per aquest motiu formem part\u00a0 de l&#8217;organitzaci\u00f3 del cicle &#8220;Sant Fruit\u00f3s de Bages i els camps d&#8217;extermini nazis. Recordar per no oblidar&#8221;. Enguany ja es celebra la 4a edici\u00f3.<\/p>\n<p style=\"text-align: justify;\">Entenem que les diferents activitats proposades han d&#8217;estar obertes a tothom. Per aquest motiu, us convidem a participar-ne. Trobareu els actes que s&#8217;organitzen detallats al programa adjunt.<\/p>\n<p style=\"text-align: justify;\">Animeu-vos a participar!<\/p>\n<p style=\"text-align: justify;\"><strong>Eva Luj\u00e1n, professora de Socials del centre i responsable del projecte Mauthausen<\/strong><\/p>\n<div><\/div>\n<p><a href=\"https:\/\/agora.xtec.cat\/iesgerbert\/wp-content\/uploads\/usu668\/2023\/01\/Copia-de-CICLE-SANT-FRUITOS-DE-BAGES-I-ELS-CAMPS-DEXTERMINI-NAZIS-recordar-per-no-oblidar5.jpg\"><img loading=\"lazy\" decoding=\"async\" class=\"alignnone size-large wp-image-9252\" src=\"https:\/\/agora.xtec.cat\/iesgerbert\/wp-content\/uploads\/usu668\/2023\/01\/Copia-de-CICLE-SANT-FRUITOS-DE-BAGES-I-ELS-CAMPS-DEXTERMINI-NAZIS-recordar-per-no-oblidar5-791x1024.jpg\" alt=\"\" width=\"791\" height=\"1024\" srcset=\"https:\/\/agora.xtec.cat\/iesgerbert\/wp-content\/uploads\/usu668\/2023\/01\/Copia-de-CICLE-SANT-FRUITOS-DE-BAGES-I-ELS-CAMPS-DEXTERMINI-NAZIS-recordar-per-no-oblidar5-791x1024.jpg 791w, https:\/\/agora.xtec.cat\/iesgerbert\/wp-content\/uploads\/usu668\/2023\/01\/Copia-de-CICLE-SANT-FRUITOS-DE-BAGES-I-ELS-CAMPS-DEXTERMINI-NAZIS-recordar-per-no-oblidar5-232x300.jpg 232w, https:\/\/agora.xtec.cat\/iesgerbert\/wp-content\/uploads\/usu668\/2023\/01\/Copia-de-CICLE-SANT-FRUITOS-DE-BAGES-I-ELS-CAMPS-DEXTERMINI-NAZIS-recordar-per-no-oblidar5-768x994.jpg 768w, https:\/\/agora.xtec.cat\/iesgerbert\/wp-content\/uploads\/usu668\/2023\/01\/Copia-de-CICLE-SANT-FRUITOS-DE-BAGES-I-ELS-CAMPS-DEXTERMINI-NAZIS-recordar-per-no-oblidar5-1187x1536.jpg 1187w, https:\/\/agora.xtec.cat\/iesgerbert\/wp-content\/uploads\/usu668\/2023\/01\/Copia-de-CICLE-SANT-FRUITOS-DE-BAGES-I-ELS-CAMPS-DEXTERMINI-NAZIS-recordar-per-no-oblidar5.jpg 1545w\" sizes=\"auto, (max-width: 791px) 100vw, 791px\" \/><\/a><\/p>\n","protected":false},"excerpt":{"rendered":"<p>Com segurament ja sabeu, des del nostre institut hem apostat per mantenir viva la mem\u00f2ria hist\u00f2rica. Per aquest motiu formem part\u00a0 de l&#8217;organitzaci\u00f3 del cicle &#8220;Sant Fruit\u00f3s de Bages i els camps d&#8217;extermini nazis. Recordar per no oblidar&#8221;. Enguany ja es celebra la 4a edici\u00f3. Entenem que les diferents activitats proposades han d&#8217;estar obertes a tothom.<\/p>\n","protected":false},"author":6,"featured_media":9252,"comment_status":"open","ping_status":"closed","sticky":false,"template":"","format":"standard","meta":{"_bbp_topic_count":0,"_bbp_reply_count":0,"_bbp_total_topic_count":0,"_bbp_total_reply_count":0,"_bbp_voice_count":0,"_bbp_anonymous_reply_count":0,"_bbp_topic_count_hidden":0,"_bbp_reply_count_hidden":0,"_bbp_forum_subforum_count":0,"site-sidebar-layout":"default","site-content-layout":"","ast-site-content-layout":"","site-content-style":"default","site-sidebar-style":"default","ast-global-header-display":"","ast-banner-title-visibility":"","ast-main-header-display":"","ast-hfb-above-header-display":"","ast-hfb-below-header-display":"","ast-hfb-mobile-header-display":"","site-post-title":"","ast-breadcrumbs-content":"","ast-featured-img":"","footer-sml-layout":"","theme-transparent-header-meta":"","adv-header-id-meta":"","stick-header-meta":"","header-above-stick-meta":"","header-main-stick-meta":"","header-below-stick-meta":"","astra-migrate-meta-layouts":"default","ast-page-background-enabled":"default","ast-page-background-meta":{"desktop":{"background-color":"var(--ast-global-color-4)","background-image":"","background-repeat":"repeat","background-position":"center center","background-size":"auto","background-attachment":"scroll","background-type":"","background-media":"","overlay-type":"","overlay-color":"","overlay-opacity":"","overlay-gradient":""},"tablet":{"background-color":"","background-image":"","background-repeat":"repeat","background-position":"center center","background-size":"auto","background-attachment":"scroll","background-type":"","background-media":"","overlay-type":"","overlay-color":"","overlay-opacity":"","overlay-gradient":""},"mobile":{"background-color":"","background-image":"","background-repeat":"repeat","background-position":"center center","background-size":"auto","background-attachment":"scroll","background-type":"","background-media":"","overlay-type":"","overlay-color":"","overlay-opacity":"","overlay-gradient":""}},"ast-content-background-meta":{"desktop":{"background-color":"var(--ast-global-color-5)","background-image":"","background-repeat":"repeat","background-position":"center center","background-size":"auto","background-attachment":"scroll","background-type":"","background-media":"","overlay-type":"","overlay-color":"","overlay-opacity":"","overlay-gradient":""},"tablet":{"background-color":"var(--ast-global-color-5)","background-image":"","background-repeat":"repeat","background-position":"center center","background-size":"auto","background-attachment":"scroll","background-type":"","background-media":"","overlay-type":"","overlay-color":"","overlay-opacity":"","overlay-gradient":""},"mobile":{"background-color":"var(--ast-global-color-5)","background-image":"","background-repeat":"repeat","background-position":"center center","background-size":"auto","background-attachment":"scroll","background-type":"","background-media":"","overlay-type":"","overlay-color":"","overlay-opacity":"","overlay-gradient":""}},"footnotes":""},"categories":[31,99,8,3,1,30,29],"tags":[],"class_list":["post-9256","post","type-post","status-publish","format-standard","has-post-thumbnail","hentry","category-afa","category-batxibac","category-batxillerat","category-eso","category-general","category-programa-formacio-insercio","category-portada"],"post_mailing_queue_ids":[],"_links":{"self":[{"href":"https:\/\/agora.xtec.cat\/iesgerbert\/wp-json\/wp\/v2\/posts\/9256","targetHints":{"allow":["GET"]}}],"collection":[{"href":"https:\/\/agora.xtec.cat\/iesgerbert\/wp-json\/wp\/v2\/posts"}],"about":[{"href":"https:\/\/agora.xtec.cat\/iesgerbert\/wp-json\/wp\/v2\/types\/post"}],"author":[{"embeddable":true,"href":"https:\/\/agora.xtec.cat\/iesgerbert\/wp-json\/wp\/v2\/users\/6"}],"replies":[{"embeddable":true,"href":"https:\/\/agora.xtec.cat\/iesgerbert\/wp-json\/wp\/v2\/comments?post=9256"}],"version-history":[{"count":3,"href":"https:\/\/agora.xtec.cat\/iesgerbert\/wp-json\/wp\/v2\/posts\/9256\/revisions"}],"predecessor-version":[{"id":9261,"href":"https:\/\/agora.xtec.cat\/iesgerbert\/wp-json\/wp\/v2\/posts\/9256\/revisions\/9261"}],"wp:featuredmedia":[{"embeddable":true,"href":"https:\/\/agora.xtec.cat\/iesgerbert\/wp-json\/wp\/v2\/media\/9252"}],"wp:attachment":[{"href":"https:\/\/agora.xtec.cat\/iesgerbert\/wp-json\/wp\/v2\/media?parent=9256"}],"wp:term":[{"taxonomy":"category","embeddable":true,"href":"https:\/\/agora.xtec.cat\/iesgerbert\/wp-json\/wp\/v2\/categories?post=9256"},{"taxonomy":"post_tag","embeddable":true,"href":"https:\/\/agora.xtec.cat\/iesgerbert\/wp-json\/wp\/v2\/tags?post=9256"}],"curies":[{"name":"wp","href":"https:\/\/api.w.org\/{rel}","templated":true}]}}