{"id":9246,"date":"2023-01-16T09:22:03","date_gmt":"2023-01-16T08:22:03","guid":{"rendered":"https:\/\/agora.xtec.cat\/iesgerbert\/?p=9246"},"modified":"2023-03-13T14:06:39","modified_gmt":"2023-03-13T13:06:39","slug":"mostra-de-fotofilosofia-2022","status":"publish","type":"post","link":"https:\/\/agora.xtec.cat\/iesgerbert\/general\/mostra-de-fotofilosofia-2022\/","title":{"rendered":"ELS GUANYADORS DE LA MOSTRA DE FOTOFILOSOFIA 2022"},"content":{"rendered":"<p style=\"text-align: justify;\">El tercer dijous del mes de novembre, en commemoraci\u00f3 de l&#8217;execuci\u00f3 de S\u00f2crates, es celebra el dia mundial de la Filosofia. Per aquest motiu, us compartim el bloc de fotofilosofia que van realitzar els alumnes de 1r de Batxillerat. En aquest bloc plantegen diferents preguntes filos\u00f2fiques a trav\u00e9s de fotografies realitzades per ells.<\/p>\n<p style=\"text-align: justify;\"><a href=\"https:\/\/blocs.xtec.cat\/filogerbertdaurillac\/\">https:\/\/blocs.xtec.cat\/filogerbertdaurillac\/<\/a><\/p>\n<p style=\"text-align: justify;\">A continuaci\u00f3, podeu veure les fotografies dels guanyadors del nostre institut de la Mostra de Fotofilosofia del 2022. S\u00f3n per odre: el Mart\u00ed M\u00e9rida, la Marina Pagani, la J\u00falia Marsinyach, la Berta Caparr\u00f3s, l&#8217;Oriol Calafell, en Joan Llad\u00f3, la Jana Torres i la Clara L\u00f3pez.<\/p>\n<p><strong>Laura Rodr\u00edguez, professora de Filosofia del centre<\/strong><\/p>\n<p><a href=\"https:\/\/agora.xtec.cat\/iesgerbert\/wp-content\/uploads\/usu668\/2023\/01\/20221220_121429.jpg\"><img loading=\"lazy\" decoding=\"async\" class=\"alignnone wp-image-9243\" src=\"https:\/\/agora.xtec.cat\/iesgerbert\/wp-content\/uploads\/usu668\/2023\/01\/20221220_121429.jpg\" alt=\"\" width=\"415\" height=\"311\" srcset=\"https:\/\/agora.xtec.cat\/iesgerbert\/wp-content\/uploads\/usu668\/2023\/01\/20221220_121429.jpg 1000w, https:\/\/agora.xtec.cat\/iesgerbert\/wp-content\/uploads\/usu668\/2023\/01\/20221220_121429-300x225.jpg 300w, https:\/\/agora.xtec.cat\/iesgerbert\/wp-content\/uploads\/usu668\/2023\/01\/20221220_121429-768x576.jpg 768w, https:\/\/agora.xtec.cat\/iesgerbert\/wp-content\/uploads\/usu668\/2023\/01\/20221220_121429-200x150.jpg 200w\" sizes=\"auto, (max-width: 415px) 100vw, 415px\" \/> <\/a><a href=\"https:\/\/agora.xtec.cat\/iesgerbert\/wp-content\/uploads\/usu668\/2023\/01\/20230113_124241.jpg\"><img loading=\"lazy\" decoding=\"async\" class=\"alignnone wp-image-9245\" src=\"https:\/\/agora.xtec.cat\/iesgerbert\/wp-content\/uploads\/usu668\/2023\/01\/20230113_124241.jpg\" alt=\"\" width=\"416\" height=\"312\" srcset=\"https:\/\/agora.xtec.cat\/iesgerbert\/wp-content\/uploads\/usu668\/2023\/01\/20230113_124241.jpg 1000w, https:\/\/agora.xtec.cat\/iesgerbert\/wp-content\/uploads\/usu668\/2023\/01\/20230113_124241-300x225.jpg 300w, https:\/\/agora.xtec.cat\/iesgerbert\/wp-content\/uploads\/usu668\/2023\/01\/20230113_124241-768x576.jpg 768w, https:\/\/agora.xtec.cat\/iesgerbert\/wp-content\/uploads\/usu668\/2023\/01\/20230113_124241-200x150.jpg 200w\" sizes=\"auto, (max-width: 416px) 100vw, 416px\" \/><\/a><\/p>\n<p><a href=\"https:\/\/agora.xtec.cat\/iesgerbert\/wp-content\/uploads\/usu668\/2023\/01\/20230111_124103.jpg\"><img loading=\"lazy\" decoding=\"async\" class=\"alignnone wp-image-9244\" src=\"https:\/\/agora.xtec.cat\/iesgerbert\/wp-content\/uploads\/usu668\/2023\/01\/20230111_124103.jpg\" alt=\"\" width=\"834\" height=\"626\" srcset=\"https:\/\/agora.xtec.cat\/iesgerbert\/wp-content\/uploads\/usu668\/2023\/01\/20230111_124103.jpg 1000w, https:\/\/agora.xtec.cat\/iesgerbert\/wp-content\/uploads\/usu668\/2023\/01\/20230111_124103-300x225.jpg 300w, https:\/\/agora.xtec.cat\/iesgerbert\/wp-content\/uploads\/usu668\/2023\/01\/20230111_124103-768x576.jpg 768w, https:\/\/agora.xtec.cat\/iesgerbert\/wp-content\/uploads\/usu668\/2023\/01\/20230111_124103-200x150.jpg 200w\" sizes=\"auto, (max-width: 834px) 100vw, 834px\" \/><\/a><\/p>\n<p>&nbsp;<\/p>\n","protected":false},"excerpt":{"rendered":"<p>El tercer dijous del mes de novembre, en commemoraci\u00f3 de l&#8217;execuci\u00f3 de S\u00f2crates, es celebra el dia mundial de la Filosofia. Per aquest motiu, us compartim el bloc de fotofilosofia que van realitzar els alumnes de 1r de Batxillerat. En aquest bloc plantegen diferents preguntes filos\u00f2fiques a trav\u00e9s de fotografies realitzades per ells.<\/p>\n","protected":false},"author":6,"featured_media":9243,"comment_status":"open","ping_status":"closed","sticky":false,"template":"","format":"standard","meta":{"_bbp_topic_count":0,"_bbp_reply_count":0,"_bbp_total_topic_count":0,"_bbp_total_reply_count":0,"_bbp_voice_count":0,"_bbp_anonymous_reply_count":0,"_bbp_topic_count_hidden":0,"_bbp_reply_count_hidden":0,"_bbp_forum_subforum_count":0,"site-sidebar-layout":"default","site-content-layout":"","ast-site-content-layout":"","site-content-style":"default","site-sidebar-style":"default","ast-global-header-display":"","ast-banner-title-visibility":"","ast-main-header-display":"","ast-hfb-above-header-display":"","ast-hfb-below-header-display":"","ast-hfb-mobile-header-display":"","site-post-title":"","ast-breadcrumbs-content":"","ast-featured-img":"","footer-sml-layout":"","theme-transparent-header-meta":"","adv-header-id-meta":"","stick-header-meta":"","header-above-stick-meta":"","header-main-stick-meta":"","header-below-stick-meta":"","astra-migrate-meta-layouts":"default","ast-page-background-enabled":"default","ast-page-background-meta":{"desktop":{"background-color":"var(--ast-global-color-4)","background-image":"","background-repeat":"repeat","background-position":"center center","background-size":"auto","background-attachment":"scroll","background-type":"","background-media":"","overlay-type":"","overlay-color":"","overlay-opacity":"","overlay-gradient":""},"tablet":{"background-color":"","background-image":"","background-repeat":"repeat","background-position":"center center","background-size":"auto","background-attachment":"scroll","background-type":"","background-media":"","overlay-type":"","overlay-color":"","overlay-opacity":"","overlay-gradient":""},"mobile":{"background-color":"","background-image":"","background-repeat":"repeat","background-position":"center center","background-size":"auto","background-attachment":"scroll","background-type":"","background-media":"","overlay-type":"","overlay-color":"","overlay-opacity":"","overlay-gradient":""}},"ast-content-background-meta":{"desktop":{"background-color":"var(--ast-global-color-5)","background-image":"","background-repeat":"repeat","background-position":"center center","background-size":"auto","background-attachment":"scroll","background-type":"","background-media":"","overlay-type":"","overlay-color":"","overlay-opacity":"","overlay-gradient":""},"tablet":{"background-color":"var(--ast-global-color-5)","background-image":"","background-repeat":"repeat","background-position":"center center","background-size":"auto","background-attachment":"scroll","background-type":"","background-media":"","overlay-type":"","overlay-color":"","overlay-opacity":"","overlay-gradient":""},"mobile":{"background-color":"var(--ast-global-color-5)","background-image":"","background-repeat":"repeat","background-position":"center center","background-size":"auto","background-attachment":"scroll","background-type":"","background-media":"","overlay-type":"","overlay-color":"","overlay-opacity":"","overlay-gradient":""}},"footnotes":""},"categories":[31,99,8,1,29],"tags":[],"class_list":["post-9246","post","type-post","status-publish","format-standard","has-post-thumbnail","hentry","category-afa","category-batxibac","category-batxillerat","category-general","category-portada"],"post_mailing_queue_ids":[],"_links":{"self":[{"href":"https:\/\/agora.xtec.cat\/iesgerbert\/wp-json\/wp\/v2\/posts\/9246","targetHints":{"allow":["GET"]}}],"collection":[{"href":"https:\/\/agora.xtec.cat\/iesgerbert\/wp-json\/wp\/v2\/posts"}],"about":[{"href":"https:\/\/agora.xtec.cat\/iesgerbert\/wp-json\/wp\/v2\/types\/post"}],"author":[{"embeddable":true,"href":"https:\/\/agora.xtec.cat\/iesgerbert\/wp-json\/wp\/v2\/users\/6"}],"replies":[{"embeddable":true,"href":"https:\/\/agora.xtec.cat\/iesgerbert\/wp-json\/wp\/v2\/comments?post=9246"}],"version-history":[{"count":3,"href":"https:\/\/agora.xtec.cat\/iesgerbert\/wp-json\/wp\/v2\/posts\/9246\/revisions"}],"predecessor-version":[{"id":9251,"href":"https:\/\/agora.xtec.cat\/iesgerbert\/wp-json\/wp\/v2\/posts\/9246\/revisions\/9251"}],"wp:featuredmedia":[{"embeddable":true,"href":"https:\/\/agora.xtec.cat\/iesgerbert\/wp-json\/wp\/v2\/media\/9243"}],"wp:attachment":[{"href":"https:\/\/agora.xtec.cat\/iesgerbert\/wp-json\/wp\/v2\/media?parent=9246"}],"wp:term":[{"taxonomy":"category","embeddable":true,"href":"https:\/\/agora.xtec.cat\/iesgerbert\/wp-json\/wp\/v2\/categories?post=9246"},{"taxonomy":"post_tag","embeddable":true,"href":"https:\/\/agora.xtec.cat\/iesgerbert\/wp-json\/wp\/v2\/tags?post=9246"}],"curies":[{"name":"wp","href":"https:\/\/api.w.org\/{rel}","templated":true}]}}