{"id":9085,"date":"2022-12-05T08:00:17","date_gmt":"2022-12-05T07:00:17","guid":{"rendered":"https:\/\/agora.xtec.cat\/iesgerbert\/?p=9085"},"modified":"2023-03-13T14:09:07","modified_gmt":"2023-03-13T13:09:07","slug":"primer-consell-de-delegats-del-curs-22-23","status":"publish","type":"post","link":"https:\/\/agora.xtec.cat\/iesgerbert\/general\/primer-consell-de-delegats-del-curs-22-23\/","title":{"rendered":"PRIMER CONSELL DE DELEGATS DEL CURS 22-23"},"content":{"rendered":"<p style=\"text-align: justify;\">El passat 30 de novembre es va fer el primer consell de delegats d&#8217;aquest curs 2022-2023 a la biblioteca del nostre centre. Aquest \u00e9s l\u2019\u00f2rgan col\u00b7legiat de participaci\u00f3 de l\u2019alumnat, el qual est\u00e0 integrat pels representants dels alumnes del centre. Aquests representants de l&#8217;alumnat s\u00f3n: els delegats i els alumnes membres del consell escolar, els quals es reuneixen peri\u00f2dicament, previ acord, amb Coordinaci\u00f3 pedag\u00f2gica.<\/p>\n<p style=\"text-align: justify;\">Algunes de les seves tasques s\u00f3n donar assessorament i suport als consells escolars del centre, fer arribar les problem\u00e0tiques espec\u00edfiques de cada curs o classe, i col\u00b7laborar amb el professorat, l\u2019equip directiu i el personal no docent en l\u2019adequada utilitzaci\u00f3 del material i de les instal\u00b7lacions del centre.<\/p>\n<p style=\"text-align: justify;\">En definitiva, \u00e9s la veu de l&#8217;opini\u00f3 dels estudiants. Van fer molt de goig en aquesta primera trobada introduct\u00f2ria amb els tres consellers que, com molts altres, es van presentar davant dels seus companys amb moltes ganes de fer aportacions constructives per al millor funcionament del nostre institut.<\/p>\n<p style=\"text-align: justify;\"><strong>Imma Pons, coordinadora pedag\u00f2gica del centre<\/strong><\/p>\n<p><a href=\"https:\/\/agora.xtec.cat\/iesgerbert\/wp-content\/uploads\/usu668\/2022\/12\/IMG_20221130_093428_edit_790937773840765.jpg\"><img loading=\"lazy\" decoding=\"async\" class=\" wp-image-9087\" src=\"https:\/\/agora.xtec.cat\/iesgerbert\/wp-content\/uploads\/usu668\/2022\/12\/IMG_20221130_093428_edit_790937773840765.jpg\" alt=\"\" width=\"825\" height=\"436\" srcset=\"https:\/\/agora.xtec.cat\/iesgerbert\/wp-content\/uploads\/usu668\/2022\/12\/IMG_20221130_093428_edit_790937773840765.jpg 803w, https:\/\/agora.xtec.cat\/iesgerbert\/wp-content\/uploads\/usu668\/2022\/12\/IMG_20221130_093428_edit_790937773840765-300x158.jpg 300w, https:\/\/agora.xtec.cat\/iesgerbert\/wp-content\/uploads\/usu668\/2022\/12\/IMG_20221130_093428_edit_790937773840765-768x406.jpg 768w\" sizes=\"auto, (max-width: 825px) 100vw, 825px\" \/><\/a><\/p>\n<p><a href=\"https:\/\/agora.xtec.cat\/iesgerbert\/wp-content\/uploads\/usu668\/2022\/12\/IMG_20221130_093509_edit_790849200164737.jpg\"><img loading=\"lazy\" decoding=\"async\" class=\" wp-image-9088\" src=\"https:\/\/agora.xtec.cat\/iesgerbert\/wp-content\/uploads\/usu668\/2022\/12\/IMG_20221130_093509_edit_790849200164737.jpg\" alt=\"\" width=\"826\" height=\"619\" srcset=\"https:\/\/agora.xtec.cat\/iesgerbert\/wp-content\/uploads\/usu668\/2022\/12\/IMG_20221130_093509_edit_790849200164737.jpg 1000w, https:\/\/agora.xtec.cat\/iesgerbert\/wp-content\/uploads\/usu668\/2022\/12\/IMG_20221130_093509_edit_790849200164737-300x225.jpg 300w, https:\/\/agora.xtec.cat\/iesgerbert\/wp-content\/uploads\/usu668\/2022\/12\/IMG_20221130_093509_edit_790849200164737-768x576.jpg 768w, https:\/\/agora.xtec.cat\/iesgerbert\/wp-content\/uploads\/usu668\/2022\/12\/IMG_20221130_093509_edit_790849200164737-200x150.jpg 200w\" sizes=\"auto, (max-width: 826px) 100vw, 826px\" \/><\/a><\/p>\n","protected":false},"excerpt":{"rendered":"<p>El passat 30 de novembre es va fer el primer consell de delegats d&#8217;aquest curs 2022-2023 a la biblioteca del nostre centre. Aquest \u00e9s l\u2019\u00f2rgan col\u00b7legiat de participaci\u00f3 de l\u2019alumnat, el qual est\u00e0 integrat pels representants dels alumnes del centre. Aquests representants de l&#8217;alumnat s\u00f3n: els delegats i els alumnes membres del consell escolar, els quals es reuneixen peri\u00f2dicament, previ acord, amb Coordinaci\u00f3 pedag\u00f2gica.<\/p>\n","protected":false},"author":6,"featured_media":9087,"comment_status":"open","ping_status":"closed","sticky":false,"template":"","format":"standard","meta":{"_bbp_topic_count":0,"_bbp_reply_count":0,"_bbp_total_topic_count":0,"_bbp_total_reply_count":0,"_bbp_voice_count":0,"_bbp_anonymous_reply_count":0,"_bbp_topic_count_hidden":0,"_bbp_reply_count_hidden":0,"_bbp_forum_subforum_count":0,"site-sidebar-layout":"default","site-content-layout":"","ast-site-content-layout":"","site-content-style":"default","site-sidebar-style":"default","ast-global-header-display":"","ast-banner-title-visibility":"","ast-main-header-display":"","ast-hfb-above-header-display":"","ast-hfb-below-header-display":"","ast-hfb-mobile-header-display":"","site-post-title":"","ast-breadcrumbs-content":"","ast-featured-img":"","footer-sml-layout":"","theme-transparent-header-meta":"","adv-header-id-meta":"","stick-header-meta":"","header-above-stick-meta":"","header-main-stick-meta":"","header-below-stick-meta":"","astra-migrate-meta-layouts":"default","ast-page-background-enabled":"default","ast-page-background-meta":{"desktop":{"background-color":"var(--ast-global-color-4)","background-image":"","background-repeat":"repeat","background-position":"center center","background-size":"auto","background-attachment":"scroll","background-type":"","background-media":"","overlay-type":"","overlay-color":"","overlay-opacity":"","overlay-gradient":""},"tablet":{"background-color":"","background-image":"","background-repeat":"repeat","background-position":"center center","background-size":"auto","background-attachment":"scroll","background-type":"","background-media":"","overlay-type":"","overlay-color":"","overlay-opacity":"","overlay-gradient":""},"mobile":{"background-color":"","background-image":"","background-repeat":"repeat","background-position":"center center","background-size":"auto","background-attachment":"scroll","background-type":"","background-media":"","overlay-type":"","overlay-color":"","overlay-opacity":"","overlay-gradient":""}},"ast-content-background-meta":{"desktop":{"background-color":"var(--ast-global-color-5)","background-image":"","background-repeat":"repeat","background-position":"center center","background-size":"auto","background-attachment":"scroll","background-type":"","background-media":"","overlay-type":"","overlay-color":"","overlay-opacity":"","overlay-gradient":""},"tablet":{"background-color":"var(--ast-global-color-5)","background-image":"","background-repeat":"repeat","background-position":"center center","background-size":"auto","background-attachment":"scroll","background-type":"","background-media":"","overlay-type":"","overlay-color":"","overlay-opacity":"","overlay-gradient":""},"mobile":{"background-color":"var(--ast-global-color-5)","background-image":"","background-repeat":"repeat","background-position":"center center","background-size":"auto","background-attachment":"scroll","background-type":"","background-media":"","overlay-type":"","overlay-color":"","overlay-opacity":"","overlay-gradient":""}},"footnotes":""},"categories":[31,99,8,3,1,30,29],"tags":[],"class_list":["post-9085","post","type-post","status-publish","format-standard","has-post-thumbnail","hentry","category-afa","category-batxibac","category-batxillerat","category-eso","category-general","category-programa-formacio-insercio","category-portada"],"post_mailing_queue_ids":[],"_links":{"self":[{"href":"https:\/\/agora.xtec.cat\/iesgerbert\/wp-json\/wp\/v2\/posts\/9085","targetHints":{"allow":["GET"]}}],"collection":[{"href":"https:\/\/agora.xtec.cat\/iesgerbert\/wp-json\/wp\/v2\/posts"}],"about":[{"href":"https:\/\/agora.xtec.cat\/iesgerbert\/wp-json\/wp\/v2\/types\/post"}],"author":[{"embeddable":true,"href":"https:\/\/agora.xtec.cat\/iesgerbert\/wp-json\/wp\/v2\/users\/6"}],"replies":[{"embeddable":true,"href":"https:\/\/agora.xtec.cat\/iesgerbert\/wp-json\/wp\/v2\/comments?post=9085"}],"version-history":[{"count":3,"href":"https:\/\/agora.xtec.cat\/iesgerbert\/wp-json\/wp\/v2\/posts\/9085\/revisions"}],"predecessor-version":[{"id":9092,"href":"https:\/\/agora.xtec.cat\/iesgerbert\/wp-json\/wp\/v2\/posts\/9085\/revisions\/9092"}],"wp:featuredmedia":[{"embeddable":true,"href":"https:\/\/agora.xtec.cat\/iesgerbert\/wp-json\/wp\/v2\/media\/9087"}],"wp:attachment":[{"href":"https:\/\/agora.xtec.cat\/iesgerbert\/wp-json\/wp\/v2\/media?parent=9085"}],"wp:term":[{"taxonomy":"category","embeddable":true,"href":"https:\/\/agora.xtec.cat\/iesgerbert\/wp-json\/wp\/v2\/categories?post=9085"},{"taxonomy":"post_tag","embeddable":true,"href":"https:\/\/agora.xtec.cat\/iesgerbert\/wp-json\/wp\/v2\/tags?post=9085"}],"curies":[{"name":"wp","href":"https:\/\/api.w.org\/{rel}","templated":true}]}}