{"id":7921,"date":"2022-05-25T09:30:35","date_gmt":"2022-05-25T07:30:35","guid":{"rendered":"https:\/\/agora.xtec.cat\/iesgerbert\/?p=7921"},"modified":"2023-05-15T12:55:22","modified_gmt":"2023-05-15T10:55:22","slug":"comenca-la-preinscripcio-al-cicle-formatiu-de-marqueting-i-publicitat","status":"publish","type":"post","link":"https:\/\/agora.xtec.cat\/iesgerbert\/general\/comenca-la-preinscripcio-al-cicle-formatiu-de-marqueting-i-publicitat\/","title":{"rendered":"COMEN\u00c7A LA PREINSCRIPCI\u00d3 AL CICLE FORMATIU DE M\u00c0RQUETING I PUBLICITAT"},"content":{"rendered":"<p style=\"text-align: justify;\">Avui s&#8217;inicia el per\u00edode de preinscripci\u00f3 als cicles formatius de grau superior. La preinscripci\u00f3 restar\u00e0 oberta des d&#8217;avui 25 de maig i fins el proper dimarts 31. Tamb\u00e9 s&#8217;inicien doncs les preinscripcions al nostre cicle formatiu de grau superior de M\u00e0rqueting i Publicitat. Per a m\u00e9s informaci\u00f3 podeu consultar la web del nostre centre:\u00a0<a href=\"https:\/\/agora.xtec.cat\/iesgerbert\/\">https:\/\/agora.xtec.cat\/iesgerbert\/<\/a>\u00a0i\/o l&#8217;Instagram del nostre cicle: @gerbertmarquetingipublicitat.<\/p>\n<p><strong>PREINSCRIPCI\u00d3 CICLES FORMATIUS DE GRAU SUPERIOR: <a href=\"https:\/\/preinscripcio.gencat.cat\/ca\/estudis\/fp-grau-superior\/preinscriute\/sollicitud\/\">ENLLA\u00c7<\/a><\/strong><\/p>\n<p><a href=\"https:\/\/agora.xtec.cat\/iesgerbert\/wp-content\/uploads\/usu668\/2022\/05\/Banner-matricula-4.png\"><img loading=\"lazy\" decoding=\"async\" class=\"alignnone wp-image-7899\" src=\"https:\/\/agora.xtec.cat\/iesgerbert\/wp-content\/uploads\/usu668\/2022\/05\/Banner-matricula-4-1024x512.png\" alt=\"\" width=\"894\" height=\"447\" srcset=\"https:\/\/agora.xtec.cat\/iesgerbert\/wp-content\/uploads\/usu668\/2022\/05\/Banner-matricula-4-1024x512.png 1024w, https:\/\/agora.xtec.cat\/iesgerbert\/wp-content\/uploads\/usu668\/2022\/05\/Banner-matricula-4-300x150.png 300w, https:\/\/agora.xtec.cat\/iesgerbert\/wp-content\/uploads\/usu668\/2022\/05\/Banner-matricula-4-768x384.png 768w, https:\/\/agora.xtec.cat\/iesgerbert\/wp-content\/uploads\/usu668\/2022\/05\/Banner-matricula-4-1536x768.png 1536w, https:\/\/agora.xtec.cat\/iesgerbert\/wp-content\/uploads\/usu668\/2022\/05\/Banner-matricula-4-2048x1024.png 2048w\" sizes=\"auto, (max-width: 894px) 100vw, 894px\" \/><\/a><\/p>\n<p>&nbsp;<\/p>\n","protected":false},"excerpt":{"rendered":"<p>Avui s&#8217;inicia el per\u00edode de preinscripci\u00f3 als cicles formatius de grau superior. La preinscripci\u00f3 restar\u00e0 oberta des d&#8217;avui 25 de maig i fins el proper dimarts 31. Tamb\u00e9 s&#8217;inicien doncs les preinscripcions al nostre cicle formatiu de grau superior de M\u00e0rqueting i Publicitat. Per a m\u00e9s informaci\u00f3 podeu consultar la web del nostre centre: https:\/\/agora.xtec.cat\/iesgerbert\/ i\/o l&#8217;Instagram del nostre cicle: @gerbertmarquetingipublicitat.<\/p>\n","protected":false},"author":6,"featured_media":7899,"comment_status":"open","ping_status":"closed","sticky":false,"template":"","format":"standard","meta":{"_bbp_topic_count":0,"_bbp_reply_count":0,"_bbp_total_topic_count":0,"_bbp_total_reply_count":0,"_bbp_voice_count":0,"_bbp_anonymous_reply_count":0,"_bbp_topic_count_hidden":0,"_bbp_reply_count_hidden":0,"_bbp_forum_subforum_count":0,"site-sidebar-layout":"default","site-content-layout":"","ast-site-content-layout":"","site-content-style":"default","site-sidebar-style":"default","ast-global-header-display":"","ast-banner-title-visibility":"","ast-main-header-display":"","ast-hfb-above-header-display":"","ast-hfb-below-header-display":"","ast-hfb-mobile-header-display":"","site-post-title":"","ast-breadcrumbs-content":"","ast-featured-img":"","footer-sml-layout":"","theme-transparent-header-meta":"","adv-header-id-meta":"","stick-header-meta":"","header-above-stick-meta":"","header-main-stick-meta":"","header-below-stick-meta":"","astra-migrate-meta-layouts":"default","ast-page-background-enabled":"default","ast-page-background-meta":{"desktop":{"background-color":"var(--ast-global-color-4)","background-image":"","background-repeat":"repeat","background-position":"center center","background-size":"auto","background-attachment":"scroll","background-type":"","background-media":"","overlay-type":"","overlay-color":"","overlay-opacity":"","overlay-gradient":""},"tablet":{"background-color":"","background-image":"","background-repeat":"repeat","background-position":"center center","background-size":"auto","background-attachment":"scroll","background-type":"","background-media":"","overlay-type":"","overlay-color":"","overlay-opacity":"","overlay-gradient":""},"mobile":{"background-color":"","background-image":"","background-repeat":"repeat","background-position":"center center","background-size":"auto","background-attachment":"scroll","background-type":"","background-media":"","overlay-type":"","overlay-color":"","overlay-opacity":"","overlay-gradient":""}},"ast-content-background-meta":{"desktop":{"background-color":"var(--ast-global-color-5)","background-image":"","background-repeat":"repeat","background-position":"center center","background-size":"auto","background-attachment":"scroll","background-type":"","background-media":"","overlay-type":"","overlay-color":"","overlay-opacity":"","overlay-gradient":""},"tablet":{"background-color":"var(--ast-global-color-5)","background-image":"","background-repeat":"repeat","background-position":"center center","background-size":"auto","background-attachment":"scroll","background-type":"","background-media":"","overlay-type":"","overlay-color":"","overlay-opacity":"","overlay-gradient":""},"mobile":{"background-color":"var(--ast-global-color-5)","background-image":"","background-repeat":"repeat","background-position":"center center","background-size":"auto","background-attachment":"scroll","background-type":"","background-media":"","overlay-type":"","overlay-color":"","overlay-opacity":"","overlay-gradient":""}},"footnotes":""},"categories":[31,1,30,29],"tags":[],"class_list":["post-7921","post","type-post","status-publish","format-standard","has-post-thumbnail","hentry","category-afa","category-general","category-programa-formacio-insercio","category-portada"],"post_mailing_queue_ids":[],"_links":{"self":[{"href":"https:\/\/agora.xtec.cat\/iesgerbert\/wp-json\/wp\/v2\/posts\/7921","targetHints":{"allow":["GET"]}}],"collection":[{"href":"https:\/\/agora.xtec.cat\/iesgerbert\/wp-json\/wp\/v2\/posts"}],"about":[{"href":"https:\/\/agora.xtec.cat\/iesgerbert\/wp-json\/wp\/v2\/types\/post"}],"author":[{"embeddable":true,"href":"https:\/\/agora.xtec.cat\/iesgerbert\/wp-json\/wp\/v2\/users\/6"}],"replies":[{"embeddable":true,"href":"https:\/\/agora.xtec.cat\/iesgerbert\/wp-json\/wp\/v2\/comments?post=7921"}],"version-history":[{"count":3,"href":"https:\/\/agora.xtec.cat\/iesgerbert\/wp-json\/wp\/v2\/posts\/7921\/revisions"}],"predecessor-version":[{"id":7925,"href":"https:\/\/agora.xtec.cat\/iesgerbert\/wp-json\/wp\/v2\/posts\/7921\/revisions\/7925"}],"wp:featuredmedia":[{"embeddable":true,"href":"https:\/\/agora.xtec.cat\/iesgerbert\/wp-json\/wp\/v2\/media\/7899"}],"wp:attachment":[{"href":"https:\/\/agora.xtec.cat\/iesgerbert\/wp-json\/wp\/v2\/media?parent=7921"}],"wp:term":[{"taxonomy":"category","embeddable":true,"href":"https:\/\/agora.xtec.cat\/iesgerbert\/wp-json\/wp\/v2\/categories?post=7921"},{"taxonomy":"post_tag","embeddable":true,"href":"https:\/\/agora.xtec.cat\/iesgerbert\/wp-json\/wp\/v2\/tags?post=7921"}],"curies":[{"name":"wp","href":"https:\/\/api.w.org\/{rel}","templated":true}]}}