{"id":7492,"date":"2022-03-24T14:00:14","date_gmt":"2022-03-24T13:00:14","guid":{"rendered":"https:\/\/agora.xtec.cat\/iesgerbert\/?p=7492"},"modified":"2023-05-15T13:10:43","modified_gmt":"2023-05-15T11:10:43","slug":"treball-lliure-de-2n-de-batxillerat-sobre-un-fragment-de-la-placa-del-diamant","status":"publish","type":"post","link":"https:\/\/agora.xtec.cat\/iesgerbert\/general\/treball-lliure-de-2n-de-batxillerat-sobre-un-fragment-de-la-placa-del-diamant\/","title":{"rendered":"TREBALL LLIURE DE 2n DE BATXILLERAT SOBRE UN FRAGMENT DE LA PLA\u00c7A DEL DIAMANT"},"content":{"rendered":"<p dir=\"auto\" style=\"text-align: justify;\">A continuaci\u00f3 podeu veure el v\u00eddeo que han preparat tres alumnes de 2n de Batxillerat en el marc d&#8217;un treball lliure sobre un fragment de <em>La Pla\u00e7a del Diamant<\/em>. La Cl\u00e0udia Rosas interpreta la Nat\u00e0lia, la protagonista de la hist\u00f2ria, i \u00e9s qui posa la veu en off. La Mariona Mir\u00f3 i la Maria Matamala interpreten la pe\u00e7a musical que acompanya el muntatge que han realitzat. Les felicitem per la feina, per la creativitat i per la sensibilitat que es manifesta en tot el treball. Cliqueu sobre la imatge per veure el v\u00eddeo.<\/p>\n<p dir=\"auto\" style=\"text-align: justify;\"><strong>Judit Altarriba<\/strong><\/p>\n<p dir=\"auto\"><a href=\"https:\/\/www.youtube.com\/watch?v=vsdkNE8RrJ0\"><img loading=\"lazy\" decoding=\"async\" class=\"alignnone size-full wp-image-7491\" src=\"https:\/\/agora.xtec.cat\/iesgerbert\/wp-content\/uploads\/usu668\/2022\/03\/La-placa-del-diamant-video.png\" alt=\"\" width=\"960\" height=\"540\" srcset=\"https:\/\/agora.xtec.cat\/iesgerbert\/wp-content\/uploads\/usu668\/2022\/03\/La-placa-del-diamant-video.png 960w, https:\/\/agora.xtec.cat\/iesgerbert\/wp-content\/uploads\/usu668\/2022\/03\/La-placa-del-diamant-video-300x169.png 300w, https:\/\/agora.xtec.cat\/iesgerbert\/wp-content\/uploads\/usu668\/2022\/03\/La-placa-del-diamant-video-768x432.png 768w\" sizes=\"auto, (max-width: 960px) 100vw, 960px\" \/><\/a><\/p>\n","protected":false},"excerpt":{"rendered":"<p>A continuaci\u00f3 podeu veure el v\u00eddeo que han preparat tres alumnes de 2n de Batxillerat en el marc d&#8217;un treball lliure sobre un fragment de La Pla\u00e7a del Diamant. La Cl\u00e0udia Rosas interpreta la Nat\u00e0lia, la protagonista de la hist\u00f2ria, i \u00e9s qui posa la veu en off. La Mariona Mir\u00f3 i la Maria Matamala interpreten la pe\u00e7a musical que acompanya el muntatge que han realitzat. Les felicitem per la feina, per la creativitat\u00a0 i per la sensibilitat que es manifesta en tot el treball.<\/p>\n","protected":false},"author":6,"featured_media":7491,"comment_status":"open","ping_status":"closed","sticky":false,"template":"","format":"standard","meta":{"_bbp_topic_count":0,"_bbp_reply_count":0,"_bbp_total_topic_count":0,"_bbp_total_reply_count":0,"_bbp_voice_count":0,"_bbp_anonymous_reply_count":0,"_bbp_topic_count_hidden":0,"_bbp_reply_count_hidden":0,"_bbp_forum_subforum_count":0,"site-sidebar-layout":"default","site-content-layout":"","ast-site-content-layout":"","site-content-style":"default","site-sidebar-style":"default","ast-global-header-display":"","ast-banner-title-visibility":"","ast-main-header-display":"","ast-hfb-above-header-display":"","ast-hfb-below-header-display":"","ast-hfb-mobile-header-display":"","site-post-title":"","ast-breadcrumbs-content":"","ast-featured-img":"","footer-sml-layout":"","theme-transparent-header-meta":"","adv-header-id-meta":"","stick-header-meta":"","header-above-stick-meta":"","header-main-stick-meta":"","header-below-stick-meta":"","astra-migrate-meta-layouts":"default","ast-page-background-enabled":"default","ast-page-background-meta":{"desktop":{"background-color":"var(--ast-global-color-4)","background-image":"","background-repeat":"repeat","background-position":"center center","background-size":"auto","background-attachment":"scroll","background-type":"","background-media":"","overlay-type":"","overlay-color":"","overlay-opacity":"","overlay-gradient":""},"tablet":{"background-color":"","background-image":"","background-repeat":"repeat","background-position":"center center","background-size":"auto","background-attachment":"scroll","background-type":"","background-media":"","overlay-type":"","overlay-color":"","overlay-opacity":"","overlay-gradient":""},"mobile":{"background-color":"","background-image":"","background-repeat":"repeat","background-position":"center center","background-size":"auto","background-attachment":"scroll","background-type":"","background-media":"","overlay-type":"","overlay-color":"","overlay-opacity":"","overlay-gradient":""}},"ast-content-background-meta":{"desktop":{"background-color":"var(--ast-global-color-5)","background-image":"","background-repeat":"repeat","background-position":"center center","background-size":"auto","background-attachment":"scroll","background-type":"","background-media":"","overlay-type":"","overlay-color":"","overlay-opacity":"","overlay-gradient":""},"tablet":{"background-color":"var(--ast-global-color-5)","background-image":"","background-repeat":"repeat","background-position":"center center","background-size":"auto","background-attachment":"scroll","background-type":"","background-media":"","overlay-type":"","overlay-color":"","overlay-opacity":"","overlay-gradient":""},"mobile":{"background-color":"var(--ast-global-color-5)","background-image":"","background-repeat":"repeat","background-position":"center center","background-size":"auto","background-attachment":"scroll","background-type":"","background-media":"","overlay-type":"","overlay-color":"","overlay-opacity":"","overlay-gradient":""}},"footnotes":""},"categories":[31,8,1,29],"tags":[],"class_list":["post-7492","post","type-post","status-publish","format-standard","has-post-thumbnail","hentry","category-afa","category-batxillerat","category-general","category-portada"],"post_mailing_queue_ids":[],"_links":{"self":[{"href":"https:\/\/agora.xtec.cat\/iesgerbert\/wp-json\/wp\/v2\/posts\/7492","targetHints":{"allow":["GET"]}}],"collection":[{"href":"https:\/\/agora.xtec.cat\/iesgerbert\/wp-json\/wp\/v2\/posts"}],"about":[{"href":"https:\/\/agora.xtec.cat\/iesgerbert\/wp-json\/wp\/v2\/types\/post"}],"author":[{"embeddable":true,"href":"https:\/\/agora.xtec.cat\/iesgerbert\/wp-json\/wp\/v2\/users\/6"}],"replies":[{"embeddable":true,"href":"https:\/\/agora.xtec.cat\/iesgerbert\/wp-json\/wp\/v2\/comments?post=7492"}],"version-history":[{"count":3,"href":"https:\/\/agora.xtec.cat\/iesgerbert\/wp-json\/wp\/v2\/posts\/7492\/revisions"}],"predecessor-version":[{"id":7495,"href":"https:\/\/agora.xtec.cat\/iesgerbert\/wp-json\/wp\/v2\/posts\/7492\/revisions\/7495"}],"wp:featuredmedia":[{"embeddable":true,"href":"https:\/\/agora.xtec.cat\/iesgerbert\/wp-json\/wp\/v2\/media\/7491"}],"wp:attachment":[{"href":"https:\/\/agora.xtec.cat\/iesgerbert\/wp-json\/wp\/v2\/media?parent=7492"}],"wp:term":[{"taxonomy":"category","embeddable":true,"href":"https:\/\/agora.xtec.cat\/iesgerbert\/wp-json\/wp\/v2\/categories?post=7492"},{"taxonomy":"post_tag","embeddable":true,"href":"https:\/\/agora.xtec.cat\/iesgerbert\/wp-json\/wp\/v2\/tags?post=7492"}],"curies":[{"name":"wp","href":"https:\/\/api.w.org\/{rel}","templated":true}]}}