{"id":7295,"date":"2022-03-04T10:23:28","date_gmt":"2022-03-04T09:23:28","guid":{"rendered":"https:\/\/agora.xtec.cat\/iesgerbert\/?p=7295"},"modified":"2023-05-15T13:14:24","modified_gmt":"2023-05-15T11:14:24","slug":"sant-fruitos-de-bages-ajuda-a-ucraina","status":"publish","type":"post","link":"https:\/\/agora.xtec.cat\/iesgerbert\/general\/sant-fruitos-de-bages-ajuda-a-ucraina\/","title":{"rendered":"SANT FRUIT\u00d3S DE BAGES AJUDA UCRA\u00cfNA"},"content":{"rendered":"<p style=\"text-align: justify;\">Davant la tr\u00e0gica situaci\u00f3 que s&#8217;est\u00e0 vivint a Ucra\u00efna, l&#8217;ajuntament de Sant Fruit\u00f3s ha habilitat un n\u00famero de compte per fer aportacions econ\u00f2miques (trobareu el n\u00famero en el cartell adjunt). A m\u00e9s, del 7 al 10 de mar\u00e7 es portar\u00e0 a terme una recollida d&#8217;aliments i altres productes en diferents punts del poble. El nostre institut ser\u00e0 un d&#8217;aquests punts d&#8217;ajuda a Ucra\u00efna. Animem a tothom des d&#8217;aqu\u00ed a col\u00b7laborar. Les aportacions es podran deixar al vest\u00edbul de l&#8217;entrada del centre, davant de consergeria.<\/p>\n<p style=\"text-align: justify;\"><a href=\"https:\/\/agora.xtec.cat\/iesgerbert\/wp-content\/uploads\/usu668\/2022\/03\/SFB-amb-Ucraina.jpg\"><img loading=\"lazy\" decoding=\"async\" class=\"alignnone size-full wp-image-7284\" src=\"https:\/\/agora.xtec.cat\/iesgerbert\/wp-content\/uploads\/usu668\/2022\/03\/SFB-amb-Ucraina.jpg\" alt=\"\" width=\"620\" height=\"877\" srcset=\"https:\/\/agora.xtec.cat\/iesgerbert\/wp-content\/uploads\/usu668\/2022\/03\/SFB-amb-Ucraina.jpg 620w, https:\/\/agora.xtec.cat\/iesgerbert\/wp-content\/uploads\/usu668\/2022\/03\/SFB-amb-Ucraina-212x300.jpg 212w\" sizes=\"auto, (max-width: 620px) 100vw, 620px\" \/><\/a><\/p>\n<div><\/div>\n","protected":false},"excerpt":{"rendered":"<p>Davant la tr\u00e0gica situaci\u00f3 que s&#8217;est\u00e0 vivint a Ucra\u00efna, l&#8217;ajuntament de Sant Fruit\u00f3s ha habilitat un n\u00famero de compte per fer aportacions econ\u00f2miques (trobareu el n\u00famero en el cartell adjunt). A m\u00e9s, del 7 al 10 de mar\u00e7 es portar\u00e0 a terme una recollida d&#8217;aliments i altres productes en diferents punts del poble. El nostre institut ser\u00e0 un d&#8217;aquests punts d&#8217;ajuda a Ucra\u00efna. Animem a tothom des d&#8217;aqu\u00ed a col\u00b7laborar. Les aportacions es podran deixar al vest\u00edbul de l&#8217;entrada del centre, davant de consergeria.\u00a0<\/p>\n","protected":false},"author":6,"featured_media":7284,"comment_status":"open","ping_status":"closed","sticky":false,"template":"","format":"standard","meta":{"_bbp_topic_count":0,"_bbp_reply_count":0,"_bbp_total_topic_count":0,"_bbp_total_reply_count":0,"_bbp_voice_count":0,"_bbp_anonymous_reply_count":0,"_bbp_topic_count_hidden":0,"_bbp_reply_count_hidden":0,"_bbp_forum_subforum_count":0,"site-sidebar-layout":"default","site-content-layout":"","ast-site-content-layout":"","site-content-style":"default","site-sidebar-style":"default","ast-global-header-display":"","ast-banner-title-visibility":"","ast-main-header-display":"","ast-hfb-above-header-display":"","ast-hfb-below-header-display":"","ast-hfb-mobile-header-display":"","site-post-title":"","ast-breadcrumbs-content":"","ast-featured-img":"","footer-sml-layout":"","theme-transparent-header-meta":"","adv-header-id-meta":"","stick-header-meta":"","header-above-stick-meta":"","header-main-stick-meta":"","header-below-stick-meta":"","astra-migrate-meta-layouts":"default","ast-page-background-enabled":"default","ast-page-background-meta":{"desktop":{"background-color":"var(--ast-global-color-4)","background-image":"","background-repeat":"repeat","background-position":"center center","background-size":"auto","background-attachment":"scroll","background-type":"","background-media":"","overlay-type":"","overlay-color":"","overlay-opacity":"","overlay-gradient":""},"tablet":{"background-color":"","background-image":"","background-repeat":"repeat","background-position":"center center","background-size":"auto","background-attachment":"scroll","background-type":"","background-media":"","overlay-type":"","overlay-color":"","overlay-opacity":"","overlay-gradient":""},"mobile":{"background-color":"","background-image":"","background-repeat":"repeat","background-position":"center center","background-size":"auto","background-attachment":"scroll","background-type":"","background-media":"","overlay-type":"","overlay-color":"","overlay-opacity":"","overlay-gradient":""}},"ast-content-background-meta":{"desktop":{"background-color":"var(--ast-global-color-5)","background-image":"","background-repeat":"repeat","background-position":"center center","background-size":"auto","background-attachment":"scroll","background-type":"","background-media":"","overlay-type":"","overlay-color":"","overlay-opacity":"","overlay-gradient":""},"tablet":{"background-color":"var(--ast-global-color-5)","background-image":"","background-repeat":"repeat","background-position":"center center","background-size":"auto","background-attachment":"scroll","background-type":"","background-media":"","overlay-type":"","overlay-color":"","overlay-opacity":"","overlay-gradient":""},"mobile":{"background-color":"var(--ast-global-color-5)","background-image":"","background-repeat":"repeat","background-position":"center center","background-size":"auto","background-attachment":"scroll","background-type":"","background-media":"","overlay-type":"","overlay-color":"","overlay-opacity":"","overlay-gradient":""}},"footnotes":""},"categories":[31,8,3,1,30,29],"tags":[],"class_list":["post-7295","post","type-post","status-publish","format-standard","has-post-thumbnail","hentry","category-afa","category-batxillerat","category-eso","category-general","category-programa-formacio-insercio","category-portada"],"post_mailing_queue_ids":[],"_links":{"self":[{"href":"https:\/\/agora.xtec.cat\/iesgerbert\/wp-json\/wp\/v2\/posts\/7295","targetHints":{"allow":["GET"]}}],"collection":[{"href":"https:\/\/agora.xtec.cat\/iesgerbert\/wp-json\/wp\/v2\/posts"}],"about":[{"href":"https:\/\/agora.xtec.cat\/iesgerbert\/wp-json\/wp\/v2\/types\/post"}],"author":[{"embeddable":true,"href":"https:\/\/agora.xtec.cat\/iesgerbert\/wp-json\/wp\/v2\/users\/6"}],"replies":[{"embeddable":true,"href":"https:\/\/agora.xtec.cat\/iesgerbert\/wp-json\/wp\/v2\/comments?post=7295"}],"version-history":[{"count":3,"href":"https:\/\/agora.xtec.cat\/iesgerbert\/wp-json\/wp\/v2\/posts\/7295\/revisions"}],"predecessor-version":[{"id":7306,"href":"https:\/\/agora.xtec.cat\/iesgerbert\/wp-json\/wp\/v2\/posts\/7295\/revisions\/7306"}],"wp:featuredmedia":[{"embeddable":true,"href":"https:\/\/agora.xtec.cat\/iesgerbert\/wp-json\/wp\/v2\/media\/7284"}],"wp:attachment":[{"href":"https:\/\/agora.xtec.cat\/iesgerbert\/wp-json\/wp\/v2\/media?parent=7295"}],"wp:term":[{"taxonomy":"category","embeddable":true,"href":"https:\/\/agora.xtec.cat\/iesgerbert\/wp-json\/wp\/v2\/categories?post=7295"},{"taxonomy":"post_tag","embeddable":true,"href":"https:\/\/agora.xtec.cat\/iesgerbert\/wp-json\/wp\/v2\/tags?post=7295"}],"curies":[{"name":"wp","href":"https:\/\/api.w.org\/{rel}","templated":true}]}}