{"id":7278,"date":"2022-03-03T10:00:05","date_gmt":"2022-03-03T09:00:05","guid":{"rendered":"https:\/\/agora.xtec.cat\/iesgerbert\/?p=7278"},"modified":"2023-05-15T13:15:15","modified_gmt":"2023-05-15T11:15:15","slug":"benvinguts-al-gerbert-video-portes-obertes","status":"publish","type":"post","link":"https:\/\/agora.xtec.cat\/iesgerbert\/general\/benvinguts-al-gerbert-video-portes-obertes\/","title":{"rendered":"BENVINGUTS AL GERBERT! V\u00cdDEO PORTES OBERTES"},"content":{"rendered":"<p style=\"text-align: justify;\">Us presentem el v\u00eddeo que l&#8217;alumnat de 2n del CFGS de M\u00e0rqueting i Publicitat que cursem al centre ha preparat per presentar el nostre institut en motiu de les jornades de portes obertes que tindran lloc al nostre centre els propers dies. Recordem que les portes obertes per l&#8217;ESO s\u00f3n el proper dissabte 5 de mar\u00e7 i les del Batxillerat, Batxibac i el CFGS de M\u00e0rqueting i Publicitat, el 2 d&#8217;abril. Us convidem a con\u00e8ixer-nos una mica m\u00e9s. Cliqueu sobre la imatge.<\/p>\n<p><a href=\"https:\/\/www.youtube.com\/watch?v=tQH_9chHsdI\"><img loading=\"lazy\" decoding=\"async\" class=\"alignnone size-full wp-image-7271\" src=\"https:\/\/agora.xtec.cat\/iesgerbert\/wp-content\/uploads\/usu668\/2022\/03\/Captura-de-pantalla-2022-03-02-a-las-13.21.38.png\" alt=\"\" width=\"829\" height=\"465\" srcset=\"https:\/\/agora.xtec.cat\/iesgerbert\/wp-content\/uploads\/usu668\/2022\/03\/Captura-de-pantalla-2022-03-02-a-las-13.21.38.png 829w, https:\/\/agora.xtec.cat\/iesgerbert\/wp-content\/uploads\/usu668\/2022\/03\/Captura-de-pantalla-2022-03-02-a-las-13.21.38-300x168.png 300w, https:\/\/agora.xtec.cat\/iesgerbert\/wp-content\/uploads\/usu668\/2022\/03\/Captura-de-pantalla-2022-03-02-a-las-13.21.38-768x431.png 768w\" sizes=\"auto, (max-width: 829px) 100vw, 829px\" \/><\/a><\/p>\n<p><strong>Elena Hern\u00e1ndez, professora del CFGS de M\u00e0rqueting i Publicitat<\/strong><\/p>\n","protected":false},"excerpt":{"rendered":"<p>Us presentem el v\u00eddeo que l&#8217;alumnat de 2n del CFGS de M\u00e0rqueting i Publicitat que cursem al centre ha preparat per presentar el nostre institut en motiu de les jornades de portes obertes que tindran lloc al nostre centre els propers dies. Recordem que les portes obertes per l&#8217;ESO s\u00f3n el proper dissabte 5 de mar\u00e7 i les del Batxillerat, Batxibac i el CFGS de M\u00e0rqueting i Publicitat, el 2 d&#8217;abril. Us convidem a con\u00e8ixer-nos una mica m\u00e9s.\u00a0<\/p>\n","protected":false},"author":6,"featured_media":7271,"comment_status":"open","ping_status":"closed","sticky":false,"template":"","format":"standard","meta":{"_bbp_topic_count":0,"_bbp_reply_count":0,"_bbp_total_topic_count":0,"_bbp_total_reply_count":0,"_bbp_voice_count":0,"_bbp_anonymous_reply_count":0,"_bbp_topic_count_hidden":0,"_bbp_reply_count_hidden":0,"_bbp_forum_subforum_count":0,"site-sidebar-layout":"default","site-content-layout":"","ast-site-content-layout":"","site-content-style":"default","site-sidebar-style":"default","ast-global-header-display":"","ast-banner-title-visibility":"","ast-main-header-display":"","ast-hfb-above-header-display":"","ast-hfb-below-header-display":"","ast-hfb-mobile-header-display":"","site-post-title":"","ast-breadcrumbs-content":"","ast-featured-img":"","footer-sml-layout":"","theme-transparent-header-meta":"","adv-header-id-meta":"","stick-header-meta":"","header-above-stick-meta":"","header-main-stick-meta":"","header-below-stick-meta":"","astra-migrate-meta-layouts":"default","ast-page-background-enabled":"default","ast-page-background-meta":{"desktop":{"background-color":"var(--ast-global-color-4)","background-image":"","background-repeat":"repeat","background-position":"center center","background-size":"auto","background-attachment":"scroll","background-type":"","background-media":"","overlay-type":"","overlay-color":"","overlay-opacity":"","overlay-gradient":""},"tablet":{"background-color":"","background-image":"","background-repeat":"repeat","background-position":"center center","background-size":"auto","background-attachment":"scroll","background-type":"","background-media":"","overlay-type":"","overlay-color":"","overlay-opacity":"","overlay-gradient":""},"mobile":{"background-color":"","background-image":"","background-repeat":"repeat","background-position":"center center","background-size":"auto","background-attachment":"scroll","background-type":"","background-media":"","overlay-type":"","overlay-color":"","overlay-opacity":"","overlay-gradient":""}},"ast-content-background-meta":{"desktop":{"background-color":"var(--ast-global-color-5)","background-image":"","background-repeat":"repeat","background-position":"center center","background-size":"auto","background-attachment":"scroll","background-type":"","background-media":"","overlay-type":"","overlay-color":"","overlay-opacity":"","overlay-gradient":""},"tablet":{"background-color":"var(--ast-global-color-5)","background-image":"","background-repeat":"repeat","background-position":"center center","background-size":"auto","background-attachment":"scroll","background-type":"","background-media":"","overlay-type":"","overlay-color":"","overlay-opacity":"","overlay-gradient":""},"mobile":{"background-color":"var(--ast-global-color-5)","background-image":"","background-repeat":"repeat","background-position":"center center","background-size":"auto","background-attachment":"scroll","background-type":"","background-media":"","overlay-type":"","overlay-color":"","overlay-opacity":"","overlay-gradient":""}},"footnotes":""},"categories":[31,8,3,1,30,29],"tags":[],"class_list":["post-7278","post","type-post","status-publish","format-standard","has-post-thumbnail","hentry","category-afa","category-batxillerat","category-eso","category-general","category-programa-formacio-insercio","category-portada"],"post_mailing_queue_ids":[],"_links":{"self":[{"href":"https:\/\/agora.xtec.cat\/iesgerbert\/wp-json\/wp\/v2\/posts\/7278","targetHints":{"allow":["GET"]}}],"collection":[{"href":"https:\/\/agora.xtec.cat\/iesgerbert\/wp-json\/wp\/v2\/posts"}],"about":[{"href":"https:\/\/agora.xtec.cat\/iesgerbert\/wp-json\/wp\/v2\/types\/post"}],"author":[{"embeddable":true,"href":"https:\/\/agora.xtec.cat\/iesgerbert\/wp-json\/wp\/v2\/users\/6"}],"replies":[{"embeddable":true,"href":"https:\/\/agora.xtec.cat\/iesgerbert\/wp-json\/wp\/v2\/comments?post=7278"}],"version-history":[{"count":3,"href":"https:\/\/agora.xtec.cat\/iesgerbert\/wp-json\/wp\/v2\/posts\/7278\/revisions"}],"predecessor-version":[{"id":7307,"href":"https:\/\/agora.xtec.cat\/iesgerbert\/wp-json\/wp\/v2\/posts\/7278\/revisions\/7307"}],"wp:featuredmedia":[{"embeddable":true,"href":"https:\/\/agora.xtec.cat\/iesgerbert\/wp-json\/wp\/v2\/media\/7271"}],"wp:attachment":[{"href":"https:\/\/agora.xtec.cat\/iesgerbert\/wp-json\/wp\/v2\/media?parent=7278"}],"wp:term":[{"taxonomy":"category","embeddable":true,"href":"https:\/\/agora.xtec.cat\/iesgerbert\/wp-json\/wp\/v2\/categories?post=7278"},{"taxonomy":"post_tag","embeddable":true,"href":"https:\/\/agora.xtec.cat\/iesgerbert\/wp-json\/wp\/v2\/tags?post=7278"}],"curies":[{"name":"wp","href":"https:\/\/api.w.org\/{rel}","templated":true}]}}