{"id":7139,"date":"2022-02-10T12:55:28","date_gmt":"2022-02-10T11:55:28","guid":{"rendered":"https:\/\/agora.xtec.cat\/iesgerbert\/?p=7139"},"modified":"2023-05-15T13:42:04","modified_gmt":"2023-05-15T11:42:04","slug":"nova-normativa-sobre-lus-de-mascaretes-als-centres-educatius","status":"publish","type":"post","link":"https:\/\/agora.xtec.cat\/iesgerbert\/general\/nova-normativa-sobre-lus-de-mascaretes-als-centres-educatius\/","title":{"rendered":"NOVA NORMATIVA SOBRE L&#8217;\u00daS DE MASCARETES ALS CENTRES EDUCATIUS"},"content":{"rendered":"<p>Avui dia 10 de febrer ha entrat en vigor el Reial Decret 115\/2022, de 8 de febrer, pel\u00a0qual es modifica l\u2019obligatorietat de l\u2019\u00fas de mascaretes durant la situaci\u00f3 de crisi sanit\u00e0ria\u00a0ocasionada per la COVID-19.\u00a0L\u2019\u00fas de mascareta deixa de ser obligatori en els espais exteriors, amb excepci\u00f3 dels\u00a0esdeveniments multitudinaris. En conseq\u00fc\u00e8ncia, en l\u2019\u00e0mbit dels centres educatius, no\u00a0caldr\u00e0 fer \u00fas de la mascareta:<\/p>\n<p>. Al pati o a d\u2019altres espais exteriors dels centres educatius.<br \/>\n. A les excursions i sortides a l\u2019aire lliure. S\u00ed que ser\u00e0 necessari fer-la servir durant\u00a0el despla\u00e7ament si s\u2019utilitza algun mitj\u00e0 de transport p\u00fablic o privat (autocar, tren,\u00a0metro&#8230;).<br \/>\n. Als espais exteriors durant les col\u00f2nies o altres estades amb pernoctaci\u00f3.<\/p>\n<p>Als espais interiors caldr\u00e0 continuar fent \u00fas de la mascareta, exceptuant en el\u00a0moment de l\u2019\u00e0pat al menjador escolar o quan es faci alguna activitat que n\u2019impedeix l\u2019\u00fas (activitat f\u00edsica d\u2019alta intensitat, tocar la flauta&#8230;), malgrat que es\u00a0recomana que aquestes activitats es facin a l\u2019exterior sempre que sigui possible.<\/p>\n<p>Cal afegir que la\u00a0norma fa refer\u00e8ncia tant a l\u2019alumnat com als i les professionals dels centres educatius i tamb\u00e9 independentment de la pres\u00e8ncia de diferents grups de conviv\u00e8ncia estable.<\/p>\n","protected":false},"excerpt":{"rendered":"<p>Avui dia 10 de febrer ha entrat en vigor el Reial Decret 115\/2022, de 8 de febrer, pel\u00a0qual es modifica l\u2019obligatorietat de l\u2019\u00fas de mascaretes durant la situaci\u00f3 de crisi sanit\u00e0ria\u00a0ocasionada per la COVID-19.\u00a0L\u2019\u00fas de mascareta deixa de ser obligatori en els espais exteriors, amb excepci\u00f3 dels\u00a0esdeveniments multitudinaris. En conseq\u00fc\u00e8ncia, en l\u2019\u00e0mbit dels centres educatius, no\u00a0caldr\u00e0 fer \u00fas de la mascareta&#8230;<\/p>\n","protected":false},"author":6,"featured_media":7141,"comment_status":"open","ping_status":"closed","sticky":false,"template":"","format":"standard","meta":{"_bbp_topic_count":0,"_bbp_reply_count":0,"_bbp_total_topic_count":0,"_bbp_total_reply_count":0,"_bbp_voice_count":0,"_bbp_anonymous_reply_count":0,"_bbp_topic_count_hidden":0,"_bbp_reply_count_hidden":0,"_bbp_forum_subforum_count":0,"site-sidebar-layout":"default","site-content-layout":"","ast-site-content-layout":"","site-content-style":"default","site-sidebar-style":"default","ast-global-header-display":"","ast-banner-title-visibility":"","ast-main-header-display":"","ast-hfb-above-header-display":"","ast-hfb-below-header-display":"","ast-hfb-mobile-header-display":"","site-post-title":"","ast-breadcrumbs-content":"","ast-featured-img":"","footer-sml-layout":"","theme-transparent-header-meta":"","adv-header-id-meta":"","stick-header-meta":"","header-above-stick-meta":"","header-main-stick-meta":"","header-below-stick-meta":"","astra-migrate-meta-layouts":"default","ast-page-background-enabled":"default","ast-page-background-meta":{"desktop":{"background-color":"var(--ast-global-color-4)","background-image":"","background-repeat":"repeat","background-position":"center center","background-size":"auto","background-attachment":"scroll","background-type":"","background-media":"","overlay-type":"","overlay-color":"","overlay-opacity":"","overlay-gradient":""},"tablet":{"background-color":"","background-image":"","background-repeat":"repeat","background-position":"center center","background-size":"auto","background-attachment":"scroll","background-type":"","background-media":"","overlay-type":"","overlay-color":"","overlay-opacity":"","overlay-gradient":""},"mobile":{"background-color":"","background-image":"","background-repeat":"repeat","background-position":"center center","background-size":"auto","background-attachment":"scroll","background-type":"","background-media":"","overlay-type":"","overlay-color":"","overlay-opacity":"","overlay-gradient":""}},"ast-content-background-meta":{"desktop":{"background-color":"var(--ast-global-color-5)","background-image":"","background-repeat":"repeat","background-position":"center center","background-size":"auto","background-attachment":"scroll","background-type":"","background-media":"","overlay-type":"","overlay-color":"","overlay-opacity":"","overlay-gradient":""},"tablet":{"background-color":"var(--ast-global-color-5)","background-image":"","background-repeat":"repeat","background-position":"center center","background-size":"auto","background-attachment":"scroll","background-type":"","background-media":"","overlay-type":"","overlay-color":"","overlay-opacity":"","overlay-gradient":""},"mobile":{"background-color":"var(--ast-global-color-5)","background-image":"","background-repeat":"repeat","background-position":"center center","background-size":"auto","background-attachment":"scroll","background-type":"","background-media":"","overlay-type":"","overlay-color":"","overlay-opacity":"","overlay-gradient":""}},"footnotes":""},"categories":[31,8,3,1,30,29],"tags":[],"class_list":["post-7139","post","type-post","status-publish","format-standard","has-post-thumbnail","hentry","category-afa","category-batxillerat","category-eso","category-general","category-programa-formacio-insercio","category-portada"],"post_mailing_queue_ids":[],"_links":{"self":[{"href":"https:\/\/agora.xtec.cat\/iesgerbert\/wp-json\/wp\/v2\/posts\/7139","targetHints":{"allow":["GET"]}}],"collection":[{"href":"https:\/\/agora.xtec.cat\/iesgerbert\/wp-json\/wp\/v2\/posts"}],"about":[{"href":"https:\/\/agora.xtec.cat\/iesgerbert\/wp-json\/wp\/v2\/types\/post"}],"author":[{"embeddable":true,"href":"https:\/\/agora.xtec.cat\/iesgerbert\/wp-json\/wp\/v2\/users\/6"}],"replies":[{"embeddable":true,"href":"https:\/\/agora.xtec.cat\/iesgerbert\/wp-json\/wp\/v2\/comments?post=7139"}],"version-history":[{"count":3,"href":"https:\/\/agora.xtec.cat\/iesgerbert\/wp-json\/wp\/v2\/posts\/7139\/revisions"}],"predecessor-version":[{"id":7145,"href":"https:\/\/agora.xtec.cat\/iesgerbert\/wp-json\/wp\/v2\/posts\/7139\/revisions\/7145"}],"wp:featuredmedia":[{"embeddable":true,"href":"https:\/\/agora.xtec.cat\/iesgerbert\/wp-json\/wp\/v2\/media\/7141"}],"wp:attachment":[{"href":"https:\/\/agora.xtec.cat\/iesgerbert\/wp-json\/wp\/v2\/media?parent=7139"}],"wp:term":[{"taxonomy":"category","embeddable":true,"href":"https:\/\/agora.xtec.cat\/iesgerbert\/wp-json\/wp\/v2\/categories?post=7139"},{"taxonomy":"post_tag","embeddable":true,"href":"https:\/\/agora.xtec.cat\/iesgerbert\/wp-json\/wp\/v2\/tags?post=7139"}],"curies":[{"name":"wp","href":"https:\/\/api.w.org\/{rel}","templated":true}]}}