{"id":7092,"date":"2022-02-02T13:29:17","date_gmt":"2022-02-02T12:29:17","guid":{"rendered":"https:\/\/agora.xtec.cat\/iesgerbert\/?p=7092"},"modified":"2023-05-15T13:42:46","modified_gmt":"2023-05-15T11:42:46","slug":"recordar-per-no-oblidar-inauguracio-de-lespai-de-la-memoria-historica-de-sant-fruitos","status":"publish","type":"post","link":"https:\/\/agora.xtec.cat\/iesgerbert\/general\/recordar-per-no-oblidar-inauguracio-de-lespai-de-la-memoria-historica-de-sant-fruitos\/","title":{"rendered":"&#8220;RECORDAR PER NO OBLIDAR&#8221;. INAUGURACI\u00d3 DE L&#8217;ESPAI DE LA MEM\u00d2RIA HIST\u00d2RICA DE SANT FRUIT\u00d3S"},"content":{"rendered":"<p style=\"text-align: justify;\"><span style=\"font-weight: 400;\">Ara ja fa uns quants anys, i de la m\u00e0 de la Vict\u00f2ria Soler, l\u2019Institut Gerbert d\u2019Aurillac inici\u00e0 el cam\u00ed de la recuperaci\u00f3 de la mem\u00f2ria hist\u00f2rica tot vinculant-se al projecte Manresa-Mauthausen.<\/span><\/p>\n<p style=\"text-align: justify;\"><span style=\"font-weight: 400;\">Ben aviat compt\u00e0 amb el suport tant de l\u2019Ajuntament de Sant Fruit\u00f3s com de l\u2019Arxiu i la Biblioteca municipals per salvar de l\u2019oblit les v\u00edctimes de la barb\u00e0rie nazi. Aix\u00ed, es van organitzar les jornades \u201cSant Fruit\u00f3s de Bages i els camps d\u2019extermini nazis. Recordar per no oblidar\u201d. Enguany passem per la tercera edici\u00f3. Ni tan sols una pand\u00e8mia ha aconseguit aturar la iniciativa.<\/span><\/p>\n<p style=\"text-align: justify;\"><span style=\"font-weight: 400;\">Han estat anys de recerca, de mirar de lligar caps, de procurar que l\u2019alumnat del nostre centre sigui conscient dels fets i s\u2019impliqui, de mirar de fer part\u00edcip tot el poble de Sant Fruit\u00f3s\u2026 I l\u2019esfor\u00e7 ha donat fruits. Van apar\u00e8ixer dos noms: Arturo Cura Bosch i Antonio Escal\u00e9 Claramunt. Els dos fruitosencs, els dos exiliats, els dos deportats a Mauthausen, els dos assassinats a Gusen\u2026<\/span><\/p>\n<p style=\"text-align: justify;\"><span style=\"font-weight: 400;\">Nom\u00e9s faltava donar-los el seu lloc en el record col.lectiu. Per aquest motiu, el passat diumenge 30 de gener es va inaugurar l\u2019espai de la mem\u00f2ria hist\u00f2rica de Sant Fruit\u00f3s. En ell, una escultura en record de totes les v\u00edctimes de la Guerra Civil espanyola i la Segona Guerra Mundial i dues Stolpersteine en mem\u00f2ria de l\u2019Arturo Cura Bosch i l\u2019Antonio Escal\u00e9 Claramunt.\u00a0<\/span><\/p>\n<p style=\"text-align: justify;\"><span style=\"font-weight: 400;\">Sempre, sempre, <\/span><b>recordar per no oblidar<\/b><span style=\"font-weight: 400;\">.<\/span><\/p>\n<p style=\"text-align: justify;\"><strong>Eva Luj\u00e1n, professora del departament de Socials del centre<\/strong><\/p>\n<p>&nbsp;<\/p>\n<p><a href=\"https:\/\/agora.xtec.cat\/iesgerbert\/wp-content\/uploads\/usu668\/2022\/02\/IMG_7066.jpg\"><img loading=\"lazy\" decoding=\"async\" class=\"alignnone wp-image-7105\" src=\"https:\/\/agora.xtec.cat\/iesgerbert\/wp-content\/uploads\/usu668\/2022\/02\/IMG_7066-1024x683.jpg\" alt=\"\" width=\"804\" height=\"536\" srcset=\"https:\/\/agora.xtec.cat\/iesgerbert\/wp-content\/uploads\/usu668\/2022\/02\/IMG_7066-1024x683.jpg 1024w, https:\/\/agora.xtec.cat\/iesgerbert\/wp-content\/uploads\/usu668\/2022\/02\/IMG_7066-300x200.jpg 300w, https:\/\/agora.xtec.cat\/iesgerbert\/wp-content\/uploads\/usu668\/2022\/02\/IMG_7066-768x512.jpg 768w, https:\/\/agora.xtec.cat\/iesgerbert\/wp-content\/uploads\/usu668\/2022\/02\/IMG_7066.jpg 1500w\" sizes=\"auto, (max-width: 804px) 100vw, 804px\" \/><\/a><\/p>\n<p><a href=\"https:\/\/agora.xtec.cat\/iesgerbert\/wp-content\/uploads\/usu668\/2022\/02\/IMG_7063.jpg\"><img loading=\"lazy\" decoding=\"async\" class=\"alignnone wp-image-7104\" src=\"https:\/\/agora.xtec.cat\/iesgerbert\/wp-content\/uploads\/usu668\/2022\/02\/IMG_7063-1024x683.jpg\" alt=\"\" width=\"804\" height=\"536\" srcset=\"https:\/\/agora.xtec.cat\/iesgerbert\/wp-content\/uploads\/usu668\/2022\/02\/IMG_7063-1024x683.jpg 1024w, https:\/\/agora.xtec.cat\/iesgerbert\/wp-content\/uploads\/usu668\/2022\/02\/IMG_7063-300x200.jpg 300w, https:\/\/agora.xtec.cat\/iesgerbert\/wp-content\/uploads\/usu668\/2022\/02\/IMG_7063-768x512.jpg 768w, https:\/\/agora.xtec.cat\/iesgerbert\/wp-content\/uploads\/usu668\/2022\/02\/IMG_7063.jpg 1500w\" sizes=\"auto, (max-width: 804px) 100vw, 804px\" \/><\/a><\/p>\n<p><a href=\"https:\/\/agora.xtec.cat\/iesgerbert\/wp-content\/uploads\/usu668\/2022\/02\/20220130_124545.jpg\"><img loading=\"lazy\" decoding=\"async\" class=\"alignnone wp-image-7100\" src=\"https:\/\/agora.xtec.cat\/iesgerbert\/wp-content\/uploads\/usu668\/2022\/02\/20220130_124545-498x1024.jpg\" alt=\"\" width=\"401\" height=\"825\" srcset=\"https:\/\/agora.xtec.cat\/iesgerbert\/wp-content\/uploads\/usu668\/2022\/02\/20220130_124545-498x1024.jpg 498w, https:\/\/agora.xtec.cat\/iesgerbert\/wp-content\/uploads\/usu668\/2022\/02\/20220130_124545-146x300.jpg 146w, https:\/\/agora.xtec.cat\/iesgerbert\/wp-content\/uploads\/usu668\/2022\/02\/20220130_124545.jpg 688w\" sizes=\"auto, (max-width: 401px) 100vw, 401px\" \/> <\/a><a href=\"https:\/\/agora.xtec.cat\/iesgerbert\/wp-content\/uploads\/usu668\/2022\/02\/20220130_131526.jpg\"><img loading=\"lazy\" decoding=\"async\" class=\"alignnone wp-image-7101\" src=\"https:\/\/agora.xtec.cat\/iesgerbert\/wp-content\/uploads\/usu668\/2022\/02\/20220130_131526-498x1024.jpg\" alt=\"\" width=\"403\" height=\"828\" srcset=\"https:\/\/agora.xtec.cat\/iesgerbert\/wp-content\/uploads\/usu668\/2022\/02\/20220130_131526-498x1024.jpg 498w, https:\/\/agora.xtec.cat\/iesgerbert\/wp-content\/uploads\/usu668\/2022\/02\/20220130_131526-146x300.jpg 146w, https:\/\/agora.xtec.cat\/iesgerbert\/wp-content\/uploads\/usu668\/2022\/02\/20220130_131526.jpg 688w\" sizes=\"auto, (max-width: 403px) 100vw, 403px\" \/><\/a><\/p>\n<p><a href=\"https:\/\/agora.xtec.cat\/iesgerbert\/wp-content\/uploads\/usu668\/2022\/02\/IMG_7100.jpg\"><img loading=\"lazy\" decoding=\"async\" class=\"alignnone wp-image-7106\" src=\"https:\/\/agora.xtec.cat\/iesgerbert\/wp-content\/uploads\/usu668\/2022\/02\/IMG_7100-683x1024.jpg\" alt=\"\" width=\"809\" height=\"1214\" srcset=\"https:\/\/agora.xtec.cat\/iesgerbert\/wp-content\/uploads\/usu668\/2022\/02\/IMG_7100-683x1024.jpg 683w, https:\/\/agora.xtec.cat\/iesgerbert\/wp-content\/uploads\/usu668\/2022\/02\/IMG_7100-200x300.jpg 200w, https:\/\/agora.xtec.cat\/iesgerbert\/wp-content\/uploads\/usu668\/2022\/02\/IMG_7100-768x1152.jpg 768w, https:\/\/agora.xtec.cat\/iesgerbert\/wp-content\/uploads\/usu668\/2022\/02\/IMG_7100.jpg 1000w\" sizes=\"auto, (max-width: 809px) 100vw, 809px\" \/><\/a><\/p>\n<p><a href=\"https:\/\/agora.xtec.cat\/iesgerbert\/wp-content\/uploads\/usu668\/2022\/02\/IMG-20211028-WA0001.jpg\"><img loading=\"lazy\" decoding=\"async\" class=\"alignnone wp-image-7107\" src=\"https:\/\/agora.xtec.cat\/iesgerbert\/wp-content\/uploads\/usu668\/2022\/02\/IMG-20211028-WA0001.jpg\" alt=\"\" width=\"808\" height=\"606\" srcset=\"https:\/\/agora.xtec.cat\/iesgerbert\/wp-content\/uploads\/usu668\/2022\/02\/IMG-20211028-WA0001.jpg 800w, https:\/\/agora.xtec.cat\/iesgerbert\/wp-content\/uploads\/usu668\/2022\/02\/IMG-20211028-WA0001-300x225.jpg 300w, https:\/\/agora.xtec.cat\/iesgerbert\/wp-content\/uploads\/usu668\/2022\/02\/IMG-20211028-WA0001-768x576.jpg 768w, https:\/\/agora.xtec.cat\/iesgerbert\/wp-content\/uploads\/usu668\/2022\/02\/IMG-20211028-WA0001-200x150.jpg 200w\" sizes=\"auto, (max-width: 808px) 100vw, 808px\" \/><\/a><\/p>\n<p><a href=\"https:\/\/agora.xtec.cat\/iesgerbert\/wp-content\/uploads\/usu668\/2022\/02\/IMG_7022.jpg\"><img loading=\"lazy\" decoding=\"async\" class=\"alignnone wp-image-7102\" src=\"https:\/\/agora.xtec.cat\/iesgerbert\/wp-content\/uploads\/usu668\/2022\/02\/IMG_7022-1024x683.jpg\" alt=\"\" width=\"808\" height=\"539\" srcset=\"https:\/\/agora.xtec.cat\/iesgerbert\/wp-content\/uploads\/usu668\/2022\/02\/IMG_7022-1024x683.jpg 1024w, https:\/\/agora.xtec.cat\/iesgerbert\/wp-content\/uploads\/usu668\/2022\/02\/IMG_7022-300x200.jpg 300w, https:\/\/agora.xtec.cat\/iesgerbert\/wp-content\/uploads\/usu668\/2022\/02\/IMG_7022-768x512.jpg 768w, https:\/\/agora.xtec.cat\/iesgerbert\/wp-content\/uploads\/usu668\/2022\/02\/IMG_7022.jpg 1500w\" sizes=\"auto, (max-width: 808px) 100vw, 808px\" \/><\/a><\/p>\n<p><a href=\"https:\/\/agora.xtec.cat\/iesgerbert\/wp-content\/uploads\/usu668\/2022\/02\/IMG_7048-copia.jpg\"><img loading=\"lazy\" decoding=\"async\" class=\"alignnone wp-image-7103\" src=\"https:\/\/agora.xtec.cat\/iesgerbert\/wp-content\/uploads\/usu668\/2022\/02\/IMG_7048-copia-1024x683.jpg\" alt=\"\" width=\"806\" height=\"538\" srcset=\"https:\/\/agora.xtec.cat\/iesgerbert\/wp-content\/uploads\/usu668\/2022\/02\/IMG_7048-copia-1024x683.jpg 1024w, https:\/\/agora.xtec.cat\/iesgerbert\/wp-content\/uploads\/usu668\/2022\/02\/IMG_7048-copia-300x200.jpg 300w, https:\/\/agora.xtec.cat\/iesgerbert\/wp-content\/uploads\/usu668\/2022\/02\/IMG_7048-copia-768x512.jpg 768w, https:\/\/agora.xtec.cat\/iesgerbert\/wp-content\/uploads\/usu668\/2022\/02\/IMG_7048-copia.jpg 1500w\" sizes=\"auto, (max-width: 806px) 100vw, 806px\" \/><\/a><\/p>\n<p style=\"text-align: justify;\">\n","protected":false},"excerpt":{"rendered":"<p>Ara ja fa uns quants anys, i de la m\u00e0 de la Vict\u00f2ria Soler, l\u2019Institut Gerbert d\u2019Aurillac inici\u00e0 el cam\u00ed de la recuperaci\u00f3 de la mem\u00f2ria hist\u00f2rica tot vinculant-se al projecte Manresa-Mauthausen. Ben aviat compt\u00e0 amb el suport tant de l\u2019Ajuntament de Sant Fruit\u00f3s com de l\u2019Arxiu i la Biblioteca municipals per salvar de l\u2019oblit les v\u00edctimes de la barb\u00e0rie nazi. Aix\u00ed, es van organitzar les jornades \u201cSant Fruit\u00f3s de Bages i els camps d\u2019extermini nazis. Recordar per no oblidar\u201d&#8230;<\/p>\n","protected":false},"author":6,"featured_media":7107,"comment_status":"open","ping_status":"closed","sticky":false,"template":"","format":"standard","meta":{"_bbp_topic_count":0,"_bbp_reply_count":0,"_bbp_total_topic_count":0,"_bbp_total_reply_count":0,"_bbp_voice_count":0,"_bbp_anonymous_reply_count":0,"_bbp_topic_count_hidden":0,"_bbp_reply_count_hidden":0,"_bbp_forum_subforum_count":0,"site-sidebar-layout":"default","site-content-layout":"","ast-site-content-layout":"","site-content-style":"default","site-sidebar-style":"default","ast-global-header-display":"","ast-banner-title-visibility":"","ast-main-header-display":"","ast-hfb-above-header-display":"","ast-hfb-below-header-display":"","ast-hfb-mobile-header-display":"","site-post-title":"","ast-breadcrumbs-content":"","ast-featured-img":"","footer-sml-layout":"","theme-transparent-header-meta":"","adv-header-id-meta":"","stick-header-meta":"","header-above-stick-meta":"","header-main-stick-meta":"","header-below-stick-meta":"","astra-migrate-meta-layouts":"default","ast-page-background-enabled":"default","ast-page-background-meta":{"desktop":{"background-color":"var(--ast-global-color-4)","background-image":"","background-repeat":"repeat","background-position":"center center","background-size":"auto","background-attachment":"scroll","background-type":"","background-media":"","overlay-type":"","overlay-color":"","overlay-opacity":"","overlay-gradient":""},"tablet":{"background-color":"","background-image":"","background-repeat":"repeat","background-position":"center center","background-size":"auto","background-attachment":"scroll","background-type":"","background-media":"","overlay-type":"","overlay-color":"","overlay-opacity":"","overlay-gradient":""},"mobile":{"background-color":"","background-image":"","background-repeat":"repeat","background-position":"center center","background-size":"auto","background-attachment":"scroll","background-type":"","background-media":"","overlay-type":"","overlay-color":"","overlay-opacity":"","overlay-gradient":""}},"ast-content-background-meta":{"desktop":{"background-color":"var(--ast-global-color-5)","background-image":"","background-repeat":"repeat","background-position":"center center","background-size":"auto","background-attachment":"scroll","background-type":"","background-media":"","overlay-type":"","overlay-color":"","overlay-opacity":"","overlay-gradient":""},"tablet":{"background-color":"var(--ast-global-color-5)","background-image":"","background-repeat":"repeat","background-position":"center center","background-size":"auto","background-attachment":"scroll","background-type":"","background-media":"","overlay-type":"","overlay-color":"","overlay-opacity":"","overlay-gradient":""},"mobile":{"background-color":"var(--ast-global-color-5)","background-image":"","background-repeat":"repeat","background-position":"center center","background-size":"auto","background-attachment":"scroll","background-type":"","background-media":"","overlay-type":"","overlay-color":"","overlay-opacity":"","overlay-gradient":""}},"footnotes":""},"categories":[97,31,8,1,29],"tags":[],"class_list":["post-7092","post","type-post","status-publish","format-standard","has-post-thumbnail","hentry","category-1er-batx","category-afa","category-batxillerat","category-general","category-portada"],"post_mailing_queue_ids":[],"_links":{"self":[{"href":"https:\/\/agora.xtec.cat\/iesgerbert\/wp-json\/wp\/v2\/posts\/7092","targetHints":{"allow":["GET"]}}],"collection":[{"href":"https:\/\/agora.xtec.cat\/iesgerbert\/wp-json\/wp\/v2\/posts"}],"about":[{"href":"https:\/\/agora.xtec.cat\/iesgerbert\/wp-json\/wp\/v2\/types\/post"}],"author":[{"embeddable":true,"href":"https:\/\/agora.xtec.cat\/iesgerbert\/wp-json\/wp\/v2\/users\/6"}],"replies":[{"embeddable":true,"href":"https:\/\/agora.xtec.cat\/iesgerbert\/wp-json\/wp\/v2\/comments?post=7092"}],"version-history":[{"count":4,"href":"https:\/\/agora.xtec.cat\/iesgerbert\/wp-json\/wp\/v2\/posts\/7092\/revisions"}],"predecessor-version":[{"id":7119,"href":"https:\/\/agora.xtec.cat\/iesgerbert\/wp-json\/wp\/v2\/posts\/7092\/revisions\/7119"}],"wp:featuredmedia":[{"embeddable":true,"href":"https:\/\/agora.xtec.cat\/iesgerbert\/wp-json\/wp\/v2\/media\/7107"}],"wp:attachment":[{"href":"https:\/\/agora.xtec.cat\/iesgerbert\/wp-json\/wp\/v2\/media?parent=7092"}],"wp:term":[{"taxonomy":"category","embeddable":true,"href":"https:\/\/agora.xtec.cat\/iesgerbert\/wp-json\/wp\/v2\/categories?post=7092"},{"taxonomy":"post_tag","embeddable":true,"href":"https:\/\/agora.xtec.cat\/iesgerbert\/wp-json\/wp\/v2\/tags?post=7092"}],"curies":[{"name":"wp","href":"https:\/\/api.w.org\/{rel}","templated":true}]}}