{"id":6904,"date":"2021-12-13T13:45:21","date_gmt":"2021-12-13T12:45:21","guid":{"rendered":"https:\/\/agora.xtec.cat\/iesgerbert\/?p=6904"},"modified":"2021-12-13T13:44:40","modified_gmt":"2021-12-13T12:44:40","slug":"sortida-de-1r-eso-a-lestacio-meteorologica-de-la-culla","status":"publish","type":"post","link":"https:\/\/agora.xtec.cat\/iesgerbert\/general\/sortida-de-1r-eso-a-lestacio-meteorologica-de-la-culla\/","title":{"rendered":"L&#8217;ALUMNAT DE 1r D&#8217;ESO VISITA L&#8217;ESTACI\u00d3 METEOROL\u00d2GICA DE LA CULLA"},"content":{"rendered":"<p style=\"text-align: justify;\">El 24 de novembre, els alumnes de 1r d&#8217;ESO A de l&#8217;assignatura de Biologia i Geologia van anar a fer una visita a l&#8217;estaci\u00f3 meteorol\u00f2gica del camp d&#8217;aprenentatge a la casa de La Culla de Manresa, i els de 1r d&#8217;ESO B i C hi van anar el 2 de desembre.<\/p>\n<p style=\"text-align: justify;\">Vam sortir a les 8:15 h de l&#8217;institut amb autocar fins a La Culla, on ens van ensenyar la casa i el funcionament de l&#8217;estaci\u00f3 i despr\u00e9s fent una volta pel jard\u00ed meteorol\u00f2gic i estant en contacte amb els diferents aparells, vam prendre dades. Tamb\u00e9 vam aprendre a agafar dades a trav\u00e9s de la p\u00e0gina web de l&#8217;Ag\u00e8ncia Estatal de Meteorologia (AEMET).<\/p>\n<p style=\"text-align: justify;\">Una part de la visita que va despertar gran inter\u00e8s van ser els experiments al laboratori, tots ells relacionats amb la meteorologia. Durant l&#8217;estada tamb\u00e9 vam estar fent alguns jocs per aprendre alguns conceptes sobre la simbologia meteorol\u00f2gica, els diferents tipus de n\u00favols i els fen\u00f2mens meteorol\u00f2gics.<\/p>\n<p style=\"text-align: justify;\">Totes aquestes activitats les vam fer alternant estones d&#8217;esbarjo al bosquet de La Culla on vam aprofitar per esmorzar i fer observacions a ull nu sobre el cel i els fen\u00f2mens meteorol\u00f2gics. La tornada a l&#8217;institut va ser a les 13:45 h.<\/p>\n<p><strong>Valent\u00ed Vall\u00e8s, professor de Ci\u00e8ncies del centre<\/strong><\/p>\n<p><a href=\"https:\/\/agora.xtec.cat\/iesgerbert\/wp-content\/uploads\/usu668\/2021\/12\/IMG_4709.jpg\"><img loading=\"lazy\" decoding=\"async\" class=\"alignnone wp-image-6896\" src=\"https:\/\/agora.xtec.cat\/iesgerbert\/wp-content\/uploads\/usu668\/2021\/12\/IMG_4709.jpg\" alt=\"\" width=\"344\" height=\"459\" srcset=\"https:\/\/agora.xtec.cat\/iesgerbert\/wp-content\/uploads\/usu668\/2021\/12\/IMG_4709.jpg 756w, https:\/\/agora.xtec.cat\/iesgerbert\/wp-content\/uploads\/usu668\/2021\/12\/IMG_4709-225x300.jpg 225w\" sizes=\"auto, (max-width: 344px) 100vw, 344px\" \/> <\/a><a href=\"https:\/\/agora.xtec.cat\/iesgerbert\/wp-content\/uploads\/usu668\/2021\/12\/IMG_20211124_104942.jpg\"><img loading=\"lazy\" decoding=\"async\" class=\"alignnone wp-image-6898\" src=\"https:\/\/agora.xtec.cat\/iesgerbert\/wp-content\/uploads\/usu668\/2021\/12\/IMG_20211124_104942.jpg\" alt=\"\" width=\"344\" height=\"458\" srcset=\"https:\/\/agora.xtec.cat\/iesgerbert\/wp-content\/uploads\/usu668\/2021\/12\/IMG_20211124_104942.jpg 744w, https:\/\/agora.xtec.cat\/iesgerbert\/wp-content\/uploads\/usu668\/2021\/12\/IMG_20211124_104942-225x300.jpg 225w\" sizes=\"auto, (max-width: 344px) 100vw, 344px\" \/><\/a><\/p>\n<p><a href=\"https:\/\/agora.xtec.cat\/iesgerbert\/wp-content\/uploads\/usu668\/2021\/12\/IMG_6552.jpg\"><img loading=\"lazy\" decoding=\"async\" class=\"alignnone wp-image-6897\" src=\"https:\/\/agora.xtec.cat\/iesgerbert\/wp-content\/uploads\/usu668\/2021\/12\/IMG_6552.jpg\" alt=\"\" width=\"347\" height=\"260\" srcset=\"https:\/\/agora.xtec.cat\/iesgerbert\/wp-content\/uploads\/usu668\/2021\/12\/IMG_6552.jpg 1008w, https:\/\/agora.xtec.cat\/iesgerbert\/wp-content\/uploads\/usu668\/2021\/12\/IMG_6552-300x225.jpg 300w, https:\/\/agora.xtec.cat\/iesgerbert\/wp-content\/uploads\/usu668\/2021\/12\/IMG_6552-768x576.jpg 768w, https:\/\/agora.xtec.cat\/iesgerbert\/wp-content\/uploads\/usu668\/2021\/12\/IMG_6552-200x150.jpg 200w\" sizes=\"auto, (max-width: 347px) 100vw, 347px\" \/> <\/a><a href=\"https:\/\/agora.xtec.cat\/iesgerbert\/wp-content\/uploads\/usu668\/2021\/12\/IMG_20211124_125249.jpg\"><img loading=\"lazy\" decoding=\"async\" class=\"alignnone wp-image-6900\" src=\"https:\/\/agora.xtec.cat\/iesgerbert\/wp-content\/uploads\/usu668\/2021\/12\/IMG_20211124_125249.jpg\" alt=\"\" width=\"344\" height=\"258\" srcset=\"https:\/\/agora.xtec.cat\/iesgerbert\/wp-content\/uploads\/usu668\/2021\/12\/IMG_20211124_125249.jpg 992w, https:\/\/agora.xtec.cat\/iesgerbert\/wp-content\/uploads\/usu668\/2021\/12\/IMG_20211124_125249-300x225.jpg 300w, https:\/\/agora.xtec.cat\/iesgerbert\/wp-content\/uploads\/usu668\/2021\/12\/IMG_20211124_125249-768x576.jpg 768w, https:\/\/agora.xtec.cat\/iesgerbert\/wp-content\/uploads\/usu668\/2021\/12\/IMG_20211124_125249-200x150.jpg 200w\" sizes=\"auto, (max-width: 344px) 100vw, 344px\" \/><\/a><\/p>\n<p><a href=\"https:\/\/agora.xtec.cat\/iesgerbert\/wp-content\/uploads\/usu668\/2021\/12\/IMG_20211124_113008.jpg\"><img loading=\"lazy\" decoding=\"async\" class=\"alignnone wp-image-6899\" src=\"https:\/\/agora.xtec.cat\/iesgerbert\/wp-content\/uploads\/usu668\/2021\/12\/IMG_20211124_113008.jpg\" alt=\"\" width=\"349\" height=\"262\" srcset=\"https:\/\/agora.xtec.cat\/iesgerbert\/wp-content\/uploads\/usu668\/2021\/12\/IMG_20211124_113008.jpg 992w, https:\/\/agora.xtec.cat\/iesgerbert\/wp-content\/uploads\/usu668\/2021\/12\/IMG_20211124_113008-300x225.jpg 300w, https:\/\/agora.xtec.cat\/iesgerbert\/wp-content\/uploads\/usu668\/2021\/12\/IMG_20211124_113008-768x576.jpg 768w, https:\/\/agora.xtec.cat\/iesgerbert\/wp-content\/uploads\/usu668\/2021\/12\/IMG_20211124_113008-200x150.jpg 200w\" sizes=\"auto, (max-width: 349px) 100vw, 349px\" \/><\/a><\/p>\n","protected":false},"excerpt":{"rendered":"<p>El 24 de novembre, els alumnes de 1r d&#8217;ESO A de l&#8217;assignatura de Biologia i Geologia van anar a fer una visita a l&#8217;estaci\u00f3 meteorol\u00f2gica del camp d&#8217;aprenentatge a la casa de La Culla de Manresa, i els de 1r d&#8217;ESO B i C hi van anar el 2 de desembre. Una part de la visita que va despertar gran inter\u00e8s van ser els experiments al laboratori, tots ells relacionats amb la meteorologia.<\/p>\n","protected":false},"author":6,"featured_media":6898,"comment_status":"open","ping_status":"closed","sticky":false,"template":"","format":"standard","meta":{"_bbp_topic_count":0,"_bbp_reply_count":0,"_bbp_total_topic_count":0,"_bbp_total_reply_count":0,"_bbp_voice_count":0,"_bbp_anonymous_reply_count":0,"_bbp_topic_count_hidden":0,"_bbp_reply_count_hidden":0,"_bbp_forum_subforum_count":0,"site-sidebar-layout":"default","site-content-layout":"","ast-site-content-layout":"","site-content-style":"default","site-sidebar-style":"default","ast-global-header-display":"","ast-banner-title-visibility":"","ast-main-header-display":"","ast-hfb-above-header-display":"","ast-hfb-below-header-display":"","ast-hfb-mobile-header-display":"","site-post-title":"","ast-breadcrumbs-content":"","ast-featured-img":"","footer-sml-layout":"","theme-transparent-header-meta":"","adv-header-id-meta":"","stick-header-meta":"","header-above-stick-meta":"","header-main-stick-meta":"","header-below-stick-meta":"","astra-migrate-meta-layouts":"default","ast-page-background-enabled":"default","ast-page-background-meta":{"desktop":{"background-color":"var(--ast-global-color-4)","background-image":"","background-repeat":"repeat","background-position":"center center","background-size":"auto","background-attachment":"scroll","background-type":"","background-media":"","overlay-type":"","overlay-color":"","overlay-opacity":"","overlay-gradient":""},"tablet":{"background-color":"","background-image":"","background-repeat":"repeat","background-position":"center center","background-size":"auto","background-attachment":"scroll","background-type":"","background-media":"","overlay-type":"","overlay-color":"","overlay-opacity":"","overlay-gradient":""},"mobile":{"background-color":"","background-image":"","background-repeat":"repeat","background-position":"center center","background-size":"auto","background-attachment":"scroll","background-type":"","background-media":"","overlay-type":"","overlay-color":"","overlay-opacity":"","overlay-gradient":""}},"ast-content-background-meta":{"desktop":{"background-color":"var(--ast-global-color-5)","background-image":"","background-repeat":"repeat","background-position":"center center","background-size":"auto","background-attachment":"scroll","background-type":"","background-media":"","overlay-type":"","overlay-color":"","overlay-opacity":"","overlay-gradient":""},"tablet":{"background-color":"var(--ast-global-color-5)","background-image":"","background-repeat":"repeat","background-position":"center center","background-size":"auto","background-attachment":"scroll","background-type":"","background-media":"","overlay-type":"","overlay-color":"","overlay-opacity":"","overlay-gradient":""},"mobile":{"background-color":"var(--ast-global-color-5)","background-image":"","background-repeat":"repeat","background-position":"center center","background-size":"auto","background-attachment":"scroll","background-type":"","background-media":"","overlay-type":"","overlay-color":"","overlay-opacity":"","overlay-gradient":""}},"footnotes":""},"categories":[31,3,1,29],"tags":[],"class_list":["post-6904","post","type-post","status-publish","format-standard","has-post-thumbnail","hentry","category-afa","category-eso","category-general","category-portada"],"post_mailing_queue_ids":[],"_links":{"self":[{"href":"https:\/\/agora.xtec.cat\/iesgerbert\/wp-json\/wp\/v2\/posts\/6904","targetHints":{"allow":["GET"]}}],"collection":[{"href":"https:\/\/agora.xtec.cat\/iesgerbert\/wp-json\/wp\/v2\/posts"}],"about":[{"href":"https:\/\/agora.xtec.cat\/iesgerbert\/wp-json\/wp\/v2\/types\/post"}],"author":[{"embeddable":true,"href":"https:\/\/agora.xtec.cat\/iesgerbert\/wp-json\/wp\/v2\/users\/6"}],"replies":[{"embeddable":true,"href":"https:\/\/agora.xtec.cat\/iesgerbert\/wp-json\/wp\/v2\/comments?post=6904"}],"version-history":[{"count":4,"href":"https:\/\/agora.xtec.cat\/iesgerbert\/wp-json\/wp\/v2\/posts\/6904\/revisions"}],"predecessor-version":[{"id":6911,"href":"https:\/\/agora.xtec.cat\/iesgerbert\/wp-json\/wp\/v2\/posts\/6904\/revisions\/6911"}],"wp:featuredmedia":[{"embeddable":true,"href":"https:\/\/agora.xtec.cat\/iesgerbert\/wp-json\/wp\/v2\/media\/6898"}],"wp:attachment":[{"href":"https:\/\/agora.xtec.cat\/iesgerbert\/wp-json\/wp\/v2\/media?parent=6904"}],"wp:term":[{"taxonomy":"category","embeddable":true,"href":"https:\/\/agora.xtec.cat\/iesgerbert\/wp-json\/wp\/v2\/categories?post=6904"},{"taxonomy":"post_tag","embeddable":true,"href":"https:\/\/agora.xtec.cat\/iesgerbert\/wp-json\/wp\/v2\/tags?post=6904"}],"curies":[{"name":"wp","href":"https:\/\/api.w.org\/{rel}","templated":true}]}}