{"id":6797,"date":"2021-11-26T13:30:59","date_gmt":"2021-11-26T12:30:59","guid":{"rendered":"https:\/\/agora.xtec.cat\/iesgerbert\/?p=6797"},"modified":"2021-11-25T09:46:14","modified_gmt":"2021-11-25T08:46:14","slug":"primer-consell-de-delegats-i-delegades-del-curs-21-22","status":"publish","type":"post","link":"https:\/\/agora.xtec.cat\/iesgerbert\/general\/primer-consell-de-delegats-i-delegades-del-curs-21-22\/","title":{"rendered":"PRIMER CONSELL DE DELEGATS I DELEGADES DEL CURS 21-22"},"content":{"rendered":"<p style=\"text-align: justify;\">El passat dilluns 22 de novembre a les 11:45 h, amb molta puntualitat, es va realitzar el primer Consell de Delegats i delegades d\u2019aquest curs 2021-2022 a la biblioteca del nostre centre. Per motius de mesures sanit\u00e0ries, dins del context de pand\u00e8mia en qu\u00e8 vivim, no van poder assistir-hi tamb\u00e9 els sotsdelegats i les sotdelegades. Esperem que al proper s\u00ed que ho puguin fer. El Consell va ser presidit pels dos consellers actuals, el Lluc Grandia i la Noa S\u00e0nchez, representants tamb\u00e9 de l\u2019alumnat al Consell escolar, aix\u00ed com un representant de cada classe des de primer d\u2019ESO a segon del CFGS. En total una vintena d\u2019alumnes.<\/p>\n<p style=\"text-align: justify;\">Es van transmetre les propostes que s\u2019havien treballat pr\u00e8viament a les tutories i que la coordinadora pedag\u00f2gica del centre canalitzar\u00e0 a la resta de l\u2019equip directiu i coordinacions. Un cop finalitzat el Consell, amb la demanda de m\u00e9s temps per al proper, ser\u00e0 feina dels representants de les classes fer arribar aquestes informacions als seus respectius grups a trav\u00e9s de les tutories. Tamb\u00e9 es va aprofitar l\u2019ocasi\u00f3 per triar els representants de cada nivell, doncs fins ara no en ten\u00edem.<\/p>\n<p style=\"text-align: justify;\">Amb aquestes reunions s\u2019intenta afavorir la participaci\u00f3 de tot l\u2019alumnat i fomentar la implicaci\u00f3 de manera directa en les decisions del centre. Intentarem trobar-nos un cop per trimestre i abans del Consell Escolar.<\/p>\n<p style=\"text-align: justify;\">Moltes felicitats pel goig i saber estar que van transmetre tots es participants!<\/p>\n<p><strong>Imma Pons, coordinadora pedag\u00f2gica de l&#8217;institut<\/strong><\/p>\n<p>&nbsp;<\/p>\n<p><a href=\"https:\/\/agora.xtec.cat\/iesgerbert\/wp-content\/uploads\/usu668\/2021\/11\/IMG_20211122_115241.jpg\"><img loading=\"lazy\" decoding=\"async\" class=\"alignnone wp-image-6796\" src=\"https:\/\/agora.xtec.cat\/iesgerbert\/wp-content\/uploads\/usu668\/2021\/11\/IMG_20211122_115241.jpg\" alt=\"\" width=\"515\" height=\"386\" srcset=\"https:\/\/agora.xtec.cat\/iesgerbert\/wp-content\/uploads\/usu668\/2021\/11\/IMG_20211122_115241.jpg 1000w, https:\/\/agora.xtec.cat\/iesgerbert\/wp-content\/uploads\/usu668\/2021\/11\/IMG_20211122_115241-300x225.jpg 300w, https:\/\/agora.xtec.cat\/iesgerbert\/wp-content\/uploads\/usu668\/2021\/11\/IMG_20211122_115241-768x576.jpg 768w, https:\/\/agora.xtec.cat\/iesgerbert\/wp-content\/uploads\/usu668\/2021\/11\/IMG_20211122_115241-200x150.jpg 200w\" sizes=\"auto, (max-width: 515px) 100vw, 515px\" \/> <\/a><a href=\"https:\/\/agora.xtec.cat\/iesgerbert\/wp-content\/uploads\/usu668\/2021\/11\/IMG_20211122_115231.jpg\"><img loading=\"lazy\" decoding=\"async\" class=\"alignnone wp-image-6795\" src=\"https:\/\/agora.xtec.cat\/iesgerbert\/wp-content\/uploads\/usu668\/2021\/11\/IMG_20211122_115231.jpg\" alt=\"\" width=\"514\" height=\"386\" srcset=\"https:\/\/agora.xtec.cat\/iesgerbert\/wp-content\/uploads\/usu668\/2021\/11\/IMG_20211122_115231.jpg 1000w, https:\/\/agora.xtec.cat\/iesgerbert\/wp-content\/uploads\/usu668\/2021\/11\/IMG_20211122_115231-300x225.jpg 300w, https:\/\/agora.xtec.cat\/iesgerbert\/wp-content\/uploads\/usu668\/2021\/11\/IMG_20211122_115231-768x576.jpg 768w, https:\/\/agora.xtec.cat\/iesgerbert\/wp-content\/uploads\/usu668\/2021\/11\/IMG_20211122_115231-200x150.jpg 200w\" sizes=\"auto, (max-width: 514px) 100vw, 514px\" \/><\/a><\/p>\n<p><a href=\"https:\/\/agora.xtec.cat\/iesgerbert\/wp-content\/uploads\/usu668\/2021\/11\/IMG_20211122_115220.jpg\"><img loading=\"lazy\" decoding=\"async\" class=\"alignnone wp-image-6794\" src=\"https:\/\/agora.xtec.cat\/iesgerbert\/wp-content\/uploads\/usu668\/2021\/11\/IMG_20211122_115220.jpg\" alt=\"\" width=\"1032\" height=\"774\" srcset=\"https:\/\/agora.xtec.cat\/iesgerbert\/wp-content\/uploads\/usu668\/2021\/11\/IMG_20211122_115220.jpg 1000w, https:\/\/agora.xtec.cat\/iesgerbert\/wp-content\/uploads\/usu668\/2021\/11\/IMG_20211122_115220-300x225.jpg 300w, https:\/\/agora.xtec.cat\/iesgerbert\/wp-content\/uploads\/usu668\/2021\/11\/IMG_20211122_115220-768x576.jpg 768w, https:\/\/agora.xtec.cat\/iesgerbert\/wp-content\/uploads\/usu668\/2021\/11\/IMG_20211122_115220-200x150.jpg 200w\" sizes=\"auto, (max-width: 1032px) 100vw, 1032px\" \/><\/a><\/p>\n<p>&nbsp;<\/p>\n","protected":false},"excerpt":{"rendered":"<p>El passat dilluns 22 de novembre a les 11:45 h, amb molta puntualitat, es va realitzar el primer Consell de Delegats i delegades d\u2019aquest curs 2021-2022 a la biblioteca del nostre centre. Per motius de mesures sanit\u00e0ries, dins del context de pand\u00e8mia en qu\u00e8 vivim, no van poder assistir-hi tamb\u00e9 els sotsdelegats i les sotdelegades. Esperem que al proper s\u00ed que ho puguin fer. El Consell va ser presidit pels dos consellers actuals, el Lluc Grandia i la Noa S\u00e0nchez, representants tamb\u00e9 de l\u2019alumnat al Consell escolar, aix\u00ed com un representant de cada classe des de primer d\u2019ESO a segon del CFGS. En total una vintena d\u2019alumnes.<\/p>\n","protected":false},"author":6,"featured_media":6795,"comment_status":"open","ping_status":"closed","sticky":false,"template":"","format":"standard","meta":{"_bbp_topic_count":0,"_bbp_reply_count":0,"_bbp_total_topic_count":0,"_bbp_total_reply_count":0,"_bbp_voice_count":0,"_bbp_anonymous_reply_count":0,"_bbp_topic_count_hidden":0,"_bbp_reply_count_hidden":0,"_bbp_forum_subforum_count":0,"site-sidebar-layout":"default","site-content-layout":"","ast-site-content-layout":"","site-content-style":"default","site-sidebar-style":"default","ast-global-header-display":"","ast-banner-title-visibility":"","ast-main-header-display":"","ast-hfb-above-header-display":"","ast-hfb-below-header-display":"","ast-hfb-mobile-header-display":"","site-post-title":"","ast-breadcrumbs-content":"","ast-featured-img":"","footer-sml-layout":"","theme-transparent-header-meta":"","adv-header-id-meta":"","stick-header-meta":"","header-above-stick-meta":"","header-main-stick-meta":"","header-below-stick-meta":"","astra-migrate-meta-layouts":"default","ast-page-background-enabled":"default","ast-page-background-meta":{"desktop":{"background-color":"var(--ast-global-color-4)","background-image":"","background-repeat":"repeat","background-position":"center center","background-size":"auto","background-attachment":"scroll","background-type":"","background-media":"","overlay-type":"","overlay-color":"","overlay-opacity":"","overlay-gradient":""},"tablet":{"background-color":"","background-image":"","background-repeat":"repeat","background-position":"center center","background-size":"auto","background-attachment":"scroll","background-type":"","background-media":"","overlay-type":"","overlay-color":"","overlay-opacity":"","overlay-gradient":""},"mobile":{"background-color":"","background-image":"","background-repeat":"repeat","background-position":"center center","background-size":"auto","background-attachment":"scroll","background-type":"","background-media":"","overlay-type":"","overlay-color":"","overlay-opacity":"","overlay-gradient":""}},"ast-content-background-meta":{"desktop":{"background-color":"var(--ast-global-color-5)","background-image":"","background-repeat":"repeat","background-position":"center center","background-size":"auto","background-attachment":"scroll","background-type":"","background-media":"","overlay-type":"","overlay-color":"","overlay-opacity":"","overlay-gradient":""},"tablet":{"background-color":"var(--ast-global-color-5)","background-image":"","background-repeat":"repeat","background-position":"center center","background-size":"auto","background-attachment":"scroll","background-type":"","background-media":"","overlay-type":"","overlay-color":"","overlay-opacity":"","overlay-gradient":""},"mobile":{"background-color":"var(--ast-global-color-5)","background-image":"","background-repeat":"repeat","background-position":"center center","background-size":"auto","background-attachment":"scroll","background-type":"","background-media":"","overlay-type":"","overlay-color":"","overlay-opacity":"","overlay-gradient":""}},"footnotes":""},"categories":[31,8,3,1,30,29],"tags":[],"class_list":["post-6797","post","type-post","status-publish","format-standard","has-post-thumbnail","hentry","category-afa","category-batxillerat","category-eso","category-general","category-programa-formacio-insercio","category-portada"],"post_mailing_queue_ids":[],"_links":{"self":[{"href":"https:\/\/agora.xtec.cat\/iesgerbert\/wp-json\/wp\/v2\/posts\/6797","targetHints":{"allow":["GET"]}}],"collection":[{"href":"https:\/\/agora.xtec.cat\/iesgerbert\/wp-json\/wp\/v2\/posts"}],"about":[{"href":"https:\/\/agora.xtec.cat\/iesgerbert\/wp-json\/wp\/v2\/types\/post"}],"author":[{"embeddable":true,"href":"https:\/\/agora.xtec.cat\/iesgerbert\/wp-json\/wp\/v2\/users\/6"}],"replies":[{"embeddable":true,"href":"https:\/\/agora.xtec.cat\/iesgerbert\/wp-json\/wp\/v2\/comments?post=6797"}],"version-history":[{"count":1,"href":"https:\/\/agora.xtec.cat\/iesgerbert\/wp-json\/wp\/v2\/posts\/6797\/revisions"}],"predecessor-version":[{"id":6798,"href":"https:\/\/agora.xtec.cat\/iesgerbert\/wp-json\/wp\/v2\/posts\/6797\/revisions\/6798"}],"wp:featuredmedia":[{"embeddable":true,"href":"https:\/\/agora.xtec.cat\/iesgerbert\/wp-json\/wp\/v2\/media\/6795"}],"wp:attachment":[{"href":"https:\/\/agora.xtec.cat\/iesgerbert\/wp-json\/wp\/v2\/media?parent=6797"}],"wp:term":[{"taxonomy":"category","embeddable":true,"href":"https:\/\/agora.xtec.cat\/iesgerbert\/wp-json\/wp\/v2\/categories?post=6797"},{"taxonomy":"post_tag","embeddable":true,"href":"https:\/\/agora.xtec.cat\/iesgerbert\/wp-json\/wp\/v2\/tags?post=6797"}],"curies":[{"name":"wp","href":"https:\/\/api.w.org\/{rel}","templated":true}]}}