{"id":6754,"date":"2021-11-24T14:00:18","date_gmt":"2021-11-24T13:00:18","guid":{"rendered":"https:\/\/agora.xtec.cat\/iesgerbert\/?p=6754"},"modified":"2021-11-24T10:57:14","modified_gmt":"2021-11-24T09:57:14","slug":"xerrades-de-la-marato-al-gerbert","status":"publish","type":"post","link":"https:\/\/agora.xtec.cat\/iesgerbert\/general\/xerrades-de-la-marato-al-gerbert\/","title":{"rendered":"XERRADES DE LA MARAT\u00d3 AL GERBERT"},"content":{"rendered":"<p style=\"text-align: justify;\">Com cada curs el nostre institut ha col\u00b7laborat a la difusi\u00f3 de La Marat\u00f3 de TV3 entre el nostre alumnat amb una s\u00e8rie de xerrades que ha fet la Dra. Marina Lobaco a\u00a0 tots els cursos d\u2019ESO i batxillerat. El format d\u2019aquesta edici\u00f3 del 2021 encara ha estat telem\u00e0tic, per\u00f2 esperem que la futura ja sigui presencial. Tamb\u00e9 participem al concurs <i>Pintem La Marat\u00f3<\/i> des de la mat\u00e8ria d\u2019Educaci\u00f3 visual i pl\u00e0stica.<\/p>\n<p style=\"text-align: justify;\">El tema d\u2019aquesta edici\u00f3 \u00e9s la salut mental, un eix b\u00e0sic a les nostres vides i que si interfereix en elles \u00e9s quan podem parlar de trastorn. Amb aquesta campanya es pret\u00e9n contribuir a trencar certs mites i estigmes que giren al voltant d\u2019aquesta q\u00fcesti\u00f3. Ens han parlat de depressions, trastorn bipolar, trastorn per estr\u00e8s, ansietat, trastorn obsessiu compulsiu (TOC), trastorns de conducta aliment\u00e0ria i molts d\u2019altres desequilibris o alteracions de conducta.<\/p>\n<p style=\"text-align: justify;\">Poden afectar a tothom, sense difer\u00e8ncies per ra\u00f3 de sexe, edat o estudis i ocupa un percentatge important dins dels problemes de salut. Molts d\u2019aquests trastorns es comencen a fer visibles durant l\u2019adolesc\u00e8ncia i per aix\u00f2 que cal estar alerta des d\u2019\u00e0mbits com l\u2019escolar i el familiar. No ens ha de fer por acudir a un especialista, es pot tractar d\u2019un problema puntual fruit d\u2019una situaci\u00f3 o viv\u00e8ncia estressant a les nostres vides o pot ser l\u2019aflorament d\u2019algun altre tipus de trastorn mental que sempre, amb la supervisi\u00f3 d\u2019un professional, podrem afrontar amb m\u00e9s garanties d\u2019\u00e8xit.<\/p>\n<p style=\"text-align: justify;\">Esperem que amb aquestes xerrades divulgatives s\u2019ajudi a trencar aquests murs d\u2019incomprensi\u00f3 i estigmatitzaci\u00f3 moltes vegades per por i desconeixement.<\/p>\n<p><strong>Imma Pons, coordinadora pedag\u00f2gica del centre<\/strong><\/p>\n<p><a href=\"https:\/\/agora.xtec.cat\/iesgerbert\/wp-content\/uploads\/usu668\/2021\/11\/IMG_20211108_082128.jpg\"><img loading=\"lazy\" decoding=\"async\" class=\"alignnone wp-image-6776\" src=\"https:\/\/agora.xtec.cat\/iesgerbert\/wp-content\/uploads\/usu668\/2021\/11\/IMG_20211108_082128.jpg\" alt=\"\" width=\"517\" height=\"388\" srcset=\"https:\/\/agora.xtec.cat\/iesgerbert\/wp-content\/uploads\/usu668\/2021\/11\/IMG_20211108_082128.jpg 1000w, https:\/\/agora.xtec.cat\/iesgerbert\/wp-content\/uploads\/usu668\/2021\/11\/IMG_20211108_082128-300x225.jpg 300w, https:\/\/agora.xtec.cat\/iesgerbert\/wp-content\/uploads\/usu668\/2021\/11\/IMG_20211108_082128-768x576.jpg 768w, https:\/\/agora.xtec.cat\/iesgerbert\/wp-content\/uploads\/usu668\/2021\/11\/IMG_20211108_082128-200x150.jpg 200w\" sizes=\"auto, (max-width: 517px) 100vw, 517px\" \/> <\/a><a href=\"https:\/\/agora.xtec.cat\/iesgerbert\/wp-content\/uploads\/usu668\/2021\/11\/IMG_20211108_082122.jpg\"><img loading=\"lazy\" decoding=\"async\" class=\"alignnone wp-image-6775\" src=\"https:\/\/agora.xtec.cat\/iesgerbert\/wp-content\/uploads\/usu668\/2021\/11\/IMG_20211108_082122.jpg\" alt=\"\" width=\"518\" height=\"388\" srcset=\"https:\/\/agora.xtec.cat\/iesgerbert\/wp-content\/uploads\/usu668\/2021\/11\/IMG_20211108_082122.jpg 1000w, https:\/\/agora.xtec.cat\/iesgerbert\/wp-content\/uploads\/usu668\/2021\/11\/IMG_20211108_082122-300x225.jpg 300w, https:\/\/agora.xtec.cat\/iesgerbert\/wp-content\/uploads\/usu668\/2021\/11\/IMG_20211108_082122-768x576.jpg 768w, https:\/\/agora.xtec.cat\/iesgerbert\/wp-content\/uploads\/usu668\/2021\/11\/IMG_20211108_082122-200x150.jpg 200w\" sizes=\"auto, (max-width: 518px) 100vw, 518px\" \/><\/a><\/p>\n<p><a href=\"https:\/\/agora.xtec.cat\/iesgerbert\/wp-content\/uploads\/usu668\/2021\/11\/IMG_20211108_082111.jpg\"><img loading=\"lazy\" decoding=\"async\" class=\"alignnone wp-image-6774\" src=\"https:\/\/agora.xtec.cat\/iesgerbert\/wp-content\/uploads\/usu668\/2021\/11\/IMG_20211108_082111.jpg\" alt=\"\" width=\"1038\" height=\"778\" srcset=\"https:\/\/agora.xtec.cat\/iesgerbert\/wp-content\/uploads\/usu668\/2021\/11\/IMG_20211108_082111.jpg 1000w, https:\/\/agora.xtec.cat\/iesgerbert\/wp-content\/uploads\/usu668\/2021\/11\/IMG_20211108_082111-300x225.jpg 300w, https:\/\/agora.xtec.cat\/iesgerbert\/wp-content\/uploads\/usu668\/2021\/11\/IMG_20211108_082111-768x576.jpg 768w, https:\/\/agora.xtec.cat\/iesgerbert\/wp-content\/uploads\/usu668\/2021\/11\/IMG_20211108_082111-200x150.jpg 200w\" sizes=\"auto, (max-width: 1038px) 100vw, 1038px\" \/><\/a><\/p>\n","protected":false},"excerpt":{"rendered":"<p>Com cada curs el nostre institut ha col\u00b7laborat a la difusi\u00f3 de La Marat\u00f3 de TV3 entre el nostre alumnat amb una s\u00e8rie de xerrades que ha fet la Dra. Marina Lobaco a\u00a0 tots els cursos d\u2019ESO i batxillerat. El format d\u2019aquesta edici\u00f3 del 2021 encara ha estat telem\u00e0tic, per\u00f2 esperem que la futura ja sigui presencial. Tamb\u00e9 participem al concurs Pintem La Marat\u00f3 des de la mat\u00e8ria d\u2019Educaci\u00f3 visual i pl\u00e0stica.<\/p>\n","protected":false},"author":6,"featured_media":6777,"comment_status":"open","ping_status":"closed","sticky":false,"template":"","format":"standard","meta":{"_bbp_topic_count":0,"_bbp_reply_count":0,"_bbp_total_topic_count":0,"_bbp_total_reply_count":0,"_bbp_voice_count":0,"_bbp_anonymous_reply_count":0,"_bbp_topic_count_hidden":0,"_bbp_reply_count_hidden":0,"_bbp_forum_subforum_count":0,"site-sidebar-layout":"default","site-content-layout":"","ast-site-content-layout":"","site-content-style":"default","site-sidebar-style":"default","ast-global-header-display":"","ast-banner-title-visibility":"","ast-main-header-display":"","ast-hfb-above-header-display":"","ast-hfb-below-header-display":"","ast-hfb-mobile-header-display":"","site-post-title":"","ast-breadcrumbs-content":"","ast-featured-img":"","footer-sml-layout":"","theme-transparent-header-meta":"","adv-header-id-meta":"","stick-header-meta":"","header-above-stick-meta":"","header-main-stick-meta":"","header-below-stick-meta":"","astra-migrate-meta-layouts":"default","ast-page-background-enabled":"default","ast-page-background-meta":{"desktop":{"background-color":"var(--ast-global-color-4)","background-image":"","background-repeat":"repeat","background-position":"center center","background-size":"auto","background-attachment":"scroll","background-type":"","background-media":"","overlay-type":"","overlay-color":"","overlay-opacity":"","overlay-gradient":""},"tablet":{"background-color":"","background-image":"","background-repeat":"repeat","background-position":"center center","background-size":"auto","background-attachment":"scroll","background-type":"","background-media":"","overlay-type":"","overlay-color":"","overlay-opacity":"","overlay-gradient":""},"mobile":{"background-color":"","background-image":"","background-repeat":"repeat","background-position":"center center","background-size":"auto","background-attachment":"scroll","background-type":"","background-media":"","overlay-type":"","overlay-color":"","overlay-opacity":"","overlay-gradient":""}},"ast-content-background-meta":{"desktop":{"background-color":"var(--ast-global-color-5)","background-image":"","background-repeat":"repeat","background-position":"center center","background-size":"auto","background-attachment":"scroll","background-type":"","background-media":"","overlay-type":"","overlay-color":"","overlay-opacity":"","overlay-gradient":""},"tablet":{"background-color":"var(--ast-global-color-5)","background-image":"","background-repeat":"repeat","background-position":"center center","background-size":"auto","background-attachment":"scroll","background-type":"","background-media":"","overlay-type":"","overlay-color":"","overlay-opacity":"","overlay-gradient":""},"mobile":{"background-color":"var(--ast-global-color-5)","background-image":"","background-repeat":"repeat","background-position":"center center","background-size":"auto","background-attachment":"scroll","background-type":"","background-media":"","overlay-type":"","overlay-color":"","overlay-opacity":"","overlay-gradient":""}},"footnotes":""},"categories":[31,8,3,1,30,29],"tags":[],"class_list":["post-6754","post","type-post","status-publish","format-standard","has-post-thumbnail","hentry","category-afa","category-batxillerat","category-eso","category-general","category-programa-formacio-insercio","category-portada"],"post_mailing_queue_ids":[],"_links":{"self":[{"href":"https:\/\/agora.xtec.cat\/iesgerbert\/wp-json\/wp\/v2\/posts\/6754","targetHints":{"allow":["GET"]}}],"collection":[{"href":"https:\/\/agora.xtec.cat\/iesgerbert\/wp-json\/wp\/v2\/posts"}],"about":[{"href":"https:\/\/agora.xtec.cat\/iesgerbert\/wp-json\/wp\/v2\/types\/post"}],"author":[{"embeddable":true,"href":"https:\/\/agora.xtec.cat\/iesgerbert\/wp-json\/wp\/v2\/users\/6"}],"replies":[{"embeddable":true,"href":"https:\/\/agora.xtec.cat\/iesgerbert\/wp-json\/wp\/v2\/comments?post=6754"}],"version-history":[{"count":3,"href":"https:\/\/agora.xtec.cat\/iesgerbert\/wp-json\/wp\/v2\/posts\/6754\/revisions"}],"predecessor-version":[{"id":6780,"href":"https:\/\/agora.xtec.cat\/iesgerbert\/wp-json\/wp\/v2\/posts\/6754\/revisions\/6780"}],"wp:featuredmedia":[{"embeddable":true,"href":"https:\/\/agora.xtec.cat\/iesgerbert\/wp-json\/wp\/v2\/media\/6777"}],"wp:attachment":[{"href":"https:\/\/agora.xtec.cat\/iesgerbert\/wp-json\/wp\/v2\/media?parent=6754"}],"wp:term":[{"taxonomy":"category","embeddable":true,"href":"https:\/\/agora.xtec.cat\/iesgerbert\/wp-json\/wp\/v2\/categories?post=6754"},{"taxonomy":"post_tag","embeddable":true,"href":"https:\/\/agora.xtec.cat\/iesgerbert\/wp-json\/wp\/v2\/tags?post=6754"}],"curies":[{"name":"wp","href":"https:\/\/api.w.org\/{rel}","templated":true}]}}