{"id":6734,"date":"2021-11-18T10:48:19","date_gmt":"2021-11-18T09:48:19","guid":{"rendered":"https:\/\/agora.xtec.cat\/iesgerbert\/?p=6734"},"modified":"2021-11-18T10:48:19","modified_gmt":"2021-11-18T09:48:19","slug":"entrevista-a-carles-albors-el-nou-professor-de-musica","status":"publish","type":"post","link":"https:\/\/agora.xtec.cat\/iesgerbert\/general\/entrevista-a-carles-albors-el-nou-professor-de-musica\/","title":{"rendered":"ENTREVISTA A CARLES ALBORS, EL NOU PROFESSOR DE M\u00daSICA"},"content":{"rendered":"<p style=\"text-align: justify;\">El nou professor de m\u00fasica de l&#8217;institut, en Carles Albors, es presenta en aquesta entrevista i ens explica quina ha estat la seva traject\u00f2ria i quins s\u00f3n els seus projectes m\u00e9s immediats amb l&#8217;alumnat del centre. En Carles tamb\u00e9 agraeix a l&#8217;AMPA-AFA, la direcci\u00f3 del centre i el professorat el fet de poder fer possible la nova aula de m\u00fasica i tots els instruments amb els quals s&#8217;ha dotat.<\/p>\n<p style=\"text-align: justify;\"><strong>Cliqueu sobre la imatge per poder veure l&#8217;entrevista amb en Carles.<\/strong><\/p>\n<p><a href=\"https:\/\/www.youtube.com\/watch?v=a0o8IHTf-gI\"><img loading=\"lazy\" decoding=\"async\" class=\"alignnone wp-image-6735\" src=\"https:\/\/agora.xtec.cat\/iesgerbert\/wp-content\/uploads\/usu668\/2021\/11\/Carles-Albors.png\" alt=\"\" width=\"477\" height=\"297\" srcset=\"https:\/\/agora.xtec.cat\/iesgerbert\/wp-content\/uploads\/usu668\/2021\/11\/Carles-Albors.png 946w, https:\/\/agora.xtec.cat\/iesgerbert\/wp-content\/uploads\/usu668\/2021\/11\/Carles-Albors-300x186.png 300w, https:\/\/agora.xtec.cat\/iesgerbert\/wp-content\/uploads\/usu668\/2021\/11\/Carles-Albors-768x477.png 768w\" sizes=\"auto, (max-width: 477px) 100vw, 477px\" \/><\/a><\/p>\n","protected":false},"excerpt":{"rendered":"<p>El nou professor de m\u00fasica de l&#8217;institut, en Carles Albors, es presenta en aquesta entrevista i ens explica quina ha estat la seva traject\u00f2ria i quins s\u00f3n els seus projectes m\u00e9s immediats amb l&#8217;alumnat del centre. En Carles tamb\u00e9 agraeix a l&#8217;AMPA-AFA, la direcci\u00f3 del centre i el professorat el fet de poder fer possible la nova aula de m\u00fasica i tots els instruments amb els quals s&#8217;ha dotat. Cliqueu sobre la imatge per poder veure l&#8217;entrevista amb en Carles.\u00a0<\/p>\n","protected":false},"author":6,"featured_media":6735,"comment_status":"open","ping_status":"closed","sticky":false,"template":"","format":"standard","meta":{"_bbp_topic_count":0,"_bbp_reply_count":0,"_bbp_total_topic_count":0,"_bbp_total_reply_count":0,"_bbp_voice_count":0,"_bbp_anonymous_reply_count":0,"_bbp_topic_count_hidden":0,"_bbp_reply_count_hidden":0,"_bbp_forum_subforum_count":0,"site-sidebar-layout":"default","site-content-layout":"","ast-site-content-layout":"","site-content-style":"default","site-sidebar-style":"default","ast-global-header-display":"","ast-banner-title-visibility":"","ast-main-header-display":"","ast-hfb-above-header-display":"","ast-hfb-below-header-display":"","ast-hfb-mobile-header-display":"","site-post-title":"","ast-breadcrumbs-content":"","ast-featured-img":"","footer-sml-layout":"","theme-transparent-header-meta":"","adv-header-id-meta":"","stick-header-meta":"","header-above-stick-meta":"","header-main-stick-meta":"","header-below-stick-meta":"","astra-migrate-meta-layouts":"default","ast-page-background-enabled":"default","ast-page-background-meta":{"desktop":{"background-color":"var(--ast-global-color-4)","background-image":"","background-repeat":"repeat","background-position":"center center","background-size":"auto","background-attachment":"scroll","background-type":"","background-media":"","overlay-type":"","overlay-color":"","overlay-opacity":"","overlay-gradient":""},"tablet":{"background-color":"","background-image":"","background-repeat":"repeat","background-position":"center center","background-size":"auto","background-attachment":"scroll","background-type":"","background-media":"","overlay-type":"","overlay-color":"","overlay-opacity":"","overlay-gradient":""},"mobile":{"background-color":"","background-image":"","background-repeat":"repeat","background-position":"center center","background-size":"auto","background-attachment":"scroll","background-type":"","background-media":"","overlay-type":"","overlay-color":"","overlay-opacity":"","overlay-gradient":""}},"ast-content-background-meta":{"desktop":{"background-color":"var(--ast-global-color-5)","background-image":"","background-repeat":"repeat","background-position":"center center","background-size":"auto","background-attachment":"scroll","background-type":"","background-media":"","overlay-type":"","overlay-color":"","overlay-opacity":"","overlay-gradient":""},"tablet":{"background-color":"var(--ast-global-color-5)","background-image":"","background-repeat":"repeat","background-position":"center center","background-size":"auto","background-attachment":"scroll","background-type":"","background-media":"","overlay-type":"","overlay-color":"","overlay-opacity":"","overlay-gradient":""},"mobile":{"background-color":"var(--ast-global-color-5)","background-image":"","background-repeat":"repeat","background-position":"center center","background-size":"auto","background-attachment":"scroll","background-type":"","background-media":"","overlay-type":"","overlay-color":"","overlay-opacity":"","overlay-gradient":""}},"footnotes":""},"categories":[31,8,3,1,30,29],"tags":[],"class_list":["post-6734","post","type-post","status-publish","format-standard","has-post-thumbnail","hentry","category-afa","category-batxillerat","category-eso","category-general","category-programa-formacio-insercio","category-portada"],"post_mailing_queue_ids":[],"_links":{"self":[{"href":"https:\/\/agora.xtec.cat\/iesgerbert\/wp-json\/wp\/v2\/posts\/6734","targetHints":{"allow":["GET"]}}],"collection":[{"href":"https:\/\/agora.xtec.cat\/iesgerbert\/wp-json\/wp\/v2\/posts"}],"about":[{"href":"https:\/\/agora.xtec.cat\/iesgerbert\/wp-json\/wp\/v2\/types\/post"}],"author":[{"embeddable":true,"href":"https:\/\/agora.xtec.cat\/iesgerbert\/wp-json\/wp\/v2\/users\/6"}],"replies":[{"embeddable":true,"href":"https:\/\/agora.xtec.cat\/iesgerbert\/wp-json\/wp\/v2\/comments?post=6734"}],"version-history":[{"count":3,"href":"https:\/\/agora.xtec.cat\/iesgerbert\/wp-json\/wp\/v2\/posts\/6734\/revisions"}],"predecessor-version":[{"id":6745,"href":"https:\/\/agora.xtec.cat\/iesgerbert\/wp-json\/wp\/v2\/posts\/6734\/revisions\/6745"}],"wp:featuredmedia":[{"embeddable":true,"href":"https:\/\/agora.xtec.cat\/iesgerbert\/wp-json\/wp\/v2\/media\/6735"}],"wp:attachment":[{"href":"https:\/\/agora.xtec.cat\/iesgerbert\/wp-json\/wp\/v2\/media?parent=6734"}],"wp:term":[{"taxonomy":"category","embeddable":true,"href":"https:\/\/agora.xtec.cat\/iesgerbert\/wp-json\/wp\/v2\/categories?post=6734"},{"taxonomy":"post_tag","embeddable":true,"href":"https:\/\/agora.xtec.cat\/iesgerbert\/wp-json\/wp\/v2\/tags?post=6734"}],"curies":[{"name":"wp","href":"https:\/\/api.w.org\/{rel}","templated":true}]}}