{"id":6696,"date":"2021-11-11T14:15:02","date_gmt":"2021-11-11T13:15:02","guid":{"rendered":"https:\/\/agora.xtec.cat\/iesgerbert\/?p=6696"},"modified":"2021-11-11T14:03:01","modified_gmt":"2021-11-11T13:03:01","slug":"visita-de-lalumnat-de-2n-de-batxibac-al-sud-de-franca","status":"publish","type":"post","link":"https:\/\/agora.xtec.cat\/iesgerbert\/general\/visita-de-lalumnat-de-2n-de-batxibac-al-sud-de-franca\/","title":{"rendered":"VISITA DE L&#8217;ALUMNAT DE 2n DE BATXIBAC AL SUD DE FRAN\u00c7A"},"content":{"rendered":"<p style=\"text-align: justify;\">Els de 2n de Batxibac vam visitar el sud de Fran\u00e7a entre els dies 26 i 29 d\u2019octubre. Vam iniciar el viatge a Moll\u00f3 (Girona). Des d\u2019all\u00e0 vam reprendre un dels camins que els republicans van seguir a peu \u2012i en dures condicions\u2012 per creuar la frontera hispanofrancesa. Vam triar la ruta que travessa el coll d\u2019Ares fins a Prats de Moll\u00f3. \u00c9s una ruta for\u00e7a f\u00e0cil de 14 km, tot i que amb un inici una mica costerut. El temps ens va acompanyar i vam fer unes quantes parades per recuperar forces. Quan vam arribar a Prats de Moll\u00f3, ens esperava l\u2019autob\u00fas que ens va portar fins a l\u2019alberg Pau Casals de Prada de Conflent. L\u2019endem\u00e0, vam comen\u00e7ar el dia visitant el centre hist\u00f2ric de Prada i el museu Pau Casals. A continuaci\u00f3, vam visitar les coves de Canalettes i vam dinar a la ciutat medieval de Vilafranca de Conflent. Com que les dues nits seg\u00fcents les vam passar a Port-vendres, de cam\u00ed vam parar a Perpiny\u00e0 i hi vam visitar el Castillet. Des de la torre d\u2019aquest castell, ten\u00edem unes vistes privilegiades a la ciutat i al Palau dels reis de Mallorca. Reprenent el fil conductor del viatge, l\u2019exili republic\u00e0 a Fran\u00e7a, l\u2019endem\u00e0 vam visitar antics camps d\u2019internament dels republicans com la platja d\u2019Argel\u00e8s i el Memorial de Ribesaltes. Vam aprofitar que \u00e9rem a prop de Cotlliure per visitar la ciutat i el castell on tamb\u00e9 van internar alguns republicans exiliats. El viatge es va acabar a la Maternitat d\u2019Elna, des d\u2019on es va impulsar l\u2019assist\u00e8ncia a mares embarassades dels camps de concentraci\u00f3 de Ribesaltes i d\u2019Argel\u00e8s entre el 1939 i el 1944.<\/p>\n<p style=\"text-align: justify;\">En definitiva, ha estat un viatge enriquidor que ens ha perm\u00e8s viatjar a trav\u00e9s del temps i, sobretot, utilitzar el franc\u00e8s en diferents contextos per parlar, esbargir-nos i tornar al passat&#8230; perqu\u00e8 no hi ha hist\u00f2ria sense mem\u00f2ria.<\/p>\n<p style=\"text-align: justify;\"><strong>M\u00f2nica Tarr\u00e9s, professora de Batxibac<\/strong><\/p>\n<p style=\"text-align: justify;\">Les Terminales visitent le sud de la France (26-29 octobre 2021). Notre voyage commence \u00e0 Moll\u00f3 (Girona). Nous avons repris l\u2019un des chemins que les r\u00e9publicains suivaient \u00e0 l\u2019\u00e9poque pour traverser \u00e0 pied \u2012et dans des conditions difficiles\u2012 la fronti\u00e8re hispano- fran\u00e7aise. Nous choisissons la route qui traverse le col d\u2019Ares jusqu\u2019\u00e0 Prats-de-Mollo-la-Preste, un parcours assez facile de 14 km, bien qu\u2019avec un d\u00e9part l\u00e9g\u00e8rement raide. Le temps est de notre c\u00f4t\u00e9 et nous d\u00e9cidons de faire plusieurs arr\u00eats pour reprendre des forces. Une fois arriv\u00e9s \u00e0 Prats-de-Mollo-la-Preste, le bus nous d\u00e9pose \u00e0 l\u2019auberge Pau Casals de Prades de Conflent. Le lendemain, nous commen\u00e7ons notre journ\u00e9e en visitant le centre historique de Prades et le mus\u00e9e Pau Casals. Ensuite, nous visitons les grottes des Canalettes et la cit\u00e9 m\u00e9di\u00e9vale de Villefranche de Conflent. Vu que nous passions les deux prochaines nuits \u00e0 Port-Vendres, en chemin nous nous arr\u00eatons \u00e0 Perpignan et nous visitons le Castillet. De la tour du ch\u00e2teau, nous apercevons une vie privil\u00e9gi\u00e9e sur la ville et sur le Palais des Rois de Majorque. Reprenant le fil du voyage, l\u2019exil r\u00e9publicain espagnol en France, nous nous rendons le lendemain \u00e0 d\u2019anciens camps d\u2019internement des r\u00e9publicains (plage d\u2019Arg\u00e8les-sur-Mer et le m\u00e9morial de Rivesaltes). Nous profitons de la proximit\u00e9 de Collioure pour visiter cette magnifique ville et le ch\u00e2teau o\u00f9 furent \u00e9galement intern\u00e9s des exili\u00e9s. Le voyage se termine \u00e0 la Maternit\u00e9 d\u2019Elne, une grande demeure transform\u00e9e en maternit\u00e9 des camps de concentration de Rivesaltes et Argel\u00e8s-sur-Mer entre 1939 et 1944.<\/p>\n<p style=\"text-align: justify;\">Bref, un voyage enrichissant qui nous a permis de voyager dans le temps et surtout d\u2019utiliser la langue fran\u00e7aise dans diff\u00e9rents contextes pour s\u2019exprimer, profiter et se souvenir&#8230; car il n\u2019y a pas d\u2019histoire sans souvenir.<\/p>\n<p style=\"text-align: justify;\"><strong>M\u00f2nica Tarr\u00e9s, professeure de Bachibac<\/strong><\/p>\n<p><a href=\"https:\/\/agora.xtec.cat\/iesgerbert\/wp-content\/uploads\/usu668\/2021\/11\/image3.jpeg\"><img loading=\"lazy\" decoding=\"async\" class=\"alignnone wp-image-6695\" src=\"https:\/\/agora.xtec.cat\/iesgerbert\/wp-content\/uploads\/usu668\/2021\/11\/image3.jpeg\" alt=\"\" width=\"418\" height=\"313\" srcset=\"https:\/\/agora.xtec.cat\/iesgerbert\/wp-content\/uploads\/usu668\/2021\/11\/image3.jpeg 1008w, https:\/\/agora.xtec.cat\/iesgerbert\/wp-content\/uploads\/usu668\/2021\/11\/image3-300x225.jpeg 300w, https:\/\/agora.xtec.cat\/iesgerbert\/wp-content\/uploads\/usu668\/2021\/11\/image3-768x576.jpeg 768w, https:\/\/agora.xtec.cat\/iesgerbert\/wp-content\/uploads\/usu668\/2021\/11\/image3-200x150.jpeg 200w\" sizes=\"auto, (max-width: 418px) 100vw, 418px\" \/> <\/a><a href=\"https:\/\/agora.xtec.cat\/iesgerbert\/wp-content\/uploads\/usu668\/2021\/11\/image0.jpeg\"><img loading=\"lazy\" decoding=\"async\" class=\"alignnone wp-image-6692\" src=\"https:\/\/agora.xtec.cat\/iesgerbert\/wp-content\/uploads\/usu668\/2021\/11\/image0.jpeg\" alt=\"\" width=\"418\" height=\"313\" srcset=\"https:\/\/agora.xtec.cat\/iesgerbert\/wp-content\/uploads\/usu668\/2021\/11\/image0.jpeg 1008w, https:\/\/agora.xtec.cat\/iesgerbert\/wp-content\/uploads\/usu668\/2021\/11\/image0-300x225.jpeg 300w, https:\/\/agora.xtec.cat\/iesgerbert\/wp-content\/uploads\/usu668\/2021\/11\/image0-768x576.jpeg 768w, https:\/\/agora.xtec.cat\/iesgerbert\/wp-content\/uploads\/usu668\/2021\/11\/image0-200x150.jpeg 200w\" sizes=\"auto, (max-width: 418px) 100vw, 418px\" \/><\/a><\/p>\n<p><a href=\"https:\/\/agora.xtec.cat\/iesgerbert\/wp-content\/uploads\/usu668\/2021\/11\/image1.jpeg\"><img loading=\"lazy\" decoding=\"async\" class=\"alignnone wp-image-6693\" src=\"https:\/\/agora.xtec.cat\/iesgerbert\/wp-content\/uploads\/usu668\/2021\/11\/image1.jpeg\" alt=\"\" width=\"418\" height=\"314\" srcset=\"https:\/\/agora.xtec.cat\/iesgerbert\/wp-content\/uploads\/usu668\/2021\/11\/image1.jpeg 1008w, https:\/\/agora.xtec.cat\/iesgerbert\/wp-content\/uploads\/usu668\/2021\/11\/image1-300x225.jpeg 300w, https:\/\/agora.xtec.cat\/iesgerbert\/wp-content\/uploads\/usu668\/2021\/11\/image1-768x576.jpeg 768w, https:\/\/agora.xtec.cat\/iesgerbert\/wp-content\/uploads\/usu668\/2021\/11\/image1-200x150.jpeg 200w\" sizes=\"auto, (max-width: 418px) 100vw, 418px\" \/> <\/a><a href=\"https:\/\/agora.xtec.cat\/iesgerbert\/wp-content\/uploads\/usu668\/2021\/11\/image2.jpeg\"><img loading=\"lazy\" decoding=\"async\" class=\"alignnone wp-image-6694\" src=\"https:\/\/agora.xtec.cat\/iesgerbert\/wp-content\/uploads\/usu668\/2021\/11\/image2.jpeg\" alt=\"\" width=\"418\" height=\"314\" srcset=\"https:\/\/agora.xtec.cat\/iesgerbert\/wp-content\/uploads\/usu668\/2021\/11\/image2.jpeg 1008w, https:\/\/agora.xtec.cat\/iesgerbert\/wp-content\/uploads\/usu668\/2021\/11\/image2-300x225.jpeg 300w, https:\/\/agora.xtec.cat\/iesgerbert\/wp-content\/uploads\/usu668\/2021\/11\/image2-768x576.jpeg 768w, https:\/\/agora.xtec.cat\/iesgerbert\/wp-content\/uploads\/usu668\/2021\/11\/image2-200x150.jpeg 200w\" sizes=\"auto, (max-width: 418px) 100vw, 418px\" \/><\/a><\/p>\n","protected":false},"excerpt":{"rendered":"<p>Els de 2n de Batxibac vam visitar el sud de Fran\u00e7a entre els dies 26 i 29 d\u2019octubre. Vam iniciar el viatge a Moll\u00f3 (Girona). Des d\u2019all\u00e0 vam reprendre un dels camins que els republicans van seguir a peu \u2012i en dures condicions\u2012 per creuar la frontera hispanofrancesa. Vam triar la ruta que travessa el coll d\u2019Ares fins a Prats de Moll\u00f3.<\/p>\n","protected":false},"author":6,"featured_media":6692,"comment_status":"open","ping_status":"closed","sticky":false,"template":"","format":"standard","meta":{"_bbp_topic_count":0,"_bbp_reply_count":0,"_bbp_total_topic_count":0,"_bbp_total_reply_count":0,"_bbp_voice_count":0,"_bbp_anonymous_reply_count":0,"_bbp_topic_count_hidden":0,"_bbp_reply_count_hidden":0,"_bbp_forum_subforum_count":0,"site-sidebar-layout":"default","site-content-layout":"","ast-site-content-layout":"","site-content-style":"default","site-sidebar-style":"default","ast-global-header-display":"","ast-banner-title-visibility":"","ast-main-header-display":"","ast-hfb-above-header-display":"","ast-hfb-below-header-display":"","ast-hfb-mobile-header-display":"","site-post-title":"","ast-breadcrumbs-content":"","ast-featured-img":"","footer-sml-layout":"","theme-transparent-header-meta":"","adv-header-id-meta":"","stick-header-meta":"","header-above-stick-meta":"","header-main-stick-meta":"","header-below-stick-meta":"","astra-migrate-meta-layouts":"default","ast-page-background-enabled":"default","ast-page-background-meta":{"desktop":{"background-color":"var(--ast-global-color-4)","background-image":"","background-repeat":"repeat","background-position":"center center","background-size":"auto","background-attachment":"scroll","background-type":"","background-media":"","overlay-type":"","overlay-color":"","overlay-opacity":"","overlay-gradient":""},"tablet":{"background-color":"","background-image":"","background-repeat":"repeat","background-position":"center center","background-size":"auto","background-attachment":"scroll","background-type":"","background-media":"","overlay-type":"","overlay-color":"","overlay-opacity":"","overlay-gradient":""},"mobile":{"background-color":"","background-image":"","background-repeat":"repeat","background-position":"center center","background-size":"auto","background-attachment":"scroll","background-type":"","background-media":"","overlay-type":"","overlay-color":"","overlay-opacity":"","overlay-gradient":""}},"ast-content-background-meta":{"desktop":{"background-color":"var(--ast-global-color-5)","background-image":"","background-repeat":"repeat","background-position":"center center","background-size":"auto","background-attachment":"scroll","background-type":"","background-media":"","overlay-type":"","overlay-color":"","overlay-opacity":"","overlay-gradient":""},"tablet":{"background-color":"var(--ast-global-color-5)","background-image":"","background-repeat":"repeat","background-position":"center center","background-size":"auto","background-attachment":"scroll","background-type":"","background-media":"","overlay-type":"","overlay-color":"","overlay-opacity":"","overlay-gradient":""},"mobile":{"background-color":"var(--ast-global-color-5)","background-image":"","background-repeat":"repeat","background-position":"center center","background-size":"auto","background-attachment":"scroll","background-type":"","background-media":"","overlay-type":"","overlay-color":"","overlay-opacity":"","overlay-gradient":""}},"footnotes":""},"categories":[31,99,1,29],"tags":[],"class_list":["post-6696","post","type-post","status-publish","format-standard","has-post-thumbnail","hentry","category-afa","category-batxibac","category-general","category-portada"],"post_mailing_queue_ids":[],"_links":{"self":[{"href":"https:\/\/agora.xtec.cat\/iesgerbert\/wp-json\/wp\/v2\/posts\/6696","targetHints":{"allow":["GET"]}}],"collection":[{"href":"https:\/\/agora.xtec.cat\/iesgerbert\/wp-json\/wp\/v2\/posts"}],"about":[{"href":"https:\/\/agora.xtec.cat\/iesgerbert\/wp-json\/wp\/v2\/types\/post"}],"author":[{"embeddable":true,"href":"https:\/\/agora.xtec.cat\/iesgerbert\/wp-json\/wp\/v2\/users\/6"}],"replies":[{"embeddable":true,"href":"https:\/\/agora.xtec.cat\/iesgerbert\/wp-json\/wp\/v2\/comments?post=6696"}],"version-history":[{"count":3,"href":"https:\/\/agora.xtec.cat\/iesgerbert\/wp-json\/wp\/v2\/posts\/6696\/revisions"}],"predecessor-version":[{"id":6699,"href":"https:\/\/agora.xtec.cat\/iesgerbert\/wp-json\/wp\/v2\/posts\/6696\/revisions\/6699"}],"wp:featuredmedia":[{"embeddable":true,"href":"https:\/\/agora.xtec.cat\/iesgerbert\/wp-json\/wp\/v2\/media\/6692"}],"wp:attachment":[{"href":"https:\/\/agora.xtec.cat\/iesgerbert\/wp-json\/wp\/v2\/media?parent=6696"}],"wp:term":[{"taxonomy":"category","embeddable":true,"href":"https:\/\/agora.xtec.cat\/iesgerbert\/wp-json\/wp\/v2\/categories?post=6696"},{"taxonomy":"post_tag","embeddable":true,"href":"https:\/\/agora.xtec.cat\/iesgerbert\/wp-json\/wp\/v2\/tags?post=6696"}],"curies":[{"name":"wp","href":"https:\/\/api.w.org\/{rel}","templated":true}]}}