{"id":6523,"date":"2021-10-27T14:55:12","date_gmt":"2021-10-27T12:55:12","guid":{"rendered":"https:\/\/agora.xtec.cat\/iesgerbert\/?p=6523"},"modified":"2021-10-27T14:55:12","modified_gmt":"2021-10-27T12:55:12","slug":"lalumnat-de-2n-del-cfgs-participa-en-una-roda-de-premsa","status":"publish","type":"post","link":"https:\/\/agora.xtec.cat\/iesgerbert\/general\/lalumnat-de-2n-del-cfgs-participa-en-una-roda-de-premsa\/","title":{"rendered":"L&#8217;ALUMNAT DE 2n DEL CFGS PARTICIPA EN UNA RODA DE PREMSA"},"content":{"rendered":"<p><a href=\"https:\/\/agora.xtec.cat\/iesgerbert\/wp-content\/uploads\/usu668\/2021\/10\/IMG20211026130605-1.jpg\"><img loading=\"lazy\" decoding=\"async\" class=\"alignnone wp-image-6522\" src=\"https:\/\/agora.xtec.cat\/iesgerbert\/wp-content\/uploads\/usu668\/2021\/10\/IMG20211026130605-1.jpg\" alt=\"\" width=\"356\" height=\"347\" srcset=\"https:\/\/agora.xtec.cat\/iesgerbert\/wp-content\/uploads\/usu668\/2021\/10\/IMG20211026130605-1.jpg 740w, https:\/\/agora.xtec.cat\/iesgerbert\/wp-content\/uploads\/usu668\/2021\/10\/IMG20211026130605-1-300x292.jpg 300w\" sizes=\"auto, (max-width: 356px) 100vw, 356px\" \/> <\/a><a href=\"https:\/\/agora.xtec.cat\/iesgerbert\/wp-content\/uploads\/usu668\/2021\/10\/IMG20211026133821.jpg\"><img loading=\"lazy\" decoding=\"async\" class=\"alignnone wp-image-6524\" src=\"https:\/\/agora.xtec.cat\/iesgerbert\/wp-content\/uploads\/usu668\/2021\/10\/IMG20211026133821.jpg\" alt=\"\" width=\"348\" height=\"348\" srcset=\"https:\/\/agora.xtec.cat\/iesgerbert\/wp-content\/uploads\/usu668\/2021\/10\/IMG20211026133821.jpg 750w, https:\/\/agora.xtec.cat\/iesgerbert\/wp-content\/uploads\/usu668\/2021\/10\/IMG20211026133821-300x300.jpg 300w, https:\/\/agora.xtec.cat\/iesgerbert\/wp-content\/uploads\/usu668\/2021\/10\/IMG20211026133821-150x150.jpg 150w\" sizes=\"auto, (max-width: 348px) 100vw, 348px\" \/><\/a><\/p>\n<p><a href=\"https:\/\/agora.xtec.cat\/iesgerbert\/wp-content\/uploads\/usu668\/2021\/10\/IMG20211026130614.jpg\"><img loading=\"lazy\" decoding=\"async\" class=\"alignnone wp-image-6521\" src=\"https:\/\/agora.xtec.cat\/iesgerbert\/wp-content\/uploads\/usu668\/2021\/10\/IMG20211026130614.jpg\" alt=\"\" width=\"355\" height=\"355\" srcset=\"https:\/\/agora.xtec.cat\/iesgerbert\/wp-content\/uploads\/usu668\/2021\/10\/IMG20211026130614.jpg 750w, https:\/\/agora.xtec.cat\/iesgerbert\/wp-content\/uploads\/usu668\/2021\/10\/IMG20211026130614-300x300.jpg 300w, https:\/\/agora.xtec.cat\/iesgerbert\/wp-content\/uploads\/usu668\/2021\/10\/IMG20211026130614-150x150.jpg 150w\" sizes=\"auto, (max-width: 355px) 100vw, 355px\" \/> <\/a><a href=\"https:\/\/agora.xtec.cat\/iesgerbert\/wp-content\/uploads\/usu668\/2021\/10\/IMG20211026130525.jpg\"><img loading=\"lazy\" decoding=\"async\" class=\"alignnone wp-image-6518\" src=\"https:\/\/agora.xtec.cat\/iesgerbert\/wp-content\/uploads\/usu668\/2021\/10\/IMG20211026130525.jpg\" alt=\"\" width=\"355\" height=\"355\" srcset=\"https:\/\/agora.xtec.cat\/iesgerbert\/wp-content\/uploads\/usu668\/2021\/10\/IMG20211026130525.jpg 750w, https:\/\/agora.xtec.cat\/iesgerbert\/wp-content\/uploads\/usu668\/2021\/10\/IMG20211026130525-300x300.jpg 300w, https:\/\/agora.xtec.cat\/iesgerbert\/wp-content\/uploads\/usu668\/2021\/10\/IMG20211026130525-150x150.jpg 150w\" sizes=\"auto, (max-width: 355px) 100vw, 355px\" \/><\/a><\/p>\n<p><a href=\"https:\/\/agora.xtec.cat\/iesgerbert\/wp-content\/uploads\/usu668\/2021\/10\/IMG20211026130542.jpg\"><img loading=\"lazy\" decoding=\"async\" class=\"alignnone wp-image-6519\" src=\"https:\/\/agora.xtec.cat\/iesgerbert\/wp-content\/uploads\/usu668\/2021\/10\/IMG20211026130542.jpg\" alt=\"\" width=\"358\" height=\"358\" srcset=\"https:\/\/agora.xtec.cat\/iesgerbert\/wp-content\/uploads\/usu668\/2021\/10\/IMG20211026130542.jpg 750w, https:\/\/agora.xtec.cat\/iesgerbert\/wp-content\/uploads\/usu668\/2021\/10\/IMG20211026130542-300x300.jpg 300w, https:\/\/agora.xtec.cat\/iesgerbert\/wp-content\/uploads\/usu668\/2021\/10\/IMG20211026130542-150x150.jpg 150w\" sizes=\"auto, (max-width: 358px) 100vw, 358px\" \/> <\/a><a href=\"https:\/\/agora.xtec.cat\/iesgerbert\/wp-content\/uploads\/usu668\/2021\/10\/FOTOGRAFIA-PRESENTACIO-AGULLA.jpeg\"><img loading=\"lazy\" decoding=\"async\" class=\"alignnone wp-image-6517\" src=\"https:\/\/agora.xtec.cat\/iesgerbert\/wp-content\/uploads\/usu668\/2021\/10\/FOTOGRAFIA-PRESENTACIO-AGULLA.jpeg\" alt=\"\" width=\"353\" height=\"265\" srcset=\"https:\/\/agora.xtec.cat\/iesgerbert\/wp-content\/uploads\/usu668\/2021\/10\/FOTOGRAFIA-PRESENTACIO-AGULLA.jpeg 1024w, https:\/\/agora.xtec.cat\/iesgerbert\/wp-content\/uploads\/usu668\/2021\/10\/FOTOGRAFIA-PRESENTACIO-AGULLA-300x225.jpeg 300w, https:\/\/agora.xtec.cat\/iesgerbert\/wp-content\/uploads\/usu668\/2021\/10\/FOTOGRAFIA-PRESENTACIO-AGULLA-768x576.jpeg 768w, https:\/\/agora.xtec.cat\/iesgerbert\/wp-content\/uploads\/usu668\/2021\/10\/FOTOGRAFIA-PRESENTACIO-AGULLA-200x150.jpeg 200w\" sizes=\"auto, (max-width: 353px) 100vw, 353px\" \/><\/a><\/p>\n<p style=\"font-weight: 400; text-align: justify;\">Ahir al migdia es va presentar el proc\u00e9s participatiu previ a la redacci\u00f3 del nou Pla director del Parc de l\u2019Agulla, que ha de servir per recollir les necessitats del territori en aquest \u00e0mbit. L&#8217;alumnat de 2n del CFGS de M\u00e0rqueting i Publicitat del nostre institut va assistir a aquesta roda de premsa en el marc de la mat\u00e8ria de Mitjans de Comunicaci\u00f3 que cursen enguany. A la roda de premsa hi van participar l&#8217;alcalde de Manresa, Marc Aloy, l&#8217;alcaldessa de Sant Fruit\u00f3s de Bages, \u00c0dria Mazcu\u00f1an, el director general d&#8217;Ordenaci\u00f3 del Territori i Urbanisme de la Generalitat, Agust\u00ed Serra, i un representant de la cooperativa Estel, l&#8217;empresa dinamitzadora del proc\u00e9s. Volem donar les gr\u00e0cies a la Marina Rojo, T\u00e8cnica de Comunicaci\u00f3 i Participaci\u00f3 Ciutadana de l&#8217;Ajuntament de Sant Fruit\u00f3s, per haver-nos gestionat la participaci\u00f3 en aquesta roda de premsa.<\/p>\n<p><strong>Elena Hern\u00e1ndez, coordinadora del CFGS de M\u00e0rqueting i Publicitat<\/strong><\/p>\n<p style=\"font-weight: 400;\">\n","protected":false},"excerpt":{"rendered":"<p>Ahir al migdia es va presentar el proc\u00e9s participatiu previ a la redacci\u00f3 del nou Pla director del Parc de l\u2019Agulla, que ha de servir per recollir les necessitats del territori en aquest \u00e0mbit. L&#8217;alumnat de 2n del CFGS de M\u00e0rqueting i Publicitat del nostre institut va assistir a aquesta roda de premsa en el marc de la mat\u00e8ria de Mitjans de Comunicaci\u00f3 que cursen enguany.<\/p>\n","protected":false},"author":6,"featured_media":6519,"comment_status":"open","ping_status":"closed","sticky":false,"template":"","format":"standard","meta":{"_bbp_topic_count":0,"_bbp_reply_count":0,"_bbp_total_topic_count":0,"_bbp_total_reply_count":0,"_bbp_voice_count":0,"_bbp_anonymous_reply_count":0,"_bbp_topic_count_hidden":0,"_bbp_reply_count_hidden":0,"_bbp_forum_subforum_count":0,"site-sidebar-layout":"default","site-content-layout":"","ast-site-content-layout":"","site-content-style":"default","site-sidebar-style":"default","ast-global-header-display":"","ast-banner-title-visibility":"","ast-main-header-display":"","ast-hfb-above-header-display":"","ast-hfb-below-header-display":"","ast-hfb-mobile-header-display":"","site-post-title":"","ast-breadcrumbs-content":"","ast-featured-img":"","footer-sml-layout":"","theme-transparent-header-meta":"","adv-header-id-meta":"","stick-header-meta":"","header-above-stick-meta":"","header-main-stick-meta":"","header-below-stick-meta":"","astra-migrate-meta-layouts":"default","ast-page-background-enabled":"default","ast-page-background-meta":{"desktop":{"background-color":"var(--ast-global-color-4)","background-image":"","background-repeat":"repeat","background-position":"center center","background-size":"auto","background-attachment":"scroll","background-type":"","background-media":"","overlay-type":"","overlay-color":"","overlay-opacity":"","overlay-gradient":""},"tablet":{"background-color":"","background-image":"","background-repeat":"repeat","background-position":"center center","background-size":"auto","background-attachment":"scroll","background-type":"","background-media":"","overlay-type":"","overlay-color":"","overlay-opacity":"","overlay-gradient":""},"mobile":{"background-color":"","background-image":"","background-repeat":"repeat","background-position":"center center","background-size":"auto","background-attachment":"scroll","background-type":"","background-media":"","overlay-type":"","overlay-color":"","overlay-opacity":"","overlay-gradient":""}},"ast-content-background-meta":{"desktop":{"background-color":"var(--ast-global-color-5)","background-image":"","background-repeat":"repeat","background-position":"center center","background-size":"auto","background-attachment":"scroll","background-type":"","background-media":"","overlay-type":"","overlay-color":"","overlay-opacity":"","overlay-gradient":""},"tablet":{"background-color":"var(--ast-global-color-5)","background-image":"","background-repeat":"repeat","background-position":"center center","background-size":"auto","background-attachment":"scroll","background-type":"","background-media":"","overlay-type":"","overlay-color":"","overlay-opacity":"","overlay-gradient":""},"mobile":{"background-color":"var(--ast-global-color-5)","background-image":"","background-repeat":"repeat","background-position":"center center","background-size":"auto","background-attachment":"scroll","background-type":"","background-media":"","overlay-type":"","overlay-color":"","overlay-opacity":"","overlay-gradient":""}},"footnotes":""},"categories":[1],"tags":[],"class_list":["post-6523","post","type-post","status-publish","format-standard","has-post-thumbnail","hentry","category-general"],"post_mailing_queue_ids":[],"_links":{"self":[{"href":"https:\/\/agora.xtec.cat\/iesgerbert\/wp-json\/wp\/v2\/posts\/6523","targetHints":{"allow":["GET"]}}],"collection":[{"href":"https:\/\/agora.xtec.cat\/iesgerbert\/wp-json\/wp\/v2\/posts"}],"about":[{"href":"https:\/\/agora.xtec.cat\/iesgerbert\/wp-json\/wp\/v2\/types\/post"}],"author":[{"embeddable":true,"href":"https:\/\/agora.xtec.cat\/iesgerbert\/wp-json\/wp\/v2\/users\/6"}],"replies":[{"embeddable":true,"href":"https:\/\/agora.xtec.cat\/iesgerbert\/wp-json\/wp\/v2\/comments?post=6523"}],"version-history":[{"count":1,"href":"https:\/\/agora.xtec.cat\/iesgerbert\/wp-json\/wp\/v2\/posts\/6523\/revisions"}],"predecessor-version":[{"id":6525,"href":"https:\/\/agora.xtec.cat\/iesgerbert\/wp-json\/wp\/v2\/posts\/6523\/revisions\/6525"}],"wp:featuredmedia":[{"embeddable":true,"href":"https:\/\/agora.xtec.cat\/iesgerbert\/wp-json\/wp\/v2\/media\/6519"}],"wp:attachment":[{"href":"https:\/\/agora.xtec.cat\/iesgerbert\/wp-json\/wp\/v2\/media?parent=6523"}],"wp:term":[{"taxonomy":"category","embeddable":true,"href":"https:\/\/agora.xtec.cat\/iesgerbert\/wp-json\/wp\/v2\/categories?post=6523"},{"taxonomy":"post_tag","embeddable":true,"href":"https:\/\/agora.xtec.cat\/iesgerbert\/wp-json\/wp\/v2\/tags?post=6523"}],"curies":[{"name":"wp","href":"https:\/\/api.w.org\/{rel}","templated":true}]}}